{"id":775,"date":"2019-07-28T23:01:33","date_gmt":"2019-07-28T23:01:33","guid":{"rendered":"https:\/\/blogs.correiobraziliense.com.br\/primeirainfancia\/?p=775"},"modified":"2019-07-28T23:27:38","modified_gmt":"2019-07-28T23:27:38","slug":"df-passa-a-contar-com-novas-creches-publicas-que-atenderam-787-criancas-de-0-a-3-anos","status":"publish","type":"post","link":"https:\/\/blogs.correiobraziliense.com.br\/primeirainfancia\/2019\/07\/28\/df-passa-a-contar-com-novas-creches-publicas-que-atenderam-787-criancas-de-0-a-3-anos\/","title":{"rendered":"Novas creches p\u00fablicas do DF atender\u00e3o 787 crian\u00e7as de 0 a 3 anos"},"content":{"rendered":"<p>A volta \u00e0s aulas da rede p\u00fablica, nesta segunda-feira (29), \u00e9 marcada pela inaugura\u00e7\u00e3o de novas creches. A Secretaria de Educa\u00e7\u00e3o (SEE-DF) abriu 787 vagas para crian\u00e7as de 0 a 3 anos nas regionais de ensino de Samambaia, S\u00e3o Sebasti\u00e3o, N\u00facleo Bandeirante, Sobradinho (Fercal) e Gama. <a href=\"https:\/\/blogs.correiobraziliense.com.br\/primeirainfancia\/2019\/07\/02\/mais-de-1-295-vagas-serao-abertas-em-creches-do-df\/\">O Governo do Distrito Federal (GDF) j\u00e1 havia anunciado que abriria mais 1.295 vagas em creches a partir de 29 de julho.<\/a><\/p>\n<p><img loading=\"lazy\" decoding=\"async\" class=\"aligncenter size-full wp-image-778\" src=\"https:\/\/blogs.correiobraziliense.com.br\/primeirainfancia\/wp-content\/uploads\/sites\/49\/2019\/07\/1-10.jpg\" alt=\"\" width=\"750\" height=\"500\" srcset=\"https:\/\/blogs.correiobraziliense.com.br\/primeirainfancia\/wp-content\/uploads\/sites\/49\/2019\/07\/1-10.jpg 750w, https:\/\/blogs.correiobraziliense.com.br\/primeirainfancia\/wp-content\/uploads\/sites\/49\/2019\/07\/1-10-300x200.jpg 300w, https:\/\/blogs.correiobraziliense.com.br\/primeirainfancia\/wp-content\/uploads\/sites\/49\/2019\/07\/1-10-550x367.jpg 550w, https:\/\/blogs.correiobraziliense.com.br\/primeirainfancia\/wp-content\/uploads\/sites\/49\/2019\/07\/1-10-230x153.jpg 230w\" sizes=\"auto, (max-width: 750px) 100vw, 750px\" \/><\/p>\n<p>Do total, h\u00e1 348 vagas em Samambaia, onde come\u00e7am a funcionar dois centros educacionais de primeira inf\u00e2ncia (Cepi) para meninos e meninas de at\u00e9 3 anos: o Azul\u00e3o, na QN 425, e o Bambu, na Quadra 208. O restante das oportunidades ser\u00e1 para institui\u00e7\u00f5es parceiras da SEE-DF, voltadas \u00e0 faixa et\u00e1ria de 2 a 3 anos, sendo 92 vagas para a Fercal (regional de ensino de Sobradinho), 122 para o Gama, 100 para o N\u00facleo Bandeirante e 125 para S\u00e3o Sebasti\u00e3o.<\/p>\n<p>As crian\u00e7as que ser\u00e3o atendidas pela inaugura\u00e7\u00e3o das novas creches ser\u00e3o as j\u00e1 inscritas e classificadas no Cadastro de Solicita\u00e7\u00e3o de Vagas. As fam\u00edlias beneficiadas foram contatadas pela SEEDF. \u00c9 poss\u00edvel conferir a classifica\u00e7\u00e3o do seu filho na lista de espera para creches no <a href=\"http:\/\/www.se.df.gov.br\/consulta-da-classificacao-de-criancas-com-inscricoes-validadas-educacao-infantil-etapa-creche-2\/\">link<\/a>. Quem quiser se inscrever, deve faz\u00ea-lo ligando para o n\u00famero 156, op\u00e7\u00e3o 2.<\/p>\n<p>A rede p\u00fablica de ensino do DF atende 459.935 mil estudantes da educa\u00e7\u00e3o infantil \u00e0 educa\u00e7\u00e3o de Jovens e Adultos (EJA) em 678 unidades. A rede conta ainda com 111 institui\u00e7\u00f5es parceiras que atendem crian\u00e7as de 0 a 3 anos e ganha mais seis creches com os Cepis inaugurados.<\/p>\n","protected":false},"excerpt":{"rendered":"<p>A volta \u00e0s aulas da rede p\u00fablica, nesta segunda-feira (29), \u00e9 marcada pela inaugura\u00e7\u00e3o de novas creches. A Secretaria de Educa\u00e7\u00e3o (SEE-DF) abriu 787 vagas para crian\u00e7as de 0 a 3 anos nas regionais de ensino de Samambaia, S\u00e3o Sebasti\u00e3o, N\u00facleo Bandeirante, Sobradinho (Fercal) e Gama. O Governo do Distrito Federal (GDF) j\u00e1 havia anunciado que abriria mais 1.295 vagas [&hellip;]<\/p>\n","protected":false},"author":106,"featured_media":776,"comment_status":"open","ping_status":"open","sticky":false,"template":"","format":"standard","meta":{"footnotes":""},"categories":[21],"tags":[],"class_list":["post-775","post","type-post","status-publish","format-standard","has-post-thumbnail","hentry","category-creche"],"_links":{"self":[{"href":"https:\/\/blogs.correiobraziliense.com.br\/primeirainfancia\/wp-json\/wp\/v2\/posts\/775","targetHints":{"allow":["GET"]}}],"collection":[{"href":"https:\/\/blogs.correiobraziliense.com.br\/primeirainfancia\/wp-json\/wp\/v2\/posts"}],"about":[{"href":"https:\/\/blogs.correiobraziliense.com.br\/primeirainfancia\/wp-json\/wp\/v2\/types\/post"}],"author":[{"embeddable":true,"href":"https:\/\/blogs.correiobraziliense.com.br\/primeirainfancia\/wp-json\/wp\/v2\/users\/106"}],"replies":[{"embeddable":true,"href":"https:\/\/blogs.correiobraziliense.com.br\/primeirainfancia\/wp-json\/wp\/v2\/comments?post=775"}],"version-history":[{"count":4,"href":"https:\/\/blogs.correiobraziliense.com.br\/primeirainfancia\/wp-json\/wp\/v2\/posts\/775\/revisions"}],"predecessor-version":[{"id":781,"href":"https:\/\/blogs.correiobraziliense.com.br\/primeirainfancia\/wp-json\/wp\/v2\/posts\/775\/revisions\/781"}],"wp:featuredmedia":[{"embeddable":true,"href":"https:\/\/blogs.correiobraziliense.com.br\/primeirainfancia\/wp-json\/wp\/v2\/media\/776"}],"wp:attachment":[{"href":"https:\/\/blogs.correiobraziliense.com.br\/primeirainfancia\/wp-json\/wp\/v2\/media?parent=775"}],"wp:term":[{"taxonomy":"category","embeddable":true,"href":"https:\/\/blogs.correiobraziliense.com.br\/primeirainfancia\/wp-json\/wp\/v2\/categories?post=775"},{"taxonomy":"post_tag","embeddable":true,"href":"https:\/\/blogs.correiobraziliense.com.br\/primeirainfancia\/wp-json\/wp\/v2\/tags?post=775"}],"curies":[{"name":"wp","href":"https:\/\/api.w.org\/{rel}","templated":true}]}}