{"id":73,"date":"2018-09-22T22:31:31","date_gmt":"2018-09-22T22:31:31","guid":{"rendered":"https:\/\/blogs.correiobraziliense.com.br\/primeirainfancia\/?p=73"},"modified":"2018-11-03T21:06:05","modified_gmt":"2018-11-03T21:06:05","slug":"portal-oferece-curso-gratuito-sobre-primeira-infancia","status":"publish","type":"post","link":"https:\/\/blogs.correiobraziliense.com.br\/primeirainfancia\/2018\/09\/22\/portal-oferece-curso-gratuito-sobre-primeira-infancia\/","title":{"rendered":"Portal oferece curso gratuito sobre desenvolvimento da primeira inf\u00e2ncia"},"content":{"rendered":"<p>Os primeiros anos de vida afetam uma crian\u00e7a at\u00e9 a vida a adulta e toda a sociedade. Como garantir que todos os meninos e meninas do mundo sejam apoiados em seu desenvolvimento desde o nascimento? \u00c9 para responder a essa pergunta que a SDG Academy oferece o curso on-line gratuito The best start in life: early childhood development for sustainable development (O melhor in\u00edcio na vida: desenvolvimento da primeira inf\u00e2ncia para o desenvolvimento sustent\u00e1vel, em tradu\u00e7\u00e3o livre). As inscri\u00e7\u00f5es ainda est\u00e3o abertas, e as aulas come\u00e7am nesta segunda-feira (24) e seguem at\u00e9 3 de dezembro.<\/p>\n<p>A capacita\u00e7\u00e3o dura oito semanas e \u00e9 ministrada por especialistas em primeira inf\u00e2ncia de institui\u00e7\u00f5es renomadas, como a Universidade Harvard, a Universidade de Nova York e o Fundo das Na\u00e7\u00f5es Unidas para a Inf\u00e2ncia (Unicef). A forma\u00e7\u00e3o ajudar\u00e1 os participantes a entenderem como se desenvolve o c\u00e9rebro humano at\u00e9 os 3 anos de idade; como a nutri\u00e7\u00e3o afeta o bem-estar da inf\u00e2ncia \u00e0 idade adulta; como se constr\u00f3i um programa bem-sucedido de atendimento \u00e0 primeira inf\u00e2ncia. O programa a dist\u00e2ncia tamb\u00e9m abordar\u00e1 como a educa\u00e7\u00e3o, creches e outras pol\u00edticas p\u00fablicas afetam o desenvolvimento infantil, al\u00e9m de abordar estudos de caso sobre como fatores como a migra\u00e7\u00e3o for\u00e7ada impactam o futuro de uma crian\u00e7a.<\/p>\n<p>As sess\u00f5es explorar\u00e3o estudos da neuroci\u00eancia, da sociologia, da antropologia e de outros campos, mostrando como as descobertas cient\u00edficas afetam o entendimento do desenvolvimento humano durante a primeira inf\u00e2ncia. Os alunos assistir\u00e3o a palestras, ler\u00e3o materiais relacionados, responder\u00e3o a testes e exame final, al\u00e9m de participarem de f\u00f3rum de discuss\u00e3o e sess\u00f5es de perguntas e respostas ao vivo. Os estudantes que completarem com sucesso o curso poder\u00e3o adquirir um certificado assinado pelos instrutores. As palestras s\u00e3o em ingl\u00eas, mas legendadas em portugu\u00eas e em espanhol.<\/p>\n<p>&nbsp;<\/p>\n<h3>Compreenda melhor os conte\u00fados no v\u00eddeo:<\/h3>\n<p>&nbsp;<\/p>\n<p><iframe loading=\"lazy\" width=\"1440\" height=\"810\" src=\"https:\/\/www.youtube.com\/embed\/8eGRJbNs0No?feature=oembed\" frameborder=\"0\" allow=\"accelerometer; autoplay; encrypted-media; gyroscope; picture-in-picture\" allowfullscreen><\/iframe><\/p>\n<h3><\/h3>\n<h3>P\u00fablico-alvo<\/h3>\n<p>O curso \u00e9 aberto para qualquer pessoa, mas \u00e9 voltado, especialmente, para alunos de gradua\u00e7\u00e3o e p\u00f3s-gradua\u00e7\u00e3o em educa\u00e7\u00e3o, desenvolvimento internacional, enfermagem, medicina e outros campos relacionados \u00e0 primeira inf\u00e2ncia; professores, trabalhadores da sa\u00fade e outros interessados nos fatores sociais e biol\u00f3gicos que afetam as crian\u00e7as; al\u00e9m de profissionais de desenvolvimento sustent\u00e1vel que desejam entender como ajudar crian\u00e7as em todo o mundo, incluindo aqueles que trabalham em organiza\u00e7\u00f5es humanit\u00e1rias internacionais e entidades sem fins lucrativos que trabalhem com pobreza, nutri\u00e7\u00e3o e educa\u00e7\u00e3o.<\/p>\n<p>&nbsp;<\/p>\n<h3>Conhe\u00e7a o corpo docente<\/h3>\n<p><img loading=\"lazy\" decoding=\"async\" class=\"alignnone size-full wp-image-77\" src=\"https:\/\/blogs.correiobraziliense.com.br\/primeirainfancia\/wp-content\/uploads\/sites\/49\/2018\/09\/JACK.png\" alt=\"JACK\" width=\"108\" height=\"103\" \/>\u00a0<a href=\"https:\/\/www.edx.org\/bio\/jack-shonkoff\" target=\"_blank\" rel=\"noopener\">Jack Shonkoff<\/a>, professor de sa\u00fade da crian\u00e7a da Universidade Harvard, diretor do centro de desenvolvimento infantil<\/p>\n<p><img loading=\"lazy\" decoding=\"async\" class=\"alignnone size-full wp-image-74\" src=\"https:\/\/blogs.correiobraziliense.com.br\/primeirainfancia\/wp-content\/uploads\/sites\/49\/2018\/09\/AISH.png\" alt=\"AISH\" width=\"109\" height=\"108\" \/>\u00a0<a href=\"https:\/\/www.edx.org\/bio\/aisha-yousafzai\" target=\"_blank\" rel=\"noopener\">Aisha Yousafzai<\/a>, professora de sa\u00fade global da Universidade Harvard<\/p>\n<p><img loading=\"lazy\" decoding=\"async\" class=\"alignnone size-full wp-image-76\" src=\"https:\/\/blogs.correiobraziliense.com.br\/primeirainfancia\/wp-content\/uploads\/sites\/49\/2018\/09\/HIRO.png\" alt=\"HIRO\" width=\"107\" height=\"105\" \/>\u00a0<a href=\"https:\/\/www.edx.org\/bio\/hirokazu-yoshikawa\" target=\"_blank\" rel=\"noopener\">Hirokazu Yoshikawa<\/a>, professor de globaliza\u00e7\u00e3o e educa\u00e7\u00e3o da Universidade de Nova York, co-diretor do centro para crian\u00e7as Ties<\/p>\n<p><img loading=\"lazy\" decoding=\"async\" class=\"alignnone size-full wp-image-75\" src=\"https:\/\/blogs.correiobraziliense.com.br\/primeirainfancia\/wp-content\/uploads\/sites\/49\/2018\/09\/CATHE.png\" alt=\"CATHE\" width=\"105\" height=\"108\" \/>\u00a0<a href=\"https:\/\/www.edx.org\/bio\/catherine-tamis-lemonda\" target=\"_blank\" rel=\"noopener\">Catherine Tamis-LeMonda<\/a>, professora de psicologia aplicada da Universidade de Nova York<\/p>\n<h3><\/h3>\n<h3>Confira os m\u00f3dulos do programa<\/h3>\n<h4><strong>M\u00f3dulo 1: Introdu\u00e7\u00e3o<\/strong><\/h4>\n<p>Desenvolvimento da primeira inf\u00e2ncia para o desenvolvimento sustent\u00e1vel, como est\u00e3o as crian\u00e7as do mundo, como a arquitetura do c\u00e9rebro se desenvolve, o impacto da adversidade e do stress t\u00f3xico, resili\u00eancia e como promov\u00ea-la<\/p>\n<h4>M\u00f3dulo 2: desenvolvimento infantil do pr\u00e9-natal aos 3 anos<\/h4>\n<p>Desenvolvimento de acordo com cultura e contexto, desenvolvimento f\u00edsico, desenvolvimento cognitivo e percep\u00e7\u00e3o, desenvolvimento da linguagem, desenvolvimento social, desenvolvimento emocional e temperamento<\/p>\n<h4>M\u00f3dulo 3: desenvolvimento infantil dos 3 aos 8 anos<\/h4>\n<p>Desenvolvimento f\u00edsico, desenvolvimento cognitivo e fun\u00e7\u00f5es executivas, linguagem, desenvolvimento socioemocional<\/p>\n<h4>M\u00f3dulo 4: tour pelos programas e setores do desenvolvimento da primeira inf\u00e2ncia \u2014 parte I<\/h4>\n<p>Introdu\u00e7\u00e3o aos aspectos multissetoriais, programas de sa\u00fade, programas de nutri\u00e7\u00e3o e maternidade<\/p>\n<h4>M\u00f3dulo 5: tour pelos programas e setores do desenvolvimento da primeira inf\u00e2ncia \u2014 parte II<\/h4>\n<p>Programas De prote\u00e7\u00e3o social, programas de cuidados prim\u00e1rios e educa\u00e7\u00e3o, programas de prote\u00e7\u00e3o infantil<\/p>\n<h4>M\u00f3dulo 6: comunidades e situa\u00e7\u00f5es de conflito e migra\u00e7\u00e3o<\/h4>\n<p>Caso Uganda, programas baseados na comunidade, conflito e migra\u00e7\u00e3o<\/p>\n<h4>M\u00f3dulo 7: de programas para pol\u00edticas p\u00fablicas<\/h4>\n<p>Como se cria uma pol\u00edtica p\u00fablica, qualidade, governan\u00e7a e sustentabilidade, financiamento de pol\u00edticas voltadas para o desenvolvimento da primeira inf\u00e2ncia<\/p>\n<h4>M\u00f3dulo 8: o futuro \u2014 inova\u00e7\u00f5es e crescimento<\/h4>\n<p>Inova\u00e7\u00e3o em desenvolvimento da primeira inf\u00e2ncia, inova\u00e7\u00e3o em todo o mundo, conclus\u00e3o: o futuro do desenvolvimento da primeira inf\u00e2ncia<\/p>\n<h3><\/h3>\n<h3>Ficou interessado? Matricule-se!<\/h3>\n<p>Acesse o <a href=\"https:\/\/sdgacademy.org\/course\/the-best-start-in-life-early-childhood-development\/\" target=\"_blank\" rel=\"noopener\">site<\/a>.<\/p>\n<h3><\/h3>\n<h3>Saiba mais<\/h3>\n<p>A SDG Academy oferece recursos educacionais gratuitos sobre desenvolvimento sustent\u00e1vel a alunos de todo o mundo. Os cursos abordam diversos t\u00f3picos relacionados aos 17 objetivos de desenvolvimento sustent\u00e1vel, um conjunto de objetivos e metas adotados pelos estados membros da Organiza\u00e7\u00e3o das Na\u00e7\u00f5es Unidas em 2015. \u00c9 poss\u00edvel tirar d\u00favidas pelos e-mails da equipe da SDG Academy <em>(sdgacademy@unsdsn.org<\/em>) e da equipe que promove o curso (<em>ecd@sdgacademy.org<\/em>).<\/p>\n","protected":false},"excerpt":{"rendered":"<p>Os primeiros anos de vida afetam uma crian\u00e7a at\u00e9 a vida a adulta e toda a sociedade. Como garantir que todos os meninos e meninas do mundo sejam apoiados em seu desenvolvimento desde o nascimento? \u00c9 para responder a essa pergunta que a SDG Academy oferece o curso on-line gratuito The best start in life: early childhood development for sustainable [&hellip;]<\/p>\n","protected":false},"author":106,"featured_media":86,"comment_status":"open","ping_status":"open","sticky":false,"template":"","format":"standard","meta":{"footnotes":""},"categories":[20],"tags":[9,2],"class_list":["post-73","post","type-post","status-publish","format-standard","has-post-thumbnail","hentry","category-cursos-seminarios","tag-desenvolvimento-sustentavel","tag-primeira-infancia"],"_links":{"self":[{"href":"https:\/\/blogs.correiobraziliense.com.br\/primeirainfancia\/wp-json\/wp\/v2\/posts\/73","targetHints":{"allow":["GET"]}}],"collection":[{"href":"https:\/\/blogs.correiobraziliense.com.br\/primeirainfancia\/wp-json\/wp\/v2\/posts"}],"about":[{"href":"https:\/\/blogs.correiobraziliense.com.br\/primeirainfancia\/wp-json\/wp\/v2\/types\/post"}],"author":[{"embeddable":true,"href":"https:\/\/blogs.correiobraziliense.com.br\/primeirainfancia\/wp-json\/wp\/v2\/users\/106"}],"replies":[{"embeddable":true,"href":"https:\/\/blogs.correiobraziliense.com.br\/primeirainfancia\/wp-json\/wp\/v2\/comments?post=73"}],"version-history":[{"count":10,"href":"https:\/\/blogs.correiobraziliense.com.br\/primeirainfancia\/wp-json\/wp\/v2\/posts\/73\/revisions"}],"predecessor-version":[{"id":169,"href":"https:\/\/blogs.correiobraziliense.com.br\/primeirainfancia\/wp-json\/wp\/v2\/posts\/73\/revisions\/169"}],"wp:featuredmedia":[{"embeddable":true,"href":"https:\/\/blogs.correiobraziliense.com.br\/primeirainfancia\/wp-json\/wp\/v2\/media\/86"}],"wp:attachment":[{"href":"https:\/\/blogs.correiobraziliense.com.br\/primeirainfancia\/wp-json\/wp\/v2\/media?parent=73"}],"wp:term":[{"taxonomy":"category","embeddable":true,"href":"https:\/\/blogs.correiobraziliense.com.br\/primeirainfancia\/wp-json\/wp\/v2\/categories?post=73"},{"taxonomy":"post_tag","embeddable":true,"href":"https:\/\/blogs.correiobraziliense.com.br\/primeirainfancia\/wp-json\/wp\/v2\/tags?post=73"}],"curies":[{"name":"wp","href":"https:\/\/api.w.org\/{rel}","templated":true}]}}