{"id":700,"date":"2019-07-11T18:19:59","date_gmt":"2019-07-11T18:19:59","guid":{"rendered":"https:\/\/blogs.correiobraziliense.com.br\/primeirainfancia\/?p=700"},"modified":"2019-07-11T18:22:26","modified_gmt":"2019-07-11T18:22:26","slug":"carta-compromisso-do-mec-para-melhorar-a-educacao-inclui-creches","status":"publish","type":"post","link":"https:\/\/blogs.correiobraziliense.com.br\/primeirainfancia\/2019\/07\/11\/carta-compromisso-do-mec-para-melhorar-a-educacao-inclui-creches\/","title":{"rendered":"Carta-compromisso do MEC para melhorar a educa\u00e7\u00e3o inclui creches"},"content":{"rendered":"<figure id=\"attachment_701\" aria-describedby=\"caption-attachment-701\" style=\"width: 750px\" class=\"wp-caption aligncenter\"><img loading=\"lazy\" decoding=\"async\" class=\"size-full wp-image-701\" src=\"https:\/\/blogs.correiobraziliense.com.br\/primeirainfancia\/wp-content\/uploads\/sites\/49\/2019\/07\/CBPFOT270820180489.jpg\" alt=\"\" width=\"750\" height=\"499\" srcset=\"https:\/\/blogs.correiobraziliense.com.br\/primeirainfancia\/wp-content\/uploads\/sites\/49\/2019\/07\/CBPFOT270820180489.jpg 750w, https:\/\/blogs.correiobraziliense.com.br\/primeirainfancia\/wp-content\/uploads\/sites\/49\/2019\/07\/CBPFOT270820180489-300x200.jpg 300w, https:\/\/blogs.correiobraziliense.com.br\/primeirainfancia\/wp-content\/uploads\/sites\/49\/2019\/07\/CBPFOT270820180489-550x366.jpg 550w, https:\/\/blogs.correiobraziliense.com.br\/primeirainfancia\/wp-content\/uploads\/sites\/49\/2019\/07\/CBPFOT270820180489-230x153.jpg 230w\" sizes=\"auto, (max-width: 750px) 100vw, 750px\" \/><figcaption id=\"caption-attachment-701\" class=\"wp-caption-text\">24\/08\/2018. Cr\u00e9dito: Marcelo Ferreira\/CB\/D.A. Press.<\/figcaption><\/figure>\n<p>Nesta quinta-feira (11), o ministro da Educa\u00e7\u00e3o, Abraham Weintraub, e o secret\u00e1rio de Educa\u00e7\u00e3o B\u00e1sica, J\u00e2nio Macedo, lan\u00e7aram uma &#8220;carta-compromisso&#8221; com objetivos para a educa\u00e7\u00e3o at\u00e9 2022. O objetivo \u00e9 impulsionar a educa\u00e7\u00e3o infantil, o ensino fundamental, o ensino m\u00e9dio e a educa\u00e7\u00e3o para jovens e adultos e tornar o Brasil refer\u00eancia em educa\u00e7\u00e3o b\u00e1sica na Am\u00e9rica Latina at\u00e9 2030.<\/p>\n<p>O documento \u00e9 dividido em sete eixos: creches, ensino fundamental, novo ensino m\u00e9dio, educa\u00e7\u00e3o conectada, forma\u00e7\u00e3o de docentes, escolas c\u00edvico-militares e retorno social. Em rela\u00e7\u00e3o \u00e0s creches, a inten\u00e7\u00e3o \u00e9 inserir 1,7 milh\u00e3o de crian\u00e7as nas institui\u00e7\u00f5es. Para isso, o Programa Nacional de Reestrutura\u00e7\u00e3o e Aquisi\u00e7\u00e3o de Equipamentos para a Rede Escolar P\u00fablica de Educa\u00e7\u00e3o Infantil (Proinf\u00e2ncia) ser\u00e1 reestruturado para agilizar a conclus\u00e3o de mais de 4 mil creches at\u00e9 2022.<\/p>\n<p>At\u00e9 o momento, menos de 50% das obras do programa foram conclu\u00eddas desde 2007. Ao todo, foram aprovadas 9.028 obras das quais apenas 4.047 est\u00e3o conclu\u00eddas. Faltam finalizar 4.981.<\/p>\n","protected":false},"excerpt":{"rendered":"<p>Nesta quinta-feira (11), o ministro da Educa\u00e7\u00e3o, Abraham Weintraub, e o secret\u00e1rio de Educa\u00e7\u00e3o B\u00e1sica, J\u00e2nio Macedo, lan\u00e7aram uma &#8220;carta-compromisso&#8221; com objetivos para a educa\u00e7\u00e3o at\u00e9 2022. O objetivo \u00e9 impulsionar a educa\u00e7\u00e3o infantil, o ensino fundamental, o ensino m\u00e9dio e a educa\u00e7\u00e3o para jovens e adultos e tornar o Brasil refer\u00eancia em educa\u00e7\u00e3o b\u00e1sica na Am\u00e9rica Latina at\u00e9 2030. [&hellip;]<\/p>\n","protected":false},"author":106,"featured_media":701,"comment_status":"open","ping_status":"open","sticky":false,"template":"","format":"standard","meta":{"footnotes":""},"categories":[21],"tags":[148,147,149,139],"class_list":["post-700","post","type-post","status-publish","format-standard","has-post-thumbnail","hentry","category-creche","tag-abraham-weintraub","tag-educacao-basica","tag-janio-macedo","tag-creches"],"_links":{"self":[{"href":"https:\/\/blogs.correiobraziliense.com.br\/primeirainfancia\/wp-json\/wp\/v2\/posts\/700","targetHints":{"allow":["GET"]}}],"collection":[{"href":"https:\/\/blogs.correiobraziliense.com.br\/primeirainfancia\/wp-json\/wp\/v2\/posts"}],"about":[{"href":"https:\/\/blogs.correiobraziliense.com.br\/primeirainfancia\/wp-json\/wp\/v2\/types\/post"}],"author":[{"embeddable":true,"href":"https:\/\/blogs.correiobraziliense.com.br\/primeirainfancia\/wp-json\/wp\/v2\/users\/106"}],"replies":[{"embeddable":true,"href":"https:\/\/blogs.correiobraziliense.com.br\/primeirainfancia\/wp-json\/wp\/v2\/comments?post=700"}],"version-history":[{"count":2,"href":"https:\/\/blogs.correiobraziliense.com.br\/primeirainfancia\/wp-json\/wp\/v2\/posts\/700\/revisions"}],"predecessor-version":[{"id":703,"href":"https:\/\/blogs.correiobraziliense.com.br\/primeirainfancia\/wp-json\/wp\/v2\/posts\/700\/revisions\/703"}],"wp:featuredmedia":[{"embeddable":true,"href":"https:\/\/blogs.correiobraziliense.com.br\/primeirainfancia\/wp-json\/wp\/v2\/media\/701"}],"wp:attachment":[{"href":"https:\/\/blogs.correiobraziliense.com.br\/primeirainfancia\/wp-json\/wp\/v2\/media?parent=700"}],"wp:term":[{"taxonomy":"category","embeddable":true,"href":"https:\/\/blogs.correiobraziliense.com.br\/primeirainfancia\/wp-json\/wp\/v2\/categories?post=700"},{"taxonomy":"post_tag","embeddable":true,"href":"https:\/\/blogs.correiobraziliense.com.br\/primeirainfancia\/wp-json\/wp\/v2\/tags?post=700"}],"curies":[{"name":"wp","href":"https:\/\/api.w.org\/{rel}","templated":true}]}}