{"id":650,"date":"2019-06-05T22:29:40","date_gmt":"2019-06-05T22:29:40","guid":{"rendered":"https:\/\/blogs.correiobraziliense.com.br\/primeirainfancia\/?p=650"},"modified":"2019-06-05T23:06:53","modified_gmt":"2019-06-05T23:06:53","slug":"direito-ao-abraco-e-o-tema-da-semana-do-bebe-no-df-que-vai-ate-sexta-7","status":"publish","type":"post","link":"https:\/\/blogs.correiobraziliense.com.br\/primeirainfancia\/2019\/06\/05\/direito-ao-abraco-e-o-tema-da-semana-do-bebe-no-df-que-vai-ate-sexta-7\/","title":{"rendered":"\u201cDireito ao abra\u00e7o\u201d \u00e9 o tema da Semana do Beb\u00ea no DF, que vai at\u00e9 sexta (7)"},"content":{"rendered":"<p>A quarta edi\u00e7\u00e3o da Semana do Beb\u00ea em Bras\u00edlia tem como tema o &#8220;direito ao abra\u00e7o &#8220;, que simboliza cuidado e prote\u00e7\u00e3o na primeira inf\u00e2ncia. O evento come\u00e7ou na \u00faltima sexta-feira (31\/5) e vai at\u00e9 a pr\u00f3xima sexta (7\/6) e conta com programa\u00e7\u00f5es especiais para crian\u00e7as e pais, como apresenta\u00e7\u00f5es artist\u00edcas, brincadeiras, palestras, oficinas e muito mais.<\/p>\n<p><img loading=\"lazy\" decoding=\"async\" class=\"aligncenter size-full wp-image-652\" src=\"https:\/\/blogs.correiobraziliense.com.br\/primeirainfancia\/wp-content\/uploads\/sites\/49\/2019\/06\/1.jpeg\" alt=\"\" width=\"750\" height=\"500\" srcset=\"https:\/\/blogs.correiobraziliense.com.br\/primeirainfancia\/wp-content\/uploads\/sites\/49\/2019\/06\/1.jpeg 750w, https:\/\/blogs.correiobraziliense.com.br\/primeirainfancia\/wp-content\/uploads\/sites\/49\/2019\/06\/1-300x200.jpeg 300w, https:\/\/blogs.correiobraziliense.com.br\/primeirainfancia\/wp-content\/uploads\/sites\/49\/2019\/06\/1-550x367.jpeg 550w, https:\/\/blogs.correiobraziliense.com.br\/primeirainfancia\/wp-content\/uploads\/sites\/49\/2019\/06\/1-230x153.jpeg 230w\" sizes=\"auto, (max-width: 750px) 100vw, 750px\" \/><\/p>\n<p>A Semana do Beb\u00ea foi criada pelo pediatra Salvador Celia, em Canela (RS) e, a partir de 2000, replicada em diversos lugares. No DF, a Semana do Beb\u00ea \u00e9 uma iniciativa da Secretaria de Justi\u00e7a e Cidadania por meio da Subsecretaria de Pol\u00edticas para Crian\u00e7as e Adolescentes em parceria com outras Secretarias, Administra\u00e7\u00f5es, CDCA, Defensoria P\u00fablica, Vara da Inf\u00e2ncia, organiza\u00e7\u00f5es da sociedade civil e outros importantes atores na defesa dos direitos da crian\u00e7a.<\/p>\n<p><img loading=\"lazy\" decoding=\"async\" class=\"aligncenter size-full wp-image-653\" src=\"https:\/\/blogs.correiobraziliense.com.br\/primeirainfancia\/wp-content\/uploads\/sites\/49\/2019\/06\/2.jpg\" alt=\"\" width=\"750\" height=\"500\" srcset=\"https:\/\/blogs.correiobraziliense.com.br\/primeirainfancia\/wp-content\/uploads\/sites\/49\/2019\/06\/2.jpg 750w, https:\/\/blogs.correiobraziliense.com.br\/primeirainfancia\/wp-content\/uploads\/sites\/49\/2019\/06\/2-300x200.jpg 300w, https:\/\/blogs.correiobraziliense.com.br\/primeirainfancia\/wp-content\/uploads\/sites\/49\/2019\/06\/2-550x367.jpg 550w, https:\/\/blogs.correiobraziliense.com.br\/primeirainfancia\/wp-content\/uploads\/sites\/49\/2019\/06\/2-230x153.jpg 230w\" sizes=\"auto, (max-width: 750px) 100vw, 750px\" \/><\/p>\n<p>A programa\u00e7\u00e3o inclui interven\u00e7\u00f5es em diversas cidades do Distrito Federal. A Carreta do Beb\u00ea leva atividades para crian\u00e7as e pais com conta\u00e7\u00e3o de hist\u00f3rias, apresenta\u00e7\u00f5es art\u00edsticas, brincadeiras, pintura de rosto, palestras e oficinas, rodas de conversa, a\u00e7\u00f5es de sa\u00fade, assist\u00eancia jur\u00eddica e psicossocial.<\/p>\n<p><strong>Confira a programa\u00e7\u00e3o completa de onde esteve e estar\u00e1 a Carreta do Beb\u00ea:<\/strong><\/p>\n<p><img loading=\"lazy\" decoding=\"async\" class=\"aligncenter size-full wp-image-656\" src=\"https:\/\/blogs.correiobraziliense.com.br\/primeirainfancia\/wp-content\/uploads\/sites\/49\/2019\/06\/50.jpeg\" alt=\"\" width=\"750\" height=\"500\" srcset=\"https:\/\/blogs.correiobraziliense.com.br\/primeirainfancia\/wp-content\/uploads\/sites\/49\/2019\/06\/50.jpeg 750w, https:\/\/blogs.correiobraziliense.com.br\/primeirainfancia\/wp-content\/uploads\/sites\/49\/2019\/06\/50-300x200.jpeg 300w, https:\/\/blogs.correiobraziliense.com.br\/primeirainfancia\/wp-content\/uploads\/sites\/49\/2019\/06\/50-550x367.jpeg 550w, https:\/\/blogs.correiobraziliense.com.br\/primeirainfancia\/wp-content\/uploads\/sites\/49\/2019\/06\/50-230x153.jpeg 230w\" sizes=\"auto, (max-width: 750px) 100vw, 750px\" \/><\/p>\n<p>O lan\u00e7amento da Semana do Beb\u00ea ocorreu no Audit\u00f3rio do Memorial JK e com a presen\u00e7a do governador de Bras\u00edlia, Ibaneis Rocha, e da primeira-dama, Mayara Noronha. Na solenidade foi anunciada a ades\u00e3o do DF ao programa de visitas domiciliares do governo federal Crian\u00e7a Feliz. A meta \u00e9 alcan\u00e7ar pelo menos 3.200 fam\u00edlias no DF.<\/p>\n<p><img loading=\"lazy\" decoding=\"async\" class=\"aligncenter size-full wp-image-654\" src=\"https:\/\/blogs.correiobraziliense.com.br\/primeirainfancia\/wp-content\/uploads\/sites\/49\/2019\/06\/3.jpg\" alt=\"\" width=\"750\" height=\"500\" srcset=\"https:\/\/blogs.correiobraziliense.com.br\/primeirainfancia\/wp-content\/uploads\/sites\/49\/2019\/06\/3.jpg 750w, https:\/\/blogs.correiobraziliense.com.br\/primeirainfancia\/wp-content\/uploads\/sites\/49\/2019\/06\/3-300x200.jpg 300w, https:\/\/blogs.correiobraziliense.com.br\/primeirainfancia\/wp-content\/uploads\/sites\/49\/2019\/06\/3-550x367.jpg 550w, https:\/\/blogs.correiobraziliense.com.br\/primeirainfancia\/wp-content\/uploads\/sites\/49\/2019\/06\/3-230x153.jpg 230w\" sizes=\"auto, (max-width: 750px) 100vw, 750px\" \/><\/p>\n<p>O encerramento do evento ocorrer\u00e1 na rampa do Congresso Nacional, onfe a Frente Parlamentar da Primeira Inf\u00e2ncia receber\u00e1 m\u00e3es, pais e crian\u00e7as num ato que pretende marcar a import\u00e2ncia dos primeiros 1000 dias de vida e da prote\u00e7\u00e3o \u00e0 primeira inf\u00e2ncia.<\/p>\n<p><strong>Confira a programa\u00e7\u00e3o da Coordenadoria de Inf\u00e2ncia e Juventude (CIJ) do Tribunal de Justi\u00e7a do Distrito Federal e dos Territ\u00f3rios (TJDFT), que \u00e9 gratuita e aberta ao p\u00fablico:<\/strong><\/p>\n<p><strong>6 de junho (QUINTA)<\/strong><br \/>\n<strong>Palestra interativa A IMPORT\u00c2NCIA DO TOQUE NA PRIMEIRA INF\u00c2NCIA<\/strong><br \/>\n<strong>Palestrante:<\/strong> Regina Almeida, psic\u00f3loga, terapeuta e fundadora do Instituto Tocar<br \/>\n<strong>Local:<\/strong> Audit\u00f3rio do F\u00f3rum de Taguatinga<br \/>\n<strong>Hor\u00e1rio:<\/strong> das 9h \u00e0s 11h<br \/>\n<strong>Informa\u00e7\u00f5es:<\/strong> 3103-8011 (Marcelo) e 3103-3368 (CIJ-DF)<\/p>\n<p><strong>Oficina did\u00e1tica de PARENTALIDADE NO JUDICI\u00c1RIO: UMA POSSIBILIDADE DE REFLEX\u00c3O DO PAPEL PARENTAL EM SITUA\u00c7\u00d5ES DE DIV\u00d3RCIO<\/strong><br \/>\n<strong>Facilitadora:<\/strong> Marisa Muniz, assistente social, p\u00f3s-graduada em viol\u00eancia dom\u00e9stica contra crian\u00e7as e adolescentes, supervisora do Centro Judici\u00e1rio de Solu\u00e7\u00e3o de Conflitos e Cidadania \u2013 Fam\u00edlia, do F\u00f3rum Leal Fagundes \u2013 TJDFT<br \/>\n<strong>Local:<\/strong> Audit\u00f3rio do Conselho Regional de Psicologia<br \/>\n<strong>Hor\u00e1rio:<\/strong> 14h<br \/>\n<strong>Informa\u00e7\u00f5es:<\/strong> 3103-3368<\/p>\n<p><strong>CONCERTO DID\u00c1TICO PARA A PRIMEIRA INF\u00c2NCIA<\/strong><br \/>\nEvento aberto para a comunidade. Oportunidade cultural para crian\u00e7as de escolas p\u00fablicas da Asa Norte, Candangol\u00e2ndia e Parano\u00e1.<br \/>\nOrquestra Sinf\u00f4nica do Teatro Nacional Cl\u00e1udio Santoro<br \/>\n<strong>Local:<\/strong> Cine Bras\u00edlia &#8211; 400 lugares<br \/>\n<strong>Hor\u00e1rio:<\/strong> 9h \u00e0s 10h<br \/>\n<strong>Coordena\u00e7\u00e3o:<\/strong> Maestro Cl\u00e1udio Cohen<\/p>\n<p><strong>7 de junho (SEXTA)<\/strong><br \/>\n<strong>Grupo multifamiliar CUIDANDO DA CRIAN\u00c7A NO SISTEMA FAMILIAR<\/strong><br \/>\n<strong>Coach:<\/strong> Davina Maia, terapeuta de fam\u00edlia e coach sist\u00eamica Local: Audit\u00f3rio do F\u00f3rum do Parano\u00e1<br \/>\n<strong>Hor\u00e1rio:<\/strong> das 14h \u00e0s 16h<br \/>\n<strong>Informa\u00e7\u00f5es:<\/strong> 3103-3368<\/p>\n","protected":false},"excerpt":{"rendered":"<p>A quarta edi\u00e7\u00e3o da Semana do Beb\u00ea em Bras\u00edlia tem como tema o &#8220;direito ao abra\u00e7o &#8220;, que simboliza cuidado e prote\u00e7\u00e3o na primeira inf\u00e2ncia. O evento come\u00e7ou na \u00faltima sexta-feira (31\/5) e vai at\u00e9 a pr\u00f3xima sexta (7\/6) e conta com programa\u00e7\u00f5es especiais para crian\u00e7as e pais, como apresenta\u00e7\u00f5es artist\u00edcas, brincadeiras, palestras, oficinas e muito mais. A Semana do [&hellip;]<\/p>\n","protected":false},"author":106,"featured_media":652,"comment_status":"open","ping_status":"open","sticky":false,"template":"","format":"standard","meta":{"footnotes":""},"categories":[1],"tags":[],"class_list":["post-650","post","type-post","status-publish","format-standard","has-post-thumbnail","hentry","category-sem-categoria"],"_links":{"self":[{"href":"https:\/\/blogs.correiobraziliense.com.br\/primeirainfancia\/wp-json\/wp\/v2\/posts\/650","targetHints":{"allow":["GET"]}}],"collection":[{"href":"https:\/\/blogs.correiobraziliense.com.br\/primeirainfancia\/wp-json\/wp\/v2\/posts"}],"about":[{"href":"https:\/\/blogs.correiobraziliense.com.br\/primeirainfancia\/wp-json\/wp\/v2\/types\/post"}],"author":[{"embeddable":true,"href":"https:\/\/blogs.correiobraziliense.com.br\/primeirainfancia\/wp-json\/wp\/v2\/users\/106"}],"replies":[{"embeddable":true,"href":"https:\/\/blogs.correiobraziliense.com.br\/primeirainfancia\/wp-json\/wp\/v2\/comments?post=650"}],"version-history":[{"count":4,"href":"https:\/\/blogs.correiobraziliense.com.br\/primeirainfancia\/wp-json\/wp\/v2\/posts\/650\/revisions"}],"predecessor-version":[{"id":659,"href":"https:\/\/blogs.correiobraziliense.com.br\/primeirainfancia\/wp-json\/wp\/v2\/posts\/650\/revisions\/659"}],"wp:featuredmedia":[{"embeddable":true,"href":"https:\/\/blogs.correiobraziliense.com.br\/primeirainfancia\/wp-json\/wp\/v2\/media\/652"}],"wp:attachment":[{"href":"https:\/\/blogs.correiobraziliense.com.br\/primeirainfancia\/wp-json\/wp\/v2\/media?parent=650"}],"wp:term":[{"taxonomy":"category","embeddable":true,"href":"https:\/\/blogs.correiobraziliense.com.br\/primeirainfancia\/wp-json\/wp\/v2\/categories?post=650"},{"taxonomy":"post_tag","embeddable":true,"href":"https:\/\/blogs.correiobraziliense.com.br\/primeirainfancia\/wp-json\/wp\/v2\/tags?post=650"}],"curies":[{"name":"wp","href":"https:\/\/api.w.org\/{rel}","templated":true}]}}