{"id":643,"date":"2019-05-24T23:16:28","date_gmt":"2019-05-24T23:16:28","guid":{"rendered":"https:\/\/blogs.correiobraziliense.com.br\/primeirainfancia\/?p=643"},"modified":"2019-05-24T23:17:57","modified_gmt":"2019-05-24T23:17:57","slug":"psicopedagoga-isa-minatel-dara-palestra-em-brasilia","status":"publish","type":"post","link":"https:\/\/blogs.correiobraziliense.com.br\/primeirainfancia\/2019\/05\/24\/psicopedagoga-isa-minatel-dara-palestra-em-brasilia\/","title":{"rendered":"Psicopedagoga Isa Minatel dar\u00e1 palestra em Bras\u00edlia"},"content":{"rendered":"<p><strong>O evento ocorrer\u00e1 a partir das 14h, na Casa Thomas Jefferson<\/strong><\/p>\n<p>Isa Minatel, psicopedagoga e autora do programa Manh\u00e3 sem Limites, estar\u00e1 neste sab\u00e1do (25) em Bras\u00edlia para apresentar uma palestra sobre como entender as emo\u00e7\u00f5es dos filhos. Mesmo que eles ainda n\u00e3o usem as palavras para se expressar. O evento ocorrer\u00e1 a partir das 14h, na Casa Thomas Jefferson, na Asa Sul, e a apresenta\u00e7\u00e3o faz parte do Ciclo de palestras Nova gera\u00e7\u00e3o de pais. <a href=\"https:\/\/www.sympla.com.br\/entendendo-as-emocoes-do-seu-filho---com-isa-minatel__464686\">Para participar \u00e9 necess\u00e1rio se inscrever e pagar a taxa entre R$ 100 e R$ 150.<\/a><\/p>\n<p><img loading=\"lazy\" decoding=\"async\" class=\"aligncenter size-full wp-image-644\" src=\"https:\/\/blogs.correiobraziliense.com.br\/primeirainfancia\/wp-content\/uploads\/sites\/49\/2019\/05\/2-4.jpg\" alt=\"\" width=\"500\" height=\"477\" srcset=\"https:\/\/blogs.correiobraziliense.com.br\/primeirainfancia\/wp-content\/uploads\/sites\/49\/2019\/05\/2-4.jpg 500w, https:\/\/blogs.correiobraziliense.com.br\/primeirainfancia\/wp-content\/uploads\/sites\/49\/2019\/05\/2-4-300x286.jpg 300w, https:\/\/blogs.correiobraziliense.com.br\/primeirainfancia\/wp-content\/uploads\/sites\/49\/2019\/05\/2-4-230x219.jpg 230w\" sizes=\"auto, (max-width: 500px) 100vw, 500px\" \/><\/p>\n<p><strong>Abaixo, alguns temas ligados \u00e0 educa\u00e7\u00e3o infantil que quebram paradigmas sociais muito trabalhados pelos pais at\u00e9 hoje e que Isa pode falar a respeito.<\/strong><\/p>\n<p><strong>&#8211; &#8220;Cozinha \u00e9 lugar de crian\u00e7a&#8221;<\/strong><\/p>\n<p>Ela defende que crian\u00e7as pequenas podem se sentir mais estimuladas a comer, a participar das tarefas dom\u00e9sticas, al\u00e9m de aprender sobre seguran\u00e7a dentro de casa e brincar com coisas simples, passando tempo junto com os pais e n\u00e3o conectada \u00e0 Internet, em um c\u00f4modo isolado da casa.<\/p>\n<p><strong>&#8211; &#8220;Crian\u00e7a n\u00e3o gosta de brinquedo&#8221;<\/strong><\/p>\n<p>\u00c9 comum ouvir de pais de crian\u00e7as pequenas que o filho gosta mais de tampinhas, colheres de madeira, forminhas, panelas, terra e quando ganham brinquedos de lojas, elas n\u00e3o ligam e deixam de lado. Isa defende que o consumismo pode ser desacelerado na inf\u00e2ncia e a fam\u00edlia pode e deve estimular o brincar com acess\u00f3rios dom\u00e9sticos, ao ar livre. Tirar a crian\u00e7a do quarto e da sala e levar mais para a cozinha, para o banheiro e \u00e1rea de servi\u00e7o onde as coisas ocorrem dentro de casa.Tempo junto, livre brincar s\u00e3o grandes aliados na educa\u00e7\u00e3o infantil com afeto.<\/p>\n<p><strong>&#8211; &#8220;Deixe a crian\u00e7a brincar com o fogo&#8221;<\/strong><\/p>\n<p>Com supervis\u00e3o, claro! Isa indica que os pequenos participem da feitura dos alimentos. Que cozinhem junto, que entendam os riscos de mexer com o fog\u00e3o e panelas quentes e trabalhem a autoprote\u00e7\u00e3o e o respeito \u00e0s regras desde cedo, sempre assistidas pelos pais ou monitores.<\/p>\n<p><strong>&#8211; &#8220;\u00c9 preciso estudar para ser pai e m\u00e3e&#8221;<\/strong><\/p>\n<p>Isa lembra que precisamos de habilita\u00e7\u00e3o para trabalhar e para dirigir, mas n\u00e3o estudamos para cuidar de uma vida nova, o bem mais precioso do ser humano. Essa \u00e9 a profiss\u00e3o que n\u00e3o pode dar errado. Os pais precisam de conte\u00fado, de informa\u00e7\u00e3o, de conhecimento sobre as fases da inf\u00e2ncia, sobre como lidar com os filhos.<\/p>\n<p><strong>&#8211; &#8220;N\u00e3o quero que meu filho seja obediente&#8221;<\/strong><\/p>\n<p>Isa se refere ao empreendedorismo infantil. Crian\u00e7as cerceadas sob regras, n\u00e3o criam, nem empreendem. Ela lembra de exemplos das que desenham muito na escola e s\u00e3o coibidas por pais e professores e na vida adulta acabam se tornando grandes designers e ilustradores, ap\u00f3s vencer uma s\u00e9rie de obst\u00e1culos e frustra\u00e7\u00f5es.<\/p>\n<p><strong>Para mais informa\u00e7\u00f5es ligue<\/strong> (61) 3442-5500 ou acesse o site da institui\u00e7\u00e3o<br \/>\n<strong>Endere\u00e7o:<\/strong> SEPS 706\/906 \u2013 Conjunto B &#8211; Asa Sul \u2013 Bras\u00edlia, DF<\/p>\n","protected":false},"excerpt":{"rendered":"<p>O evento ocorrer\u00e1 a partir das 14h, na Casa Thomas Jefferson Isa Minatel, psicopedagoga e autora do programa Manh\u00e3 sem Limites, estar\u00e1 neste sab\u00e1do (25) em Bras\u00edlia para apresentar uma palestra sobre como entender as emo\u00e7\u00f5es dos filhos. Mesmo que eles ainda n\u00e3o usem as palavras para se expressar. O evento ocorrer\u00e1 a partir das 14h, na Casa Thomas Jefferson, [&hellip;]<\/p>\n","protected":false},"author":106,"featured_media":644,"comment_status":"open","ping_status":"open","sticky":false,"template":"","format":"standard","meta":{"footnotes":""},"categories":[1],"tags":[],"class_list":["post-643","post","type-post","status-publish","format-standard","has-post-thumbnail","hentry","category-sem-categoria"],"_links":{"self":[{"href":"https:\/\/blogs.correiobraziliense.com.br\/primeirainfancia\/wp-json\/wp\/v2\/posts\/643","targetHints":{"allow":["GET"]}}],"collection":[{"href":"https:\/\/blogs.correiobraziliense.com.br\/primeirainfancia\/wp-json\/wp\/v2\/posts"}],"about":[{"href":"https:\/\/blogs.correiobraziliense.com.br\/primeirainfancia\/wp-json\/wp\/v2\/types\/post"}],"author":[{"embeddable":true,"href":"https:\/\/blogs.correiobraziliense.com.br\/primeirainfancia\/wp-json\/wp\/v2\/users\/106"}],"replies":[{"embeddable":true,"href":"https:\/\/blogs.correiobraziliense.com.br\/primeirainfancia\/wp-json\/wp\/v2\/comments?post=643"}],"version-history":[{"count":1,"href":"https:\/\/blogs.correiobraziliense.com.br\/primeirainfancia\/wp-json\/wp\/v2\/posts\/643\/revisions"}],"predecessor-version":[{"id":645,"href":"https:\/\/blogs.correiobraziliense.com.br\/primeirainfancia\/wp-json\/wp\/v2\/posts\/643\/revisions\/645"}],"wp:featuredmedia":[{"embeddable":true,"href":"https:\/\/blogs.correiobraziliense.com.br\/primeirainfancia\/wp-json\/wp\/v2\/media\/644"}],"wp:attachment":[{"href":"https:\/\/blogs.correiobraziliense.com.br\/primeirainfancia\/wp-json\/wp\/v2\/media?parent=643"}],"wp:term":[{"taxonomy":"category","embeddable":true,"href":"https:\/\/blogs.correiobraziliense.com.br\/primeirainfancia\/wp-json\/wp\/v2\/categories?post=643"},{"taxonomy":"post_tag","embeddable":true,"href":"https:\/\/blogs.correiobraziliense.com.br\/primeirainfancia\/wp-json\/wp\/v2\/tags?post=643"}],"curies":[{"name":"wp","href":"https:\/\/api.w.org\/{rel}","templated":true}]}}