{"id":626,"date":"2019-05-22T22:16:51","date_gmt":"2019-05-22T22:16:51","guid":{"rendered":"https:\/\/blogs.correiobraziliense.com.br\/primeirainfancia\/?p=626"},"modified":"2019-05-22T23:08:24","modified_gmt":"2019-05-22T23:08:24","slug":"cldf-sediara-comissao-sobre-primeira-infancia-durante-a-semana-do-bebe","status":"publish","type":"post","link":"https:\/\/blogs.correiobraziliense.com.br\/primeirainfancia\/2019\/05\/22\/cldf-sediara-comissao-sobre-primeira-infancia-durante-a-semana-do-bebe\/","title":{"rendered":"CLDF sediar\u00e1 comiss\u00e3o sobre primeira inf\u00e2ncia durante a Semana do Beb\u00ea"},"content":{"rendered":"<p>Na pr\u00f3xima semana, o Plen\u00e1rio da C\u00e2mara Legislativa do Distrito Federal (CLDF) discutir\u00e1 como a CLDF e o Governo do Distrito Federal (GDF) investem na primeira inf\u00e2ncia \u2014 per\u00edodo que vai do nascimento at\u00e9 os 6 anos de idade. O evento ocorrer\u00e1 na pr\u00f3xima quinta-feira (6), \u00e0s 15h.<\/p>\n<p><img loading=\"lazy\" decoding=\"async\" class=\"aligncenter size-full wp-image-627\" src=\"https:\/\/blogs.correiobraziliense.com.br\/primeirainfancia\/wp-content\/uploads\/sites\/49\/2019\/05\/1.png\" alt=\"\" width=\"508\" height=\"505\" srcset=\"https:\/\/blogs.correiobraziliense.com.br\/primeirainfancia\/wp-content\/uploads\/sites\/49\/2019\/05\/1.png 508w, https:\/\/blogs.correiobraziliense.com.br\/primeirainfancia\/wp-content\/uploads\/sites\/49\/2019\/05\/1-150x150.png 150w, https:\/\/blogs.correiobraziliense.com.br\/primeirainfancia\/wp-content\/uploads\/sites\/49\/2019\/05\/1-300x298.png 300w, https:\/\/blogs.correiobraziliense.com.br\/primeirainfancia\/wp-content\/uploads\/sites\/49\/2019\/05\/1-230x229.png 230w\" sizes=\"auto, (max-width: 508px) 100vw, 508px\" \/><\/p>\n<p>A iniciativa \u00e9 da deputada distrital J\u00falia Lucy (Novo-DF), presidente da <a href=\"https:\/\/blogs.correiobraziliense.com.br\/primeirainfancia\/2019\/04\/24\/cldf-passa-a-contar-com-frente-parlamentar-da-primeira-infancia-e-gdf-estuda-convenios-para-aumentar-vagas-em-creches\/\">Frente Parlamentar da Primeira Inf\u00e2ncia<\/a>, que foi lan\u00e7ada em 22 de abril. O grupo \u00e9 composto ainda pelos parlamentares Jorge Vianna (Pode-DF), Delmasso (PRB-DF), Telma Ruffino (Pros-DF) e Reginaldo Sardinha (Avante-DF). A reuni\u00e3o \u00e9 organizada em parceria com a Comiss\u00e3o de Prote\u00e7\u00e3o e Defesa da Crian\u00e7a e Adolescente da Ordem dos Advogados do Brasil (OAB).<\/p>\n<p>Durante o evento, parlamentares, representantes dos governos distrital e federal, especialistas na \u00e1rea e representantes da sociedade civil falar\u00e3o sobre acolhimento, sa\u00fade e educa\u00e7\u00e3o durante a primeira inf\u00e2ncia. A audi\u00eancia no dia 6 integra a agenda de eventos da 4\u00aa Semana do Beb\u00ea do Distrito Federal, que ocorrer\u00e1 entre 31 de maio e 7 de junho.<\/p>\n<p>A iniciativa, apoiada pelo Fundo Internacional de Emerg\u00eancia para a Inf\u00e2ncia das Na\u00e7\u00f5es Unidas (Unicef), visa incentivar a mobiliza\u00e7\u00e3o e o debate sobre os direitos da crian\u00e7a na primeira inf\u00e2ncia, al\u00e9m dos de gestantes e m\u00e3es. A Semana do Beb\u00ea ocorre em diversos munic\u00edpios do pa\u00eds h\u00e1 mais de 10 anos. O principal objetivo \u00e9 incentivar a reflex\u00e3o e a avalia\u00e7\u00e3o das condi\u00e7\u00f5es sociais, educacionais e de sa\u00fade que o Estado oferece \u00e0s crian\u00e7as.<\/p>\n<p>Interessados na IV Semana do Beb\u00ea poder\u00e3o conferir a programa\u00e7\u00e3o, quando estiver pronta, no <a href=\"http:\/\/www.sejus.df.gov.br\/\">site<\/a><\/p>\n","protected":false},"excerpt":{"rendered":"<p>Na pr\u00f3xima semana, o Plen\u00e1rio da C\u00e2mara Legislativa do Distrito Federal (CLDF) discutir\u00e1 como a CLDF e o Governo do Distrito Federal (GDF) investem na primeira inf\u00e2ncia \u2014 per\u00edodo que vai do nascimento at\u00e9 os 6 anos de idade. O evento ocorrer\u00e1 na pr\u00f3xima quinta-feira (6), \u00e0s 15h. A iniciativa \u00e9 da deputada distrital J\u00falia Lucy (Novo-DF), presidente da Frente [&hellip;]<\/p>\n","protected":false},"author":106,"featured_media":627,"comment_status":"open","ping_status":"open","sticky":false,"template":"","format":"standard","meta":{"footnotes":""},"categories":[1],"tags":[],"class_list":["post-626","post","type-post","status-publish","format-standard","has-post-thumbnail","hentry","category-sem-categoria"],"_links":{"self":[{"href":"https:\/\/blogs.correiobraziliense.com.br\/primeirainfancia\/wp-json\/wp\/v2\/posts\/626","targetHints":{"allow":["GET"]}}],"collection":[{"href":"https:\/\/blogs.correiobraziliense.com.br\/primeirainfancia\/wp-json\/wp\/v2\/posts"}],"about":[{"href":"https:\/\/blogs.correiobraziliense.com.br\/primeirainfancia\/wp-json\/wp\/v2\/types\/post"}],"author":[{"embeddable":true,"href":"https:\/\/blogs.correiobraziliense.com.br\/primeirainfancia\/wp-json\/wp\/v2\/users\/106"}],"replies":[{"embeddable":true,"href":"https:\/\/blogs.correiobraziliense.com.br\/primeirainfancia\/wp-json\/wp\/v2\/comments?post=626"}],"version-history":[{"count":3,"href":"https:\/\/blogs.correiobraziliense.com.br\/primeirainfancia\/wp-json\/wp\/v2\/posts\/626\/revisions"}],"predecessor-version":[{"id":630,"href":"https:\/\/blogs.correiobraziliense.com.br\/primeirainfancia\/wp-json\/wp\/v2\/posts\/626\/revisions\/630"}],"wp:featuredmedia":[{"embeddable":true,"href":"https:\/\/blogs.correiobraziliense.com.br\/primeirainfancia\/wp-json\/wp\/v2\/media\/627"}],"wp:attachment":[{"href":"https:\/\/blogs.correiobraziliense.com.br\/primeirainfancia\/wp-json\/wp\/v2\/media?parent=626"}],"wp:term":[{"taxonomy":"category","embeddable":true,"href":"https:\/\/blogs.correiobraziliense.com.br\/primeirainfancia\/wp-json\/wp\/v2\/categories?post=626"},{"taxonomy":"post_tag","embeddable":true,"href":"https:\/\/blogs.correiobraziliense.com.br\/primeirainfancia\/wp-json\/wp\/v2\/tags?post=626"}],"curies":[{"name":"wp","href":"https:\/\/api.w.org\/{rel}","templated":true}]}}