{"id":621,"date":"2019-05-21T22:04:13","date_gmt":"2019-05-21T22:04:13","guid":{"rendered":"https:\/\/blogs.correiobraziliense.com.br\/primeirainfancia\/?p=621"},"modified":"2019-05-21T22:05:30","modified_gmt":"2019-05-21T22:05:30","slug":"projeto-pai-legal-nas-escolas-estara-no-recanto-das-emas-e-em-samambaia","status":"publish","type":"post","link":"https:\/\/blogs.correiobraziliense.com.br\/primeirainfancia\/2019\/05\/21\/projeto-pai-legal-nas-escolas-estara-no-recanto-das-emas-e-em-samambaia\/","title":{"rendered":"Projeto Pai Legal nas Escolas estar\u00e1 no Recanto das Emas e em Samambaia"},"content":{"rendered":"<p>A Promotoria de Justi\u00e7a de Defesa da Filia\u00e7\u00e3o (Profide) percorre as regi\u00f5es administrativas do Distrito Federal com atendimentos em centros comunit\u00e1rios ou em escolas pr\u00f3ximas ao local de resid\u00eancia das crian\u00e7as. A Profide organiza o programa Pai Legal nas Escolas com o objetivo de promover mutir\u00f5es de atendimento para regularizar a situa\u00e7\u00e3o de crian\u00e7as matriculadas nas escolas p\u00fablicas do Distrito Federal e que foram registradas sem o nome do pai.<\/p>\n<p><img loading=\"lazy\" decoding=\"async\" class=\"aligncenter size-full wp-image-622\" src=\"https:\/\/blogs.correiobraziliense.com.br\/primeirainfancia\/wp-content\/uploads\/sites\/49\/2019\/05\/1-3.jpg\" alt=\"\" width=\"750\" height=\"500\" srcset=\"https:\/\/blogs.correiobraziliense.com.br\/primeirainfancia\/wp-content\/uploads\/sites\/49\/2019\/05\/1-3.jpg 750w, https:\/\/blogs.correiobraziliense.com.br\/primeirainfancia\/wp-content\/uploads\/sites\/49\/2019\/05\/1-3-300x200.jpg 300w, https:\/\/blogs.correiobraziliense.com.br\/primeirainfancia\/wp-content\/uploads\/sites\/49\/2019\/05\/1-3-550x367.jpg 550w, https:\/\/blogs.correiobraziliense.com.br\/primeirainfancia\/wp-content\/uploads\/sites\/49\/2019\/05\/1-3-230x153.jpg 230w\" sizes=\"auto, (max-width: 750px) 100vw, 750px\" \/><\/p>\n<p>A iniciativa existe desde 2002 e atende alunos matriculados na rede de ensino p\u00fablico. Este m\u00eas, o Projeto Pai Legal nas Escolas ser\u00e1 promovido, no Recanto das Emas, nesta quarta-feira (22) e, em Samambaia, na pr\u00f3xima semana, em 29 de maio. Para esta quarta-feira (22), foram chamadas 524 m\u00e3es de alunos do ensino p\u00fablico do Recanto das Emas. Em Samambaia, foram 762 notifica\u00e7\u00f5es.<\/p>\n<p>Para que sejam atendidas, as respons\u00e1veis devem levar os documentos pessoais de identifica\u00e7\u00e3o e do filho, al\u00e9m de refer\u00eancias que possam auxiliar na localiza\u00e7\u00e3o do pai. Caso n\u00e3o haja informa\u00e7\u00f5es sobre a atual localiza\u00e7\u00e3o, o Minist\u00e9rio P\u00fablico do Distrito Federal e dos Territ\u00f3rios (MPDFT) pode ajudar na busca. Tamb\u00e9m \u00e9 poss\u00edvel se beneficiar do programa se o pai estiver preso ou for falecido.<\/p>\n<p><img loading=\"lazy\" decoding=\"async\" class=\"aligncenter size-full wp-image-623\" src=\"https:\/\/blogs.correiobraziliense.com.br\/primeirainfancia\/wp-content\/uploads\/sites\/49\/2019\/05\/2-2.jpg\" alt=\"\" width=\"750\" height=\"500\" srcset=\"https:\/\/blogs.correiobraziliense.com.br\/primeirainfancia\/wp-content\/uploads\/sites\/49\/2019\/05\/2-2.jpg 750w, https:\/\/blogs.correiobraziliense.com.br\/primeirainfancia\/wp-content\/uploads\/sites\/49\/2019\/05\/2-2-300x200.jpg 300w, https:\/\/blogs.correiobraziliense.com.br\/primeirainfancia\/wp-content\/uploads\/sites\/49\/2019\/05\/2-2-550x367.jpg 550w, https:\/\/blogs.correiobraziliense.com.br\/primeirainfancia\/wp-content\/uploads\/sites\/49\/2019\/05\/2-2-230x153.jpg 230w\" sizes=\"auto, (max-width: 750px) 100vw, 750px\" \/><\/p>\n<p>No Recanto das Emas, o servi\u00e7o come\u00e7a \u00e0s 14 horas e ocorrer\u00e1 no Centro de Conviv\u00eancia do Idoso, na Avenida Recanto das Emas, Quadra 205, em frente ao Castelo Forte. Em Samambaia, os mutir\u00f5es tamb\u00e9m come\u00e7am \u00e0s 14 horas e ser\u00e3o no Galp\u00e3o Multiuso do Complexo Cultural de Samambaia, Quadra 301, Conjunto 5, Centro Urbano (pr\u00f3ximo aos Correios).<\/p>\n","protected":false},"excerpt":{"rendered":"<p>A Promotoria de Justi\u00e7a de Defesa da Filia\u00e7\u00e3o (Profide) percorre as regi\u00f5es administrativas do Distrito Federal com atendimentos em centros comunit\u00e1rios ou em escolas pr\u00f3ximas ao local de resid\u00eancia das crian\u00e7as. A Profide organiza o programa Pai Legal nas Escolas com o objetivo de promover mutir\u00f5es de atendimento para regularizar a situa\u00e7\u00e3o de crian\u00e7as matriculadas nas escolas p\u00fablicas do Distrito [&hellip;]<\/p>\n","protected":false},"author":106,"featured_media":622,"comment_status":"open","ping_status":"open","sticky":false,"template":"","format":"standard","meta":{"footnotes":""},"categories":[1],"tags":[],"class_list":["post-621","post","type-post","status-publish","format-standard","has-post-thumbnail","hentry","category-sem-categoria"],"_links":{"self":[{"href":"https:\/\/blogs.correiobraziliense.com.br\/primeirainfancia\/wp-json\/wp\/v2\/posts\/621","targetHints":{"allow":["GET"]}}],"collection":[{"href":"https:\/\/blogs.correiobraziliense.com.br\/primeirainfancia\/wp-json\/wp\/v2\/posts"}],"about":[{"href":"https:\/\/blogs.correiobraziliense.com.br\/primeirainfancia\/wp-json\/wp\/v2\/types\/post"}],"author":[{"embeddable":true,"href":"https:\/\/blogs.correiobraziliense.com.br\/primeirainfancia\/wp-json\/wp\/v2\/users\/106"}],"replies":[{"embeddable":true,"href":"https:\/\/blogs.correiobraziliense.com.br\/primeirainfancia\/wp-json\/wp\/v2\/comments?post=621"}],"version-history":[{"count":2,"href":"https:\/\/blogs.correiobraziliense.com.br\/primeirainfancia\/wp-json\/wp\/v2\/posts\/621\/revisions"}],"predecessor-version":[{"id":625,"href":"https:\/\/blogs.correiobraziliense.com.br\/primeirainfancia\/wp-json\/wp\/v2\/posts\/621\/revisions\/625"}],"wp:featuredmedia":[{"embeddable":true,"href":"https:\/\/blogs.correiobraziliense.com.br\/primeirainfancia\/wp-json\/wp\/v2\/media\/622"}],"wp:attachment":[{"href":"https:\/\/blogs.correiobraziliense.com.br\/primeirainfancia\/wp-json\/wp\/v2\/media?parent=621"}],"wp:term":[{"taxonomy":"category","embeddable":true,"href":"https:\/\/blogs.correiobraziliense.com.br\/primeirainfancia\/wp-json\/wp\/v2\/categories?post=621"},{"taxonomy":"post_tag","embeddable":true,"href":"https:\/\/blogs.correiobraziliense.com.br\/primeirainfancia\/wp-json\/wp\/v2\/tags?post=621"}],"curies":[{"name":"wp","href":"https:\/\/api.w.org\/{rel}","templated":true}]}}