{"id":575,"date":"2019-05-07T23:20:47","date_gmt":"2019-05-07T23:20:47","guid":{"rendered":"https:\/\/blogs.correiobraziliense.com.br\/primeirainfancia\/?p=575"},"modified":"2019-05-17T23:48:22","modified_gmt":"2019-05-17T23:48:22","slug":"seminario-propoe-reflexoes-sobre-interacao-das-criancas-com-a-natureza","status":"publish","type":"post","link":"https:\/\/blogs.correiobraziliense.com.br\/primeirainfancia\/2019\/05\/07\/seminario-propoe-reflexoes-sobre-interacao-das-criancas-com-a-natureza\/","title":{"rendered":"Semin\u00e1rio prop\u00f5e reflex\u00f5es sobre intera\u00e7\u00e3o das crian\u00e7as com a natureza"},"content":{"rendered":"<header class=\"entry-header\">O\u00a0<a href=\"http:\/\/www.sescrio.org.br\/\">Servi\u00e7o Social do Com\u00e9rcio (Sesc)<\/a>\u00a0e o\u00a0<a href=\"https:\/\/alana.org.br\/\">Instituto Alana<\/a>\u00a0, por meio do programa Crian\u00e7a e Natureza, promovem o semin\u00e1rio Inf\u00e2ncias e naturezas, um olhar para a diversidade social e ambiental. O evento ser\u00e1 em 10 e 11 de junho, no Departamento Nacional do Sesc, no Rio de Janeiro. O encontro reunir\u00e1 especialistas e educadores de todo o Brasil para di\u00e1logos sobre a necessidade de maior intera\u00e7\u00e3o das crian\u00e7as com a natureza.<\/header>\n<header><\/header>\n<header class=\"entry-header\"><img loading=\"lazy\" decoding=\"async\" class=\"lazy aligncenter size-full wp-image-572 lazy-loaded\" src=\"https:\/\/blogs.correiobraziliense.com.br\/primeirainfancia\/wp-content\/uploads\/sites\/49\/2019\/05\/1.jpeg\" alt=\"\" width=\"750\" height=\"500\" srcset=\"https:\/\/blogs.correiobraziliense.com.br\/primeirainfancia\/wp-content\/uploads\/sites\/49\/2019\/05\/1.jpeg 750w, https:\/\/blogs.correiobraziliense.com.br\/primeirainfancia\/wp-content\/uploads\/sites\/49\/2019\/05\/1-300x200.jpeg 300w, https:\/\/blogs.correiobraziliense.com.br\/primeirainfancia\/wp-content\/uploads\/sites\/49\/2019\/05\/1-550x367.jpeg 550w, https:\/\/blogs.correiobraziliense.com.br\/primeirainfancia\/wp-content\/uploads\/sites\/49\/2019\/05\/1-230x153.jpeg 230w\" sizes=\"auto, (max-width: 750px) 100vw, 750px\" \/>Na pauta no semin\u00e1rio est\u00e3o temas como: seguran\u00e7a no espa\u00e7o p\u00fablico, diferentes tipos de inf\u00e2ncia, conex\u00e3o com a natureza e preserva\u00e7\u00e3o do ambiente. As conversas ser\u00e3o conduzidas por Cl\u00e1udio Maretti, especialista em \u00e1reas protegidas; Evelyn Eisentein, m\u00e9dica pediatra; Ilana Katz, psicanalista de orienta\u00e7\u00e3o lacaniana; Marie Ange Bordas, artista, autora e mediadora cultural; Murilo Cavalcanti, administrador de empresa e Secret\u00e1rio de Seguran\u00e7a Urbana da Cidade do Recife; Renato Noguera, doutor em filosofia; Roque Antonio Juaquim, observador da cultura da inf\u00e2ncia; S\u00e9rgio Godinho, diretor da Escola da Serra; e Tain\u00e1 de Paula, arquiteta e urbanista, especialista em patrim\u00f4nio cultural.Durante os dois dias de programa\u00e7\u00e3o, haver\u00e1 diversas oficinas que ensinam como fazer pipas, bichinhos em madeira, tintas \u00e0 base de terra e pintura, comedouros artesanais para observa\u00e7\u00e3o de aves, entre outras. O semin\u00e1rio abrir\u00e1 espa\u00e7o para apresenta\u00e7\u00e3o de trabalhos, pesquisas e experi\u00eancias. Haver\u00e1 ainda exposi\u00e7\u00e3o de pain\u00e9is de projetos selecionados para valorizar a rela\u00e7\u00e3o entre as crian\u00e7as e a natureza.<\/p>\n<p>O evento ser\u00e1 gratuito e as vagas s\u00e3o limitadas. Inscreva-se pelo <a href=\"http:\/\/wnetautomacao.com.br\/seminariocriancaenatureza\/\" target=\"_blank\" rel=\"noopener\">site<\/a>. \u00c9 poss\u00edvel conferir a programa\u00e7\u00e3o completa no<a href=\"https:\/\/criancaenatureza.org.br\/programacao-iv-seminario-crianca-e-natureza\/\" target=\"_blank\" rel=\"noopener\"> link<\/a>.<\/p>\n<p><strong>Semin\u00e1rio Inf\u00e2ncia e natureza, um olhar para a diversidade social e ambiental<\/strong><\/p>\n<p>10 e 11 de junho, das 9h \u00e0s 17h<\/p>\n<p><strong>Local:<\/strong>\u00a0Teatro Sesc Senac, Avenida Ayrton Senna, 5555, Gard\u00eania Azul, Rio de Janeiro (RJ)<\/p>\n<\/header>\n","protected":false},"excerpt":{"rendered":"<p>O\u00a0Servi\u00e7o Social do Com\u00e9rcio (Sesc)\u00a0e o\u00a0Instituto Alana\u00a0, por meio do programa Crian\u00e7a e Natureza, promovem o semin\u00e1rio Inf\u00e2ncias e naturezas, um olhar para a diversidade social e ambiental. O evento ser\u00e1 em 10 e 11 de junho, no Departamento Nacional do Sesc, no Rio de Janeiro. O encontro reunir\u00e1 especialistas e educadores de todo o Brasil para di\u00e1logos sobre a [&hellip;]<\/p>\n","protected":false},"author":106,"featured_media":572,"comment_status":"open","ping_status":"open","sticky":false,"template":"","format":"standard","meta":{"footnotes":""},"categories":[1],"tags":[],"class_list":["post-575","post","type-post","status-publish","format-standard","has-post-thumbnail","hentry","category-sem-categoria"],"_links":{"self":[{"href":"https:\/\/blogs.correiobraziliense.com.br\/primeirainfancia\/wp-json\/wp\/v2\/posts\/575","targetHints":{"allow":["GET"]}}],"collection":[{"href":"https:\/\/blogs.correiobraziliense.com.br\/primeirainfancia\/wp-json\/wp\/v2\/posts"}],"about":[{"href":"https:\/\/blogs.correiobraziliense.com.br\/primeirainfancia\/wp-json\/wp\/v2\/types\/post"}],"author":[{"embeddable":true,"href":"https:\/\/blogs.correiobraziliense.com.br\/primeirainfancia\/wp-json\/wp\/v2\/users\/106"}],"replies":[{"embeddable":true,"href":"https:\/\/blogs.correiobraziliense.com.br\/primeirainfancia\/wp-json\/wp\/v2\/comments?post=575"}],"version-history":[{"count":6,"href":"https:\/\/blogs.correiobraziliense.com.br\/primeirainfancia\/wp-json\/wp\/v2\/posts\/575\/revisions"}],"predecessor-version":[{"id":619,"href":"https:\/\/blogs.correiobraziliense.com.br\/primeirainfancia\/wp-json\/wp\/v2\/posts\/575\/revisions\/619"}],"wp:featuredmedia":[{"embeddable":true,"href":"https:\/\/blogs.correiobraziliense.com.br\/primeirainfancia\/wp-json\/wp\/v2\/media\/572"}],"wp:attachment":[{"href":"https:\/\/blogs.correiobraziliense.com.br\/primeirainfancia\/wp-json\/wp\/v2\/media?parent=575"}],"wp:term":[{"taxonomy":"category","embeddable":true,"href":"https:\/\/blogs.correiobraziliense.com.br\/primeirainfancia\/wp-json\/wp\/v2\/categories?post=575"},{"taxonomy":"post_tag","embeddable":true,"href":"https:\/\/blogs.correiobraziliense.com.br\/primeirainfancia\/wp-json\/wp\/v2\/tags?post=575"}],"curies":[{"name":"wp","href":"https:\/\/api.w.org\/{rel}","templated":true}]}}