{"id":563,"date":"2019-05-06T21:57:07","date_gmt":"2019-05-06T21:57:07","guid":{"rendered":"https:\/\/blogs.correiobraziliense.com.br\/primeirainfancia\/?p=563"},"modified":"2019-05-07T20:27:38","modified_gmt":"2019-05-07T20:27:38","slug":"livro-explica-as-criancas-a-importancia-da-amamentacao","status":"publish","type":"post","link":"https:\/\/blogs.correiobraziliense.com.br\/primeirainfancia\/2019\/05\/06\/livro-explica-as-criancas-a-importancia-da-amamentacao\/","title":{"rendered":"Livro  explica \u00e0s crian\u00e7as a import\u00e2ncia da amamenta\u00e7\u00e3o"},"content":{"rendered":"<p>Lan\u00e7amento da Paulinas Editora, o livro <em>\u00c9 mam\u00edfero que fala, n\u00e9?<\/em>, de autoria de Moises Chencinski e Vanessa Abreu, chegou \u00e0s livrarias e \u00e0s lojas on-line com uma proposta inusitada: falar de aleitamento materno diretamente para as fam\u00edlias, especialmente para as crian\u00e7as, empregando uma linguagem carinhosa, cuidadosa e acess\u00edvel.<\/p>\n<p>Para construir o livro, o pediatra e homeopata Moises Chencinski, em parceria com a nutricionista e consultora em aleitamento materno, Vanessa Abreu, tiveram a ideia de abordar o tema de forma l\u00fadica, fortalecendo o v\u00ednculo familiar (entre membros como pai, av\u00f3s, tios), que \u00e9 a base da rede de apoio para a m\u00e3e que amamenta. Ao analisarem as ideias, decidiram contar a hist\u00f3ria de maneira simples, para as crian\u00e7as, relacionando-a com algo aprendido em sala de aula: os mam\u00edferos. Com ilustra\u00e7\u00f5es da artista pl\u00e1stica Helena Cortez, o livro revela o que h\u00e1 de comum entre todos os mam\u00edferos de maneira bel\u00edssima e po\u00e9tica.<\/p>\n<p><img loading=\"lazy\" decoding=\"async\" class=\"aligncenter size-full wp-image-564\" src=\"https:\/\/blogs.correiobraziliense.com.br\/primeirainfancia\/wp-content\/uploads\/sites\/49\/2019\/05\/7.jpg\" alt=\"\" width=\"500\" height=\"500\" srcset=\"https:\/\/blogs.correiobraziliense.com.br\/primeirainfancia\/wp-content\/uploads\/sites\/49\/2019\/05\/7.jpg 500w, https:\/\/blogs.correiobraziliense.com.br\/primeirainfancia\/wp-content\/uploads\/sites\/49\/2019\/05\/7-150x150.jpg 150w, https:\/\/blogs.correiobraziliense.com.br\/primeirainfancia\/wp-content\/uploads\/sites\/49\/2019\/05\/7-300x300.jpg 300w, https:\/\/blogs.correiobraziliense.com.br\/primeirainfancia\/wp-content\/uploads\/sites\/49\/2019\/05\/7-230x230.jpg 230w\" sizes=\"auto, (max-width: 500px) 100vw, 500px\" \/><\/p>\n<p>&nbsp;<\/p>\n<p>Muitos fatores s\u00e3o conhecidos e explorados na obra: falta de informa\u00e7\u00e3o ou informa\u00e7\u00e3o inadequada (palpites) nas redes sociais, amigos e familiares e at\u00e9 de profissionais de sa\u00fade, falta de apoio \u00e0 amamenta\u00e7\u00e3o durante o pr\u00e9-natal, na maternidade e mesmo nas primeiras consultas com o pediatra,falta de espa\u00e7o na m\u00eddia para divulga\u00e7\u00e3o \u00e9tica e constante sobre a import\u00e2ncia do leite materno, licen\u00e7a-maternidade insuficiente para que ocorra aleitamento materno exclusivo, marketing abusivo das ind\u00fastrias de f\u00f3rmulas infantis, cultura de desmame desde a inf\u00e2ncia, quando a maioria das bonecas vem com mamadeiras e chupetas, e muitas outras quest\u00f5es.<\/p>\n<p>Para n\u00e3o ficar s\u00f3 esperando que \u201cos outros\u201d fa\u00e7am alguma coisa em prol do aleitamento materno, o livro <em>\u00c9 mam\u00edfero que fala, n\u00e9?<\/em> chega com a miss\u00e3o de reunir a fam\u00edlia, fortalecer os v\u00ednculos, refor\u00e7ar a conta\u00e7\u00e3o de hist\u00f3rias e disseminar informa\u00e7\u00f5es sobre o aleitamento materno.<\/p>\n<p>&nbsp;<\/p>\n<p><em><strong>\u00c9 mam\u00edfero que fala, n\u00e9?<\/strong><\/em><\/p>\n<p><strong>Autores:\u00a0<\/strong>Vanessa de Abreu Barbosa Fernandes, Moises Chencinski<\/p>\n<p><strong>Ilustra\u00e7\u00f5es:<\/strong> Helena Cortez<\/p>\n<p><strong>Editora<\/strong>: Paulinas<\/p>\n<p>40 p\u00e1ginas<\/p>\n<p>R$ 31,50<\/p>\n<p>&nbsp;<\/p>\n<p><strong>Confira relato dos autores sobre a obra:<\/strong><\/p>\n<p><iframe loading=\"lazy\" width=\"1440\" height=\"810\" src=\"https:\/\/www.youtube.com\/embed\/ZnrB7l3b8hY?feature=oembed\" frameborder=\"0\" allow=\"accelerometer; autoplay; encrypted-media; gyroscope; picture-in-picture\" allowfullscreen><\/iframe><\/p>\n","protected":false},"excerpt":{"rendered":"<p>Lan\u00e7amento da Paulinas Editora, o livro \u00c9 mam\u00edfero que fala, n\u00e9?, de autoria de Moises Chencinski e Vanessa Abreu, chegou \u00e0s livrarias e \u00e0s lojas on-line com uma proposta inusitada: falar de aleitamento materno diretamente para as fam\u00edlias, especialmente para as crian\u00e7as, empregando uma linguagem carinhosa, cuidadosa e acess\u00edvel. Para construir o livro, o pediatra e homeopata Moises Chencinski, em [&hellip;]<\/p>\n","protected":false},"author":106,"featured_media":564,"comment_status":"open","ping_status":"open","sticky":false,"template":"","format":"standard","meta":{"footnotes":""},"categories":[49],"tags":[48,30,129,128],"class_list":["post-563","post","type-post","status-publish","format-standard","has-post-thumbnail","hentry","category-livros","tag-amamentacao","tag-livro","tag-mamifero","tag-maternidade"],"_links":{"self":[{"href":"https:\/\/blogs.correiobraziliense.com.br\/primeirainfancia\/wp-json\/wp\/v2\/posts\/563","targetHints":{"allow":["GET"]}}],"collection":[{"href":"https:\/\/blogs.correiobraziliense.com.br\/primeirainfancia\/wp-json\/wp\/v2\/posts"}],"about":[{"href":"https:\/\/blogs.correiobraziliense.com.br\/primeirainfancia\/wp-json\/wp\/v2\/types\/post"}],"author":[{"embeddable":true,"href":"https:\/\/blogs.correiobraziliense.com.br\/primeirainfancia\/wp-json\/wp\/v2\/users\/106"}],"replies":[{"embeddable":true,"href":"https:\/\/blogs.correiobraziliense.com.br\/primeirainfancia\/wp-json\/wp\/v2\/comments?post=563"}],"version-history":[{"count":5,"href":"https:\/\/blogs.correiobraziliense.com.br\/primeirainfancia\/wp-json\/wp\/v2\/posts\/563\/revisions"}],"predecessor-version":[{"id":569,"href":"https:\/\/blogs.correiobraziliense.com.br\/primeirainfancia\/wp-json\/wp\/v2\/posts\/563\/revisions\/569"}],"wp:featuredmedia":[{"embeddable":true,"href":"https:\/\/blogs.correiobraziliense.com.br\/primeirainfancia\/wp-json\/wp\/v2\/media\/564"}],"wp:attachment":[{"href":"https:\/\/blogs.correiobraziliense.com.br\/primeirainfancia\/wp-json\/wp\/v2\/media?parent=563"}],"wp:term":[{"taxonomy":"category","embeddable":true,"href":"https:\/\/blogs.correiobraziliense.com.br\/primeirainfancia\/wp-json\/wp\/v2\/categories?post=563"},{"taxonomy":"post_tag","embeddable":true,"href":"https:\/\/blogs.correiobraziliense.com.br\/primeirainfancia\/wp-json\/wp\/v2\/tags?post=563"}],"curies":[{"name":"wp","href":"https:\/\/api.w.org\/{rel}","templated":true}]}}