{"id":552,"date":"2019-05-06T21:35:26","date_gmt":"2019-05-06T21:35:26","guid":{"rendered":"https:\/\/blogs.correiobraziliense.com.br\/primeirainfancia\/?p=552"},"modified":"2019-05-07T20:30:36","modified_gmt":"2019-05-07T20:30:36","slug":"livros-de-banho-sao-lancados-para-bebes","status":"publish","type":"post","link":"https:\/\/blogs.correiobraziliense.com.br\/primeirainfancia\/2019\/05\/06\/livros-de-banho-sao-lancados-para-bebes\/","title":{"rendered":"Livros de banho s\u00e3o lan\u00e7ados para beb\u00eas"},"content":{"rendered":"<p>A Catapulta Editores lan\u00e7ou cole\u00e7\u00e3o de livros imperme\u00e1veis para tornar o momento do banho mais divertido para beb\u00eas e crian\u00e7as pequenas. Oscar, Lilinha, Sofia e Valentim s\u00e3o os novos personagens das obras. As publica\u00e7\u00f5es podem ser usadas na hora do banho e cada uma conta com um bichinho como protagonista, que acompanha a hist\u00f3ria e pode ser usado em contato com a \u00e1gua.<\/p>\n<p>A cole\u00e7\u00e3o tem quatro t\u00edtulos diferentes com seis p\u00e1ginas, e \u00e9 indicado para beb\u00eas a partir dos seis meses. Os t\u00edtulos s\u00e3o: <em>Oscar explora o fundo do mar<\/em>, <em>Lilinha adora cosquinha<\/em>, <em>Sofia e seus amigos se divertem debaixo d\u2019\u00e1gua<\/em>\u00a0e <em>O dia de Valentim, o pinguim<\/em>.<\/p>\n<p>Macios e resistentes, os livros v\u00eam acompanhados de uma bolsinha pl\u00e1stica de z\u00edper e um bonequinho com o personagem equivalente.<\/p>\n<p><strong>Conhe\u00e7a os livros!<\/strong><\/p>\n<p><img loading=\"lazy\" decoding=\"async\" class=\"aligncenter size-full wp-image-555\" src=\"https:\/\/blogs.correiobraziliense.com.br\/primeirainfancia\/wp-content\/uploads\/sites\/49\/2019\/05\/3.jpg\" alt=\"\" width=\"500\" height=\"500\" srcset=\"https:\/\/blogs.correiobraziliense.com.br\/primeirainfancia\/wp-content\/uploads\/sites\/49\/2019\/05\/3.jpg 500w, https:\/\/blogs.correiobraziliense.com.br\/primeirainfancia\/wp-content\/uploads\/sites\/49\/2019\/05\/3-150x150.jpg 150w, https:\/\/blogs.correiobraziliense.com.br\/primeirainfancia\/wp-content\/uploads\/sites\/49\/2019\/05\/3-300x300.jpg 300w, https:\/\/blogs.correiobraziliense.com.br\/primeirainfancia\/wp-content\/uploads\/sites\/49\/2019\/05\/3-230x230.jpg 230w\" sizes=\"auto, (max-width: 500px) 100vw, 500px\" \/><\/p>\n<p><em><strong>Oscar explora o fundo do mar<\/strong><\/em><\/p>\n<p><strong>Editora:<\/strong><br \/>\nCatapulta Editores<\/p>\n<p><strong>P\u00e1ginas:\u00a0<\/strong>6<br \/>\nR$ 49,90<\/p>\n<p><img loading=\"lazy\" decoding=\"async\" class=\"aligncenter size-full wp-image-556\" src=\"https:\/\/blogs.correiobraziliense.com.br\/primeirainfancia\/wp-content\/uploads\/sites\/49\/2019\/05\/4.jpg\" alt=\"\" width=\"500\" height=\"500\" srcset=\"https:\/\/blogs.correiobraziliense.com.br\/primeirainfancia\/wp-content\/uploads\/sites\/49\/2019\/05\/4.jpg 500w, https:\/\/blogs.correiobraziliense.com.br\/primeirainfancia\/wp-content\/uploads\/sites\/49\/2019\/05\/4-150x150.jpg 150w, https:\/\/blogs.correiobraziliense.com.br\/primeirainfancia\/wp-content\/uploads\/sites\/49\/2019\/05\/4-300x300.jpg 300w, https:\/\/blogs.correiobraziliense.com.br\/primeirainfancia\/wp-content\/uploads\/sites\/49\/2019\/05\/4-230x230.jpg 230w\" sizes=\"auto, (max-width: 500px) 100vw, 500px\" \/><\/p>\n<p><em><strong>Sofia e seus\u00a0<\/strong><strong>amigos se divertem debaixo d\u2019\u00e1gua<\/strong><\/em><\/p>\n<p><strong>Editora:<\/strong><br \/>\nCatapulta Editores<\/p>\n<p>P\u00e1ginas:\u00a06<\/p>\n<p>R$ 49,90<\/p>\n<p><img loading=\"lazy\" decoding=\"async\" class=\"aligncenter size-full wp-image-554\" src=\"https:\/\/blogs.correiobraziliense.com.br\/primeirainfancia\/wp-content\/uploads\/sites\/49\/2019\/05\/2.jpg\" alt=\"\" width=\"500\" height=\"500\" srcset=\"https:\/\/blogs.correiobraziliense.com.br\/primeirainfancia\/wp-content\/uploads\/sites\/49\/2019\/05\/2.jpg 500w, https:\/\/blogs.correiobraziliense.com.br\/primeirainfancia\/wp-content\/uploads\/sites\/49\/2019\/05\/2-150x150.jpg 150w, https:\/\/blogs.correiobraziliense.com.br\/primeirainfancia\/wp-content\/uploads\/sites\/49\/2019\/05\/2-300x300.jpg 300w, https:\/\/blogs.correiobraziliense.com.br\/primeirainfancia\/wp-content\/uploads\/sites\/49\/2019\/05\/2-230x230.jpg 230w\" sizes=\"auto, (max-width: 500px) 100vw, 500px\" \/><\/p>\n<p><em><strong>O dia de Valentim,\u00a0<\/strong><strong>o pinguim<\/strong><\/em><\/p>\n<p><strong>Editora:<\/strong><br \/>\nCatapulta Editores<\/p>\n<p><strong>P\u00e1ginas:<\/strong>\u00a06<\/p>\n<p>R$ 49,90<\/p>\n<p><img loading=\"lazy\" decoding=\"async\" class=\"aligncenter size-full wp-image-553\" src=\"https:\/\/blogs.correiobraziliense.com.br\/primeirainfancia\/wp-content\/uploads\/sites\/49\/2019\/05\/1.jpg\" alt=\"\" width=\"500\" height=\"500\" srcset=\"https:\/\/blogs.correiobraziliense.com.br\/primeirainfancia\/wp-content\/uploads\/sites\/49\/2019\/05\/1.jpg 500w, https:\/\/blogs.correiobraziliense.com.br\/primeirainfancia\/wp-content\/uploads\/sites\/49\/2019\/05\/1-150x150.jpg 150w, https:\/\/blogs.correiobraziliense.com.br\/primeirainfancia\/wp-content\/uploads\/sites\/49\/2019\/05\/1-300x300.jpg 300w, https:\/\/blogs.correiobraziliense.com.br\/primeirainfancia\/wp-content\/uploads\/sites\/49\/2019\/05\/1-230x230.jpg 230w\" sizes=\"auto, (max-width: 500px) 100vw, 500px\" \/><\/p>\n<p><em><strong>Lilinha adora\u00a0<\/strong><strong>cosquinha<\/strong><\/em><\/p>\n<p><strong>Editora:<\/strong><br \/>\nCatapulta Editores<\/p>\n<p>P\u00e1ginas:\u00a06<\/p>\n<p>R$ 49,90<\/p>\n","protected":false},"excerpt":{"rendered":"<p>A Catapulta Editores lan\u00e7ou cole\u00e7\u00e3o de livros imperme\u00e1veis para tornar o momento do banho mais divertido para beb\u00eas e crian\u00e7as pequenas. Oscar, Lilinha, Sofia e Valentim s\u00e3o os novos personagens das obras. As publica\u00e7\u00f5es podem ser usadas na hora do banho e cada uma conta com um bichinho como protagonista, que acompanha a hist\u00f3ria e pode ser usado em contato [&hellip;]<\/p>\n","protected":false},"author":106,"featured_media":561,"comment_status":"open","ping_status":"open","sticky":false,"template":"","format":"standard","meta":{"footnotes":""},"categories":[49],"tags":[130,131,132,30],"class_list":["post-552","post","type-post","status-publish","format-standard","has-post-thumbnail","hentry","category-livros","tag-banho","tag-brincadeira","tag-diversao","tag-livro"],"_links":{"self":[{"href":"https:\/\/blogs.correiobraziliense.com.br\/primeirainfancia\/wp-json\/wp\/v2\/posts\/552","targetHints":{"allow":["GET"]}}],"collection":[{"href":"https:\/\/blogs.correiobraziliense.com.br\/primeirainfancia\/wp-json\/wp\/v2\/posts"}],"about":[{"href":"https:\/\/blogs.correiobraziliense.com.br\/primeirainfancia\/wp-json\/wp\/v2\/types\/post"}],"author":[{"embeddable":true,"href":"https:\/\/blogs.correiobraziliense.com.br\/primeirainfancia\/wp-json\/wp\/v2\/users\/106"}],"replies":[{"embeddable":true,"href":"https:\/\/blogs.correiobraziliense.com.br\/primeirainfancia\/wp-json\/wp\/v2\/comments?post=552"}],"version-history":[{"count":6,"href":"https:\/\/blogs.correiobraziliense.com.br\/primeirainfancia\/wp-json\/wp\/v2\/posts\/552\/revisions"}],"predecessor-version":[{"id":570,"href":"https:\/\/blogs.correiobraziliense.com.br\/primeirainfancia\/wp-json\/wp\/v2\/posts\/552\/revisions\/570"}],"wp:featuredmedia":[{"embeddable":true,"href":"https:\/\/blogs.correiobraziliense.com.br\/primeirainfancia\/wp-json\/wp\/v2\/media\/561"}],"wp:attachment":[{"href":"https:\/\/blogs.correiobraziliense.com.br\/primeirainfancia\/wp-json\/wp\/v2\/media?parent=552"}],"wp:term":[{"taxonomy":"category","embeddable":true,"href":"https:\/\/blogs.correiobraziliense.com.br\/primeirainfancia\/wp-json\/wp\/v2\/categories?post=552"},{"taxonomy":"post_tag","embeddable":true,"href":"https:\/\/blogs.correiobraziliense.com.br\/primeirainfancia\/wp-json\/wp\/v2\/tags?post=552"}],"curies":[{"name":"wp","href":"https:\/\/api.w.org\/{rel}","templated":true}]}}