{"id":531,"date":"2019-04-24T23:49:25","date_gmt":"2019-04-24T23:49:25","guid":{"rendered":"https:\/\/blogs.correiobraziliense.com.br\/primeirainfancia\/?p=531"},"modified":"2019-05-01T21:35:31","modified_gmt":"2019-05-01T21:35:31","slug":"cldf-passa-a-contar-com-frente-parlamentar-da-primeira-infancia-e-gdf-estuda-convenios-para-aumentar-vagas-em-creches","status":"publish","type":"post","link":"https:\/\/blogs.correiobraziliense.com.br\/primeirainfancia\/2019\/04\/24\/cldf-passa-a-contar-com-frente-parlamentar-da-primeira-infancia-e-gdf-estuda-convenios-para-aumentar-vagas-em-creches\/","title":{"rendered":"CLDF passa a contar com Frente Parlamentar da Primeira Inf\u00e2ncia; e GDF estuda conv\u00eanios para aumentar vagas em creches"},"content":{"rendered":"<p>A C\u00e2mara Legislativa do Distrito Federal (CLDF) agora tem uma Frente Parlamentar da Primeira Inf\u00e2ncia. O grupo de deputados distritais juntar\u00e1 esfor\u00e7os em defesa de a\u00e7\u00f5es e pol\u00edticas p\u00fablicas direcionada a crian\u00e7as de 0 a 6 anos. A frente foi lan\u00e7ada na \u00faltima segunda-feira (22).<\/p>\n<figure id=\"attachment_532\" aria-describedby=\"caption-attachment-532\" style=\"width: 750px\" class=\"wp-caption aligncenter\"><img loading=\"lazy\" decoding=\"async\" class=\"size-full wp-image-532\" src=\"https:\/\/blogs.correiobraziliense.com.br\/primeirainfancia\/wp-content\/uploads\/sites\/49\/2019\/04\/1.jpg\" alt=\"Ag\u00eancia Bras\u00edlia\/Reprodu\u00e7\u00e3o\" width=\"750\" height=\"500\" srcset=\"https:\/\/blogs.correiobraziliense.com.br\/primeirainfancia\/wp-content\/uploads\/sites\/49\/2019\/04\/1.jpg 750w, https:\/\/blogs.correiobraziliense.com.br\/primeirainfancia\/wp-content\/uploads\/sites\/49\/2019\/04\/1-300x200.jpg 300w, https:\/\/blogs.correiobraziliense.com.br\/primeirainfancia\/wp-content\/uploads\/sites\/49\/2019\/04\/1-550x367.jpg 550w, https:\/\/blogs.correiobraziliense.com.br\/primeirainfancia\/wp-content\/uploads\/sites\/49\/2019\/04\/1-230x153.jpg 230w\" sizes=\"auto, (max-width: 750px) 100vw, 750px\" \/><figcaption id=\"caption-attachment-532\" class=\"wp-caption-text\">O evento de lan\u00e7amento da Frente Parlamentar da Primeira Inf\u00e2ncia<\/figcaption><\/figure>\n<p>Uma das miss\u00f5es da associa\u00e7\u00e3o de parlamentares ser\u00e1 batalhar para atender todos os pedidos de vagas em creches. A presidente da frente \u00e9 a deputada distrital J\u00falia Lucy (Novo), que defende a import\u00e2ncia das creches, especialmente para as fam\u00edlias menos favorecidas. Ela classifica a primeira inf\u00e2ncia como uma fase decisiva para a forma\u00e7\u00e3o dos cidad\u00e3os.<\/p>\n<p>A Frente Parlamentar da Primeira Inf\u00e2ncia tamb\u00e9m discutir\u00e1 propostas que v\u00e3o al\u00e9m das creches, envolvendo planejamento familiar; melhoria nos servi\u00e7os de sa\u00fade neonatal e da inf\u00e2ncia; acolhimento profissional da m\u00e3e no mercado de trabalho; e educa\u00e7\u00e3o infantil.<\/p>\n<p><strong>Apoio do Executivo local<\/strong><br \/>\nA fim de ampliar as vagas em creches p\u00fablicas, o Governo do Distrito Federal (GDF) analisa estabelecer conv\u00eanios com o terceiro setor para suprir a car\u00eancia de creches e servi\u00e7os voltados \u00e0 primeira inf\u00e2ncia. Al\u00e9m das creches, a proposta \u00e9 de agregar ideias, defendendo pol\u00edticas de aten\u00e7\u00e3o \u00e0s crian\u00e7as de forma ampla.<\/p>\n<p><strong>No Legislativo federal<\/strong><br \/>\nO Congresso Nacional tamb\u00e9m conta com uma iniciativa voltada \u00e0 primeira inf\u00e2ncia: a Frente Parlamentar Mista da Primeira Inf\u00e2ncia. O grupo, composto por deputados e senadores, iniciou as atividades em 2015.<\/p>\n","protected":false},"excerpt":{"rendered":"<p>A C\u00e2mara Legislativa do Distrito Federal (CLDF) agora tem uma Frente Parlamentar da Primeira Inf\u00e2ncia. O grupo de deputados distritais juntar\u00e1 esfor\u00e7os em defesa de a\u00e7\u00f5es e pol\u00edticas p\u00fablicas direcionada a crian\u00e7as de 0 a 6 anos. A frente foi lan\u00e7ada na \u00faltima segunda-feira (22). Uma das miss\u00f5es da associa\u00e7\u00e3o de parlamentares ser\u00e1 batalhar para atender todos os pedidos de [&hellip;]<\/p>\n","protected":false},"author":106,"featured_media":532,"comment_status":"open","ping_status":"open","sticky":false,"template":"","format":"standard","meta":{"footnotes":""},"categories":[1],"tags":[],"class_list":["post-531","post","type-post","status-publish","format-standard","has-post-thumbnail","hentry","category-sem-categoria"],"_links":{"self":[{"href":"https:\/\/blogs.correiobraziliense.com.br\/primeirainfancia\/wp-json\/wp\/v2\/posts\/531","targetHints":{"allow":["GET"]}}],"collection":[{"href":"https:\/\/blogs.correiobraziliense.com.br\/primeirainfancia\/wp-json\/wp\/v2\/posts"}],"about":[{"href":"https:\/\/blogs.correiobraziliense.com.br\/primeirainfancia\/wp-json\/wp\/v2\/types\/post"}],"author":[{"embeddable":true,"href":"https:\/\/blogs.correiobraziliense.com.br\/primeirainfancia\/wp-json\/wp\/v2\/users\/106"}],"replies":[{"embeddable":true,"href":"https:\/\/blogs.correiobraziliense.com.br\/primeirainfancia\/wp-json\/wp\/v2\/comments?post=531"}],"version-history":[{"count":2,"href":"https:\/\/blogs.correiobraziliense.com.br\/primeirainfancia\/wp-json\/wp\/v2\/posts\/531\/revisions"}],"predecessor-version":[{"id":534,"href":"https:\/\/blogs.correiobraziliense.com.br\/primeirainfancia\/wp-json\/wp\/v2\/posts\/531\/revisions\/534"}],"wp:featuredmedia":[{"embeddable":true,"href":"https:\/\/blogs.correiobraziliense.com.br\/primeirainfancia\/wp-json\/wp\/v2\/media\/532"}],"wp:attachment":[{"href":"https:\/\/blogs.correiobraziliense.com.br\/primeirainfancia\/wp-json\/wp\/v2\/media?parent=531"}],"wp:term":[{"taxonomy":"category","embeddable":true,"href":"https:\/\/blogs.correiobraziliense.com.br\/primeirainfancia\/wp-json\/wp\/v2\/categories?post=531"},{"taxonomy":"post_tag","embeddable":true,"href":"https:\/\/blogs.correiobraziliense.com.br\/primeirainfancia\/wp-json\/wp\/v2\/tags?post=531"}],"curies":[{"name":"wp","href":"https:\/\/api.w.org\/{rel}","templated":true}]}}