{"id":511,"date":"2019-04-15T20:43:49","date_gmt":"2019-04-15T20:43:49","guid":{"rendered":"https:\/\/blogs.correiobraziliense.com.br\/primeirainfancia\/?p=511"},"modified":"2019-04-15T20:45:12","modified_gmt":"2019-04-15T20:45:12","slug":"artigo-voce-esta-drogando-seu-filho-e-nao-sabe","status":"publish","type":"post","link":"https:\/\/blogs.correiobraziliense.com.br\/primeirainfancia\/2019\/04\/15\/artigo-voce-esta-drogando-seu-filho-e-nao-sabe\/","title":{"rendered":"Artigo: &#8220;Voc\u00ea est\u00e1 drogando seu filho e n\u00e3o sabe&#8221;"},"content":{"rendered":"<h3>Confira opini\u00e3o de Leonardo Torres* sobre o uso de dispositivos eletr\u00f4nicos por crian\u00e7as pequenas:<\/h3>\n<blockquote><p>Muitos pais ainda acham que os aparelhos eletr\u00f4nicos s\u00e3o inofensivos e at\u00e9 auxiliam no desenvolvimento de seus filhos. Sempre escutamos aquela frase: \u201cele tem somente 2 anos e j\u00e1 sabe mexer em tudo no celular\u201d.<\/p>\n<p>O tempo de mastreia no uso de qualquer coisa \u00e9 o tempo de treino. Desde pequenos, estamos usando mais e mais aparelhos eletr\u00f4nicos. As \u00faltimas pesquisas demonstram que utilizamos os aparelhos cerca de nove horas por dia. E quando aponto os n\u00fameros nas salas de aula, meus alunos acabam destacando que a pesquisa est\u00e1 errada, que eles utilizam muito mais.<\/p>\n<figure id=\"attachment_512\" aria-describedby=\"caption-attachment-512\" style=\"width: 750px\" class=\"wp-caption aligncenter\"><img loading=\"lazy\" decoding=\"async\" class=\"size-full wp-image-512\" src=\"https:\/\/blogs.correiobraziliense.com.br\/primeirainfancia\/wp-content\/uploads\/sites\/49\/2019\/04\/Leonardo-Torres-Doutorando-em-Comunica\u00e7\u00e3o-1.jpg\" alt=\"\" width=\"750\" height=\"500\" srcset=\"https:\/\/blogs.correiobraziliense.com.br\/primeirainfancia\/wp-content\/uploads\/sites\/49\/2019\/04\/Leonardo-Torres-Doutorando-em-Comunica\u00e7\u00e3o-1.jpg 750w, https:\/\/blogs.correiobraziliense.com.br\/primeirainfancia\/wp-content\/uploads\/sites\/49\/2019\/04\/Leonardo-Torres-Doutorando-em-Comunica\u00e7\u00e3o-1-300x200.jpg 300w, https:\/\/blogs.correiobraziliense.com.br\/primeirainfancia\/wp-content\/uploads\/sites\/49\/2019\/04\/Leonardo-Torres-Doutorando-em-Comunica\u00e7\u00e3o-1-550x367.jpg 550w, https:\/\/blogs.correiobraziliense.com.br\/primeirainfancia\/wp-content\/uploads\/sites\/49\/2019\/04\/Leonardo-Torres-Doutorando-em-Comunica\u00e7\u00e3o-1-230x153.jpg 230w\" sizes=\"auto, (max-width: 750px) 100vw, 750px\" \/><figcaption id=\"caption-attachment-512\" class=\"wp-caption-text\">Leonardo Torres: &#8220;Quando se coloca um aparelho nas m\u00e3os de uma crian\u00e7a, ela para de chorar, de correr, de ser peralta, pois os aparelhos eletr\u00f4nicos causam o mesmo efeito que uma droga pr\u00e9-operat\u00f3ria denominada midazolan. Ou seja, interrompe-se seu desenvolvimento e aprendizado, que passa por essas estripulias&#8221;<\/figcaption><\/figure>\n<p>A verdade \u00e9 que colocar um aparelho eletr\u00f4nico na m\u00e3o de uma crian\u00e7a \u00e9 um al\u00edvio para pais, vov\u00f3s, bab\u00e1s etc. E, quando eles percebem que a crian\u00e7a se viciou nos aparelhos, \u00e9 tarde demais, j\u00e1 que essa pr\u00e1tica come\u00e7a logo na terna inf\u00e2ncia. Come\u00e7a muitas vezes at\u00e9 com qualquer choro.<\/p>\n<p>O problema \u00e9 que hoje, assim como o mundo fora de casa anda perigoso, o mundo dentro de casa, ou seja, o virtual, o da internet, tamb\u00e9m pode prejudicar a integridade psicol\u00f3gica e f\u00edsica de nossos filhos. Eles est\u00e3o cada vez mais influenciados por conte\u00fados que n\u00e3o s\u00e3o control\u00e1veis e muitas vezes perigosos. O massacre de Suzano, por exemplo, foi totalmente viabilizado por meio da internet. Os desafios da Baleia Azul, da boneca Momo, entre outros, al\u00e9m de afetarem psicologicamente uma crian\u00e7a, podem lev\u00e1-la \u00e0 morte.<\/p>\n<p>Quando se coloca um aparelho nas m\u00e3os de uma crian\u00e7a, ela para de chorar, de correr, de ser peralta, pois os aparelhos eletr\u00f4nicos causam o mesmo efeito que uma droga pr\u00e9-operat\u00f3ria denominada midazolan. Ou seja, interrompe-se seu desenvolvimento e aprendizado, que passa por essas estripulias. Cria-se um anestesiamento na crian\u00e7a. Por\u00e9m, assim como qualquer droga, vicia, causando perda de mem\u00f3ria, dificuldade de concentra\u00e7\u00e3o, de foco, desinteresse por outros est\u00edmulos&#8230; Falta de intera\u00e7\u00e3o social e, psicologicamente, gera depress\u00e3o, ansiedade, p\u00e2nico etc.<\/p>\n<p>A culpa n\u00e3o \u00e9 somente dos pais, nem das crian\u00e7as, mas principalmente de como estamos vivendo. Parece que a sociedade e o mercado querem que os pais cuidem dos filhos como se n\u00e3o tivessem trabalho e trabalhem como se n\u00e3o tivessem filhos. Os direitos de maternidade e paternidade s\u00e3o escassos aqui no Brasil.<\/p>\n<p>A perspectiva igualit\u00e1ria \u00e9 importante, ou seja, o pai e a m\u00e3e devem combinar, a fim de cuidar dos filhos igualmente e se disponibilizar igualmente. Isso n\u00e3o pode ser desculpa para um patriarcado escondido na famosa frase: \u201ceu trabalho e voc\u00ea cuida dos filhos\u201d.<\/p><\/blockquote>\n<p><strong><em>*Leonardo Torres, 28 anos,\u00a0palestrante, professor e doutorando em comunica\u00e7\u00e3o e cultura midi\u00e1tica da Universidade Paulista (Unip), de S\u00e3o Paulo, onde concluiu mestrado em comunica\u00e7\u00e3o. Graduado em comunica\u00e7\u00e3o social \u2014 publicidade e propaganda pelas\u00a0Faculdades Dom Bosco, do Rio de Janeiro, \u00e9 bolsista do Programa de Suporte \u00e0 P\u00f3s-Gradua\u00e7\u00e3o de Institui\u00e7\u00f5es de Ensino Particulares da Coordena\u00e7\u00e3o de Aperfei\u00e7oamento de Pessoal de N\u00edvel Superior (Prosup\/Capes).\u00a0Pesquisa o imagin\u00e1rio t\u00e9cnico e tecnol\u00f3gico, a tecnossacralidade e suas rela\u00e7\u00f5es na sociedade e na cultura, al\u00e9m do cont\u00e1gio ps\u00edquico e imagin\u00e1rio. Entre as institui\u00e7\u00f5es deu aulas est\u00e3o Universidade Cidade de S\u00e3o Paulo (Unicid), Universidade de Mogi das Cruzes (UMC) e Unip.<\/em><\/strong><\/p>\n","protected":false},"excerpt":{"rendered":"<p>Confira opini\u00e3o de Leonardo Torres* sobre o uso de dispositivos eletr\u00f4nicos por crian\u00e7as pequenas: Muitos pais ainda acham que os aparelhos eletr\u00f4nicos s\u00e3o inofensivos e at\u00e9 auxiliam no desenvolvimento de seus filhos. Sempre escutamos aquela frase: \u201cele tem somente 2 anos e j\u00e1 sabe mexer em tudo no celular\u201d. O tempo de mastreia no uso de qualquer coisa \u00e9 o [&hellip;]<\/p>\n","protected":false},"author":106,"featured_media":512,"comment_status":"open","ping_status":"open","sticky":false,"template":"","format":"standard","meta":{"footnotes":""},"categories":[117],"tags":[118,2,120,119],"class_list":["post-511","post","type-post","status-publish","format-standard","has-post-thumbnail","hentry","category-artigo-de-opiniao","tag-dispositivos-eletronicos","tag-primeira-infancia","tag-tecnologia","tag-vicio-em-tecnologia"],"_links":{"self":[{"href":"https:\/\/blogs.correiobraziliense.com.br\/primeirainfancia\/wp-json\/wp\/v2\/posts\/511","targetHints":{"allow":["GET"]}}],"collection":[{"href":"https:\/\/blogs.correiobraziliense.com.br\/primeirainfancia\/wp-json\/wp\/v2\/posts"}],"about":[{"href":"https:\/\/blogs.correiobraziliense.com.br\/primeirainfancia\/wp-json\/wp\/v2\/types\/post"}],"author":[{"embeddable":true,"href":"https:\/\/blogs.correiobraziliense.com.br\/primeirainfancia\/wp-json\/wp\/v2\/users\/106"}],"replies":[{"embeddable":true,"href":"https:\/\/blogs.correiobraziliense.com.br\/primeirainfancia\/wp-json\/wp\/v2\/comments?post=511"}],"version-history":[{"count":3,"href":"https:\/\/blogs.correiobraziliense.com.br\/primeirainfancia\/wp-json\/wp\/v2\/posts\/511\/revisions"}],"predecessor-version":[{"id":516,"href":"https:\/\/blogs.correiobraziliense.com.br\/primeirainfancia\/wp-json\/wp\/v2\/posts\/511\/revisions\/516"}],"wp:featuredmedia":[{"embeddable":true,"href":"https:\/\/blogs.correiobraziliense.com.br\/primeirainfancia\/wp-json\/wp\/v2\/media\/512"}],"wp:attachment":[{"href":"https:\/\/blogs.correiobraziliense.com.br\/primeirainfancia\/wp-json\/wp\/v2\/media?parent=511"}],"wp:term":[{"taxonomy":"category","embeddable":true,"href":"https:\/\/blogs.correiobraziliense.com.br\/primeirainfancia\/wp-json\/wp\/v2\/categories?post=511"},{"taxonomy":"post_tag","embeddable":true,"href":"https:\/\/blogs.correiobraziliense.com.br\/primeirainfancia\/wp-json\/wp\/v2\/tags?post=511"}],"curies":[{"name":"wp","href":"https:\/\/api.w.org\/{rel}","templated":true}]}}