{"id":505,"date":"2019-04-05T21:27:43","date_gmt":"2019-04-05T21:27:43","guid":{"rendered":"https:\/\/blogs.correiobraziliense.com.br\/primeirainfancia\/?p=505"},"modified":"2019-04-05T21:27:43","modified_gmt":"2019-04-05T21:27:43","slug":"editora-lanca-livros-tacteis-para-bebes","status":"publish","type":"post","link":"https:\/\/blogs.correiobraziliense.com.br\/primeirainfancia\/2019\/04\/05\/editora-lanca-livros-tacteis-para-bebes\/","title":{"rendered":"Editora lan\u00e7a livros t\u00e1cteis para beb\u00eas"},"content":{"rendered":"<p>A Catapulta Editores lan\u00e7a livros t\u00e1cteis com a proposta de inserir o h\u00e1bito e o gosto pela leitura no universo dos beb\u00eas. Os livros <em>Vejo no bosque<\/em> e <em>Vejo no oceano<\/em> trazem p\u00e1ginas cortadas para compor as hist\u00f3rias e ilustra\u00e7\u00f5es estampadas.<\/p>\n<p><em>Vejo no bosque<\/em> \u00e9 um convite para o beb\u00ea entrar no livro e ajudar o esquilo a buscar sua fam\u00edlia, al\u00e9m de encontrar com outros amigos animais durante sua jornada. Ideal para m\u00e3os pequenas, o livro \u00e9 t\u00e1ctil e bom para a crian\u00e7a manuse\u00e1-lo enquanto aproveita a hist\u00f3ria rimada e cheia de ilustra\u00e7\u00f5es.<\/p>\n<p><img loading=\"lazy\" decoding=\"async\" class=\"aligncenter  wp-image-506\" src=\"https:\/\/blogs.correiobraziliense.com.br\/primeirainfancia\/wp-content\/uploads\/sites\/49\/2019\/04\/interior-VEjO-EN-EL-BOSQUE2.png\" alt=\"\" width=\"395\" height=\"256\" srcset=\"https:\/\/blogs.correiobraziliense.com.br\/primeirainfancia\/wp-content\/uploads\/sites\/49\/2019\/04\/interior-VEjO-EN-EL-BOSQUE2.png 726w, https:\/\/blogs.correiobraziliense.com.br\/primeirainfancia\/wp-content\/uploads\/sites\/49\/2019\/04\/interior-VEjO-EN-EL-BOSQUE2-300x194.png 300w, https:\/\/blogs.correiobraziliense.com.br\/primeirainfancia\/wp-content\/uploads\/sites\/49\/2019\/04\/interior-VEjO-EN-EL-BOSQUE2-550x356.png 550w, https:\/\/blogs.correiobraziliense.com.br\/primeirainfancia\/wp-content\/uploads\/sites\/49\/2019\/04\/interior-VEjO-EN-EL-BOSQUE2-230x149.png 230w\" sizes=\"auto, (max-width: 395px) 100vw, 395px\" \/><\/p>\n<p><em>Vejo no oceano<\/em> \u00e9 um convite para que a crian\u00e7a mergulhe no oceano ou passeie pelo bosque para conhecer os animais de cada ambiente. O personagem da hist\u00f3ria \u00e9 uma tartaruga, que est\u00e1 em busca de sua fam\u00edlia.<\/p>\n<p><strong>Saiba mais sobre os livros<\/strong><\/p>\n<p><em>Vejo no bosque<\/em><\/p>\n<p><img loading=\"lazy\" decoding=\"async\" src=\"https:\/\/lh3.googleusercontent.com\/AJOtFH8A_jz5F32m8-dKVfj35C-H7lSu6f9TEWJF9DrxS-DxbydJc7V8eYfb025gbxBADD---y276keBHQYu2FVzK2NxnqgVyggHIn_Gngmiy7cwbyeoObqlhrd2VG2miGgrWDL7\" width=\"120\" height=\"132\" \/><\/p>\n<p>Editora: Catapulta<\/p>\n<p>R$ 49,90<\/p>\n<p>10 p\u00e1ginas<\/p>\n<p><em>Vejo no oceano<\/em><\/p>\n<p><img loading=\"lazy\" decoding=\"async\" src=\"https:\/\/lh5.googleusercontent.com\/flpwiR0XLw6hPBBwgmcyWwnBbvgZDj2tqtemwOs-t4rXpW9sk_XRQeiX6J4i3lohrfLXIqptrDo7lS4_B8YJtJiiaUFq0xh-EtXd7-sgmGLWVR-yuDTuS_HTGKxV3i574TrlVOnc\" width=\"120\" height=\"132\" \/><\/p>\n<p>Editora: Catapulta<\/p>\n<p>R$ 49,90<\/p>\n<p>10 p\u00e1ginas<\/p>\n","protected":false},"excerpt":{"rendered":"<p>A Catapulta Editores lan\u00e7a livros t\u00e1cteis com a proposta de inserir o h\u00e1bito e o gosto pela leitura no universo dos beb\u00eas. Os livros Vejo no bosque e Vejo no oceano trazem p\u00e1ginas cortadas para compor as hist\u00f3rias e ilustra\u00e7\u00f5es estampadas. Vejo no bosque \u00e9 um convite para o beb\u00ea entrar no livro e ajudar o esquilo a buscar sua [&hellip;]<\/p>\n","protected":false},"author":106,"featured_media":506,"comment_status":"open","ping_status":"open","sticky":false,"template":"","format":"standard","meta":{"footnotes":""},"categories":[49],"tags":[30,33,74,116],"class_list":["post-505","post","type-post","status-publish","format-standard","has-post-thumbnail","hentry","category-livros","tag-livro","tag-livro-infantil","tag-livros-para-criancas","tag-livros-tacteis"],"_links":{"self":[{"href":"https:\/\/blogs.correiobraziliense.com.br\/primeirainfancia\/wp-json\/wp\/v2\/posts\/505","targetHints":{"allow":["GET"]}}],"collection":[{"href":"https:\/\/blogs.correiobraziliense.com.br\/primeirainfancia\/wp-json\/wp\/v2\/posts"}],"about":[{"href":"https:\/\/blogs.correiobraziliense.com.br\/primeirainfancia\/wp-json\/wp\/v2\/types\/post"}],"author":[{"embeddable":true,"href":"https:\/\/blogs.correiobraziliense.com.br\/primeirainfancia\/wp-json\/wp\/v2\/users\/106"}],"replies":[{"embeddable":true,"href":"https:\/\/blogs.correiobraziliense.com.br\/primeirainfancia\/wp-json\/wp\/v2\/comments?post=505"}],"version-history":[{"count":1,"href":"https:\/\/blogs.correiobraziliense.com.br\/primeirainfancia\/wp-json\/wp\/v2\/posts\/505\/revisions"}],"predecessor-version":[{"id":507,"href":"https:\/\/blogs.correiobraziliense.com.br\/primeirainfancia\/wp-json\/wp\/v2\/posts\/505\/revisions\/507"}],"wp:featuredmedia":[{"embeddable":true,"href":"https:\/\/blogs.correiobraziliense.com.br\/primeirainfancia\/wp-json\/wp\/v2\/media\/506"}],"wp:attachment":[{"href":"https:\/\/blogs.correiobraziliense.com.br\/primeirainfancia\/wp-json\/wp\/v2\/media?parent=505"}],"wp:term":[{"taxonomy":"category","embeddable":true,"href":"https:\/\/blogs.correiobraziliense.com.br\/primeirainfancia\/wp-json\/wp\/v2\/categories?post=505"},{"taxonomy":"post_tag","embeddable":true,"href":"https:\/\/blogs.correiobraziliense.com.br\/primeirainfancia\/wp-json\/wp\/v2\/tags?post=505"}],"curies":[{"name":"wp","href":"https:\/\/api.w.org\/{rel}","templated":true}]}}