{"id":256,"date":"2018-11-20T11:00:06","date_gmt":"2018-11-20T11:00:06","guid":{"rendered":"https:\/\/blogs.correiobraziliense.com.br\/primeirainfancia\/?p=256"},"modified":"2018-11-20T16:33:37","modified_gmt":"2018-11-20T16:33:37","slug":"colecao-de-livros-ilustrados-com-relevo-e-indicada-para-criancas-a-partir-de-1-ano","status":"publish","type":"post","link":"https:\/\/blogs.correiobraziliense.com.br\/primeirainfancia\/2018\/11\/20\/colecao-de-livros-ilustrados-com-relevo-e-indicada-para-criancas-a-partir-de-1-ano\/","title":{"rendered":"Cole\u00e7\u00e3o de livros ilustrados com relevo \u00e9 indicada para crian\u00e7as a partir de 1 ano"},"content":{"rendered":"<p>A cole\u00e7\u00e3o de livros <em>Milomania<\/em>, lan\u00e7ada pela editora Catapulta, foi feita com o intuito de ajudar pais e respons\u00e1veis a introduzir a leitura na vida dos beb\u00eas. Composta por tr\u00eas diferentes t\u00edtulos,<em> Cores<\/em>, <em>Animais<\/em> e <em>Opostos<\/em>, a s\u00e9rie de livros traz ilustra\u00e7\u00f5es contornadas, que prendem a aten\u00e7\u00e3o da crian\u00e7a na hist\u00f3ria que est\u00e1 sendo contada.<\/p>\n<p>De material cartonado, resistente e com ilustra\u00e7\u00f5es de cores fortes e chamativas, a obra \u00e9 indicado para crian\u00e7as a partir de 1 ano. As ilustra\u00e7\u00f5es t\u00eam contorno em alto-relevo, possibilitando que as crian\u00e7as sigam todo a figura com o dedo, estimulando tanto o tato quanto a vis\u00e3o.<\/p>\n<p>\u201cA mem\u00f3ria e a imagina\u00e7\u00e3o das crian\u00e7as pequenas s\u00e3o estimuladas pelas ilustra\u00e7\u00f5es contornadas dos tr\u00eas livros da cole\u00e7\u00e3o\u201d, afirma a diretora da Catapulta Editores, Carmen Pareras. As ilustra\u00e7\u00f5es s\u00e3o baseadas no trabalho do artista pl\u00e1stico argentino Milo Lockett, com o objetivo estimular a imagina\u00e7\u00e3o e a criatividade daqueles que t\u00eam acesso \u00e0s obras.<\/p>\n<p>Cada livro da cole\u00e7\u00e3o \u00e9 composto de apenas 10 p\u00e1ginas e \u00e9 de f\u00e1cil manuseio. A s\u00e9rie de livros pode ser encontrada nas maiores redes de livrarias do pa\u00eds. Os livros s\u00e3o vendidos separadamente e est\u00e3o presentes para compra, tamb\u00e9m, em algumas lojas on-line.<\/p>\n<p>&nbsp;<\/p>\n<p><strong>Confira todos os livros da cole\u00e7\u00e3o:<\/strong><\/p>\n<p><strong><em>Opostos<\/em><\/strong><\/p>\n<p><img loading=\"lazy\" decoding=\"async\" class=\"aligncenter size-full wp-image-283\" src=\"https:\/\/blogs.correiobraziliense.com.br\/primeirainfancia\/wp-content\/uploads\/sites\/49\/2018\/11\/download.jpg\" alt=\"\" width=\"430\" height=\"430\" srcset=\"https:\/\/blogs.correiobraziliense.com.br\/primeirainfancia\/wp-content\/uploads\/sites\/49\/2018\/11\/download.jpg 430w, https:\/\/blogs.correiobraziliense.com.br\/primeirainfancia\/wp-content\/uploads\/sites\/49\/2018\/11\/download-150x150.jpg 150w, https:\/\/blogs.correiobraziliense.com.br\/primeirainfancia\/wp-content\/uploads\/sites\/49\/2018\/11\/download-300x300.jpg 300w, https:\/\/blogs.correiobraziliense.com.br\/primeirainfancia\/wp-content\/uploads\/sites\/49\/2018\/11\/download-230x230.jpg 230w\" sizes=\"auto, (max-width: 430px) 100vw, 430px\" \/><\/p>\n<p><em><strong>Cores<\/strong><\/em><\/p>\n<p><img loading=\"lazy\" decoding=\"async\" class=\"aligncenter size-full wp-image-284\" src=\"https:\/\/blogs.correiobraziliense.com.br\/primeirainfancia\/wp-content\/uploads\/sites\/49\/2018\/11\/download-2.jpg\" alt=\"\" width=\"430\" height=\"430\" srcset=\"https:\/\/blogs.correiobraziliense.com.br\/primeirainfancia\/wp-content\/uploads\/sites\/49\/2018\/11\/download-2.jpg 430w, https:\/\/blogs.correiobraziliense.com.br\/primeirainfancia\/wp-content\/uploads\/sites\/49\/2018\/11\/download-2-150x150.jpg 150w, https:\/\/blogs.correiobraziliense.com.br\/primeirainfancia\/wp-content\/uploads\/sites\/49\/2018\/11\/download-2-300x300.jpg 300w, https:\/\/blogs.correiobraziliense.com.br\/primeirainfancia\/wp-content\/uploads\/sites\/49\/2018\/11\/download-2-230x230.jpg 230w\" sizes=\"auto, (max-width: 430px) 100vw, 430px\" \/><\/p>\n<p><em><strong>Animais<\/strong><\/em><\/p>\n<p><img loading=\"lazy\" decoding=\"async\" class=\"aligncenter size-full wp-image-285\" src=\"https:\/\/blogs.correiobraziliense.com.br\/primeirainfancia\/wp-content\/uploads\/sites\/49\/2018\/11\/download-1.jpg\" alt=\"\" width=\"430\" height=\"430\" srcset=\"https:\/\/blogs.correiobraziliense.com.br\/primeirainfancia\/wp-content\/uploads\/sites\/49\/2018\/11\/download-1.jpg 430w, https:\/\/blogs.correiobraziliense.com.br\/primeirainfancia\/wp-content\/uploads\/sites\/49\/2018\/11\/download-1-150x150.jpg 150w, https:\/\/blogs.correiobraziliense.com.br\/primeirainfancia\/wp-content\/uploads\/sites\/49\/2018\/11\/download-1-300x300.jpg 300w, https:\/\/blogs.correiobraziliense.com.br\/primeirainfancia\/wp-content\/uploads\/sites\/49\/2018\/11\/download-1-230x230.jpg 230w\" sizes=\"auto, (max-width: 430px) 100vw, 430px\" \/><\/p>\n","protected":false},"excerpt":{"rendered":"<p>A cole\u00e7\u00e3o de livros Milomania, lan\u00e7ada pela editora Catapulta, foi feita com o intuito de ajudar pais e respons\u00e1veis a introduzir a leitura na vida dos beb\u00eas. Composta por tr\u00eas diferentes t\u00edtulos, Cores, Animais e Opostos, a s\u00e9rie de livros traz ilustra\u00e7\u00f5es contornadas, que prendem a aten\u00e7\u00e3o da crian\u00e7a na hist\u00f3ria que est\u00e1 sendo contada. De material cartonado, resistente e [&hellip;]<\/p>\n","protected":false},"author":106,"featured_media":286,"comment_status":"open","ping_status":"open","sticky":false,"template":"","format":"standard","meta":{"footnotes":""},"categories":[49],"tags":[51,32,30,2],"class_list":["post-256","post","type-post","status-publish","format-standard","has-post-thumbnail","hentry","category-livros","tag-bebes","tag-literatura-infantil","tag-livro","tag-primeira-infancia"],"_links":{"self":[{"href":"https:\/\/blogs.correiobraziliense.com.br\/primeirainfancia\/wp-json\/wp\/v2\/posts\/256","targetHints":{"allow":["GET"]}}],"collection":[{"href":"https:\/\/blogs.correiobraziliense.com.br\/primeirainfancia\/wp-json\/wp\/v2\/posts"}],"about":[{"href":"https:\/\/blogs.correiobraziliense.com.br\/primeirainfancia\/wp-json\/wp\/v2\/types\/post"}],"author":[{"embeddable":true,"href":"https:\/\/blogs.correiobraziliense.com.br\/primeirainfancia\/wp-json\/wp\/v2\/users\/106"}],"replies":[{"embeddable":true,"href":"https:\/\/blogs.correiobraziliense.com.br\/primeirainfancia\/wp-json\/wp\/v2\/comments?post=256"}],"version-history":[{"count":2,"href":"https:\/\/blogs.correiobraziliense.com.br\/primeirainfancia\/wp-json\/wp\/v2\/posts\/256\/revisions"}],"predecessor-version":[{"id":287,"href":"https:\/\/blogs.correiobraziliense.com.br\/primeirainfancia\/wp-json\/wp\/v2\/posts\/256\/revisions\/287"}],"wp:featuredmedia":[{"embeddable":true,"href":"https:\/\/blogs.correiobraziliense.com.br\/primeirainfancia\/wp-json\/wp\/v2\/media\/286"}],"wp:attachment":[{"href":"https:\/\/blogs.correiobraziliense.com.br\/primeirainfancia\/wp-json\/wp\/v2\/media?parent=256"}],"wp:term":[{"taxonomy":"category","embeddable":true,"href":"https:\/\/blogs.correiobraziliense.com.br\/primeirainfancia\/wp-json\/wp\/v2\/categories?post=256"},{"taxonomy":"post_tag","embeddable":true,"href":"https:\/\/blogs.correiobraziliense.com.br\/primeirainfancia\/wp-json\/wp\/v2\/tags?post=256"}],"curies":[{"name":"wp","href":"https:\/\/api.w.org\/{rel}","templated":true}]}}