{"id":232,"date":"2018-11-13T14:11:05","date_gmt":"2018-11-13T14:11:05","guid":{"rendered":"https:\/\/blogs.correiobraziliense.com.br\/primeirainfancia\/?p=232"},"modified":"2018-11-19T23:04:30","modified_gmt":"2018-11-19T23:04:30","slug":"universo-dos-super-herois-e-apresentado-em-colecao-para-criancas-pequenas","status":"publish","type":"post","link":"https:\/\/blogs.correiobraziliense.com.br\/primeirainfancia\/2018\/11\/13\/universo-dos-super-herois-e-apresentado-em-colecao-para-criancas-pequenas\/","title":{"rendered":"Universo dos super-her\u00f3is \u00e9 apresentado em cole\u00e7\u00e3o para crian\u00e7as pequenas"},"content":{"rendered":"<p>Super-homem, Batman, Mulher Maravilha e Super Amigos podem ser apresentados para crian\u00e7as a partir dos 2 anos por meio de lan\u00e7amentos da Editora Ciranda Cultural. A cole\u00e7\u00e3o tem o objetivo de introduzir meninos e meninas pequenos ao universo nerd e geek dos her\u00f3is da DC Comics.<\/p>\n<p>No total, s\u00e3o quatro volumes: <em>Super Friends \u2014 Trabalhando em equipe<\/em>; <em>Superman \u2014 As hist\u00f3rias do homem de a\u00e7o<\/em>; <em>Batman &#8211; Hist\u00f3rias de her\u00f3i<\/em>; e <em>Wonder Woman \u2014 Aventuras da super-hero\u00edna<\/em>. Cada um \u00e9, na verdade, uma caixa contendo seis minilivros cada.<\/p>\n<p>De maneira l\u00fadica, as crian\u00e7as poder\u00e3o conhecer os super-her\u00f3is e seu universo, aprendendo, ao mesmo tempo, no\u00e7\u00f5es do que \u00e9 certo e do que \u00e9 errado. Os personagens acabam se tornando modelos para as crian\u00e7as, por estarem sempre prontos e dispostos a ajudar e a combater o mal.<\/p>\n<p>No volume do Super-homem, os minilivros contam hist\u00f3rias sobre salvar o mundo e a sociedade. Cada minilivro tem cerca de 10 p\u00e1ginas, cada uma do tamanho de um \u00fanico quadrinho de um HQ, com textos e ilustra\u00e7\u00f5es bastante coloridos.<\/p>\n<p>Essa estrutura permite que a crian\u00e7a manuseie e se envolva, mas a hist\u00f3ria s\u00f3 far\u00e1 sentido mesmo com a media\u00e7\u00e3o de um adulto, essencial para um tempo de qualidade entre pais e filhos. O verso dos seis minilivros formam uma imagem maior dos personagens, ent\u00e3o podem ser usados como quebra-cabe\u00e7as.<\/p>\n<p>&nbsp;<\/p>\n<p><img loading=\"lazy\" decoding=\"async\" class=\"aligncenter size-full wp-image-234\" src=\"https:\/\/blogs.correiobraziliense.com.br\/primeirainfancia\/wp-content\/uploads\/sites\/49\/2018\/11\/image001.png\" alt=\"\" width=\"631\" height=\"266\" srcset=\"https:\/\/blogs.correiobraziliense.com.br\/primeirainfancia\/wp-content\/uploads\/sites\/49\/2018\/11\/image001.png 631w, https:\/\/blogs.correiobraziliense.com.br\/primeirainfancia\/wp-content\/uploads\/sites\/49\/2018\/11\/image001-300x126.png 300w, https:\/\/blogs.correiobraziliense.com.br\/primeirainfancia\/wp-content\/uploads\/sites\/49\/2018\/11\/image001-550x232.png 550w, https:\/\/blogs.correiobraziliense.com.br\/primeirainfancia\/wp-content\/uploads\/sites\/49\/2018\/11\/image001-230x97.png 230w\" sizes=\"auto, (max-width: 631px) 100vw, 631px\" \/><\/p>\n<p>&nbsp;<\/p>\n<p><strong>Editora:<\/strong> Ciranda Cultural<\/p>\n<p>R$ 29,90 (cada volume)<\/p>\n","protected":false},"excerpt":{"rendered":"<p>Super-homem, Batman, Mulher Maravilha e Super Amigos podem ser apresentados para crian\u00e7as a partir dos 2 anos por meio de lan\u00e7amentos da Editora Ciranda Cultural. A cole\u00e7\u00e3o tem o objetivo de introduzir meninos e meninas pequenos ao universo nerd e geek dos her\u00f3is da DC Comics. No total, s\u00e3o quatro volumes: Super Friends \u2014 Trabalhando em equipe; Superman \u2014 As [&hellip;]<\/p>\n","protected":false},"author":106,"featured_media":233,"comment_status":"open","ping_status":"open","sticky":false,"template":"","format":"standard","meta":{"footnotes":""},"categories":[49],"tags":[35,37,32,33,36,2,34],"class_list":["post-232","post","type-post","status-publish","format-standard","has-post-thumbnail","hentry","category-livros","tag-dc-comics","tag-geek","tag-literatura-infantil","tag-livro-infantil","tag-nerd","tag-primeira-infancia","tag-super-herois"],"_links":{"self":[{"href":"https:\/\/blogs.correiobraziliense.com.br\/primeirainfancia\/wp-json\/wp\/v2\/posts\/232","targetHints":{"allow":["GET"]}}],"collection":[{"href":"https:\/\/blogs.correiobraziliense.com.br\/primeirainfancia\/wp-json\/wp\/v2\/posts"}],"about":[{"href":"https:\/\/blogs.correiobraziliense.com.br\/primeirainfancia\/wp-json\/wp\/v2\/types\/post"}],"author":[{"embeddable":true,"href":"https:\/\/blogs.correiobraziliense.com.br\/primeirainfancia\/wp-json\/wp\/v2\/users\/106"}],"replies":[{"embeddable":true,"href":"https:\/\/blogs.correiobraziliense.com.br\/primeirainfancia\/wp-json\/wp\/v2\/comments?post=232"}],"version-history":[{"count":2,"href":"https:\/\/blogs.correiobraziliense.com.br\/primeirainfancia\/wp-json\/wp\/v2\/posts\/232\/revisions"}],"predecessor-version":[{"id":236,"href":"https:\/\/blogs.correiobraziliense.com.br\/primeirainfancia\/wp-json\/wp\/v2\/posts\/232\/revisions\/236"}],"wp:featuredmedia":[{"embeddable":true,"href":"https:\/\/blogs.correiobraziliense.com.br\/primeirainfancia\/wp-json\/wp\/v2\/media\/233"}],"wp:attachment":[{"href":"https:\/\/blogs.correiobraziliense.com.br\/primeirainfancia\/wp-json\/wp\/v2\/media?parent=232"}],"wp:term":[{"taxonomy":"category","embeddable":true,"href":"https:\/\/blogs.correiobraziliense.com.br\/primeirainfancia\/wp-json\/wp\/v2\/categories?post=232"},{"taxonomy":"post_tag","embeddable":true,"href":"https:\/\/blogs.correiobraziliense.com.br\/primeirainfancia\/wp-json\/wp\/v2\/tags?post=232"}],"curies":[{"name":"wp","href":"https:\/\/api.w.org\/{rel}","templated":true}]}}