{"id":208,"date":"2018-11-08T23:58:27","date_gmt":"2018-11-08T23:58:27","guid":{"rendered":"https:\/\/blogs.correiobraziliense.com.br\/primeirainfancia\/?p=208"},"modified":"2018-11-09T01:01:41","modified_gmt":"2018-11-09T01:01:41","slug":"quer-colocar-seu-filho-numa-creche-publica-do-df-tire-duvidas-em-video","status":"publish","type":"post","link":"https:\/\/blogs.correiobraziliense.com.br\/primeirainfancia\/2018\/11\/08\/quer-colocar-seu-filho-numa-creche-publica-do-df-tire-duvidas-em-video\/","title":{"rendered":"Quer colocar seu filho numa creche p\u00fablica do DF? Tire d\u00favidas em v\u00eddeo"},"content":{"rendered":"<p>Ao todo, o Distrito Federal conta com 14 creches p\u00fablicas, 58 institui\u00e7\u00f5es conveniadas e 50 Centros de Ensino da Primeira Inf\u00e2ncia (Cepiss) em v\u00e1rias regi\u00f5es. Assim, em institui\u00e7\u00f5es p\u00fablicas ou em parceria com o governo, s\u00e3o atendidas 15 mil crian\u00e7as de at\u00e9 3 anos e 47 mil meninos e meninas de 4 a 5 anos.<\/p>\n<p>&nbsp;<\/p>\n<p>Com matr\u00edculas de fato em institui\u00e7\u00f5es totalmente p\u00fablicas, h\u00e1 1.004 crian\u00e7as. Na rede particular, s\u00e3o 28.101. Nos \u00faltimos quatro anos, o Governo de Bras\u00edlia incorporou mais 27 institui\u00e7\u00f5es \u00e0 rede p\u00fablicas de creche, mesmo assim, ainda h\u00e1 demanda n\u00e3o atendida.<\/p>\n<p>&nbsp;<\/p>\n<p>Cerca de 16 mil aguardam na fila por uma vaga em creche p\u00fablica na capital federal. O n\u00famero assusta interessados que, \u00e0s vezes, desanimam antes mesmo de tentar.<\/p>\n<p>&nbsp;<\/p>\n<p>No entanto, inscrever-se \u00e9 o \u00fanico jeito de garantir que a vez do seu filho um dia chegar\u00e1. Como ainda existem muitas d\u00favidas sobre onde ir, quem procurar e como fazer para conseguir uma matr\u00edcula na rede p\u00fablica, a Secretaria de Educa\u00e7\u00e3o preparou um v\u00eddeo para ajudar a explicar o passo a passo do processo.\u00a0Confira:<\/p>\n<p>&nbsp;<\/p>\n<blockquote class=\"twitter-tweet\" data-width=\"550\" data-dnt=\"true\">\n<p lang=\"pt\" dir=\"ltr\">Quer colocar seu filho numa creche p\u00fablica do DF? Tire d\u00favidas em v\u00eddeo <a href=\"https:\/\/twitter.com\/hashtag\/EuEstudante?src=hash&amp;ref_src=twsrc%5Etfw\">#EuEstudante<\/a> <a href=\"https:\/\/t.co\/VdgQ2R8M3O\">https:\/\/t.co\/VdgQ2R8M3O<\/a> <a href=\"https:\/\/t.co\/Hd42tyJStD\">pic.twitter.com\/Hd42tyJStD<\/a><\/p>\n<p>&mdash; Eu, Estudante (@EuEstudante) <a href=\"https:\/\/twitter.com\/EuEstudante\/status\/1060689706227302401?ref_src=twsrc%5Etfw\">November 9, 2018<\/a><\/p><\/blockquote>\n<p><script async src=\"https:\/\/platform.twitter.com\/widgets.js\" charset=\"utf-8\"><\/script><\/p>\n<p>As matr\u00edculas para creche na rede p\u00fablica s\u00e3o feitas a qualquer \u00e9poca do ano pelo telefone 156 ou na regional de ensino de cada cidade. <a href=\"http:\/\/www.se.df.gov.br\/\">Saiba onde fica a creche mais pr\u00f3xima pelo site<\/a><\/p>\n<p>&nbsp;<\/p>\n<p><a href=\"http:\/\/www.se.df.gov.br\/consulta-da-classificacao-de-criancas-com-inscricoes-validadas-educacao-infantil-etapa-creche-2\/\">Confira no link a classifica\u00e7\u00e3o das crian\u00e7as com inscri\u00e7\u00f5es validadas para vagas em creches p\u00fablicas no DF at\u00e9 o momento.<\/a><\/p>\n<p>&nbsp;<\/p>\n<h3>Contexto nacional<\/h3>\n<p>Das mais de 11,8 milh\u00f5es de crian\u00e7as de 0 a 3 anos no pa\u00eds (segundo dados de 2017 do Instituto Brasileiro de Geografia e Estat\u00edstica), apenas cerca de 26% frequentam creches (sejam p\u00fablicas sejam particulares). O c\u00e1lculo foi feito a partir das Sinopses Estat\u00edsticas da Educa\u00e7\u00e3o B\u00e1sica de 2017, do Instituto Nacional de Estudos e Pesquisas Educacionais An\u00edsio Teixeira (Inep).<\/p>\n<p>&nbsp;<\/p>\n<p>Apesar de o Inep n\u00e3o coletar o deficit de vagas, fazendo a correla\u00e7\u00e3o com os n\u00fameros populacionais e o n\u00famero de crian\u00e7as dessa faixa et\u00e1ria na creche (cerca de 3,1 milh\u00f5es), chega-se a esse percentual. Bem abaixo da meta de ter 50% dos meninos e meninas de 0 a 3 anos em institui\u00e7\u00f5es do tipo estabelecida pelo Plano Nacional de Educa\u00e7\u00e3o (PNE).<\/p>\n","protected":false},"excerpt":{"rendered":"<p>Ao todo, o Distrito Federal conta com 14 creches p\u00fablicas, 58 institui\u00e7\u00f5es conveniadas e 50 Centros de Ensino da Primeira Inf\u00e2ncia (Cepiss) em v\u00e1rias regi\u00f5es. Assim, em institui\u00e7\u00f5es p\u00fablicas ou em parceria com o governo, s\u00e3o atendidas 15 mil crian\u00e7as de at\u00e9 3 anos e 47 mil meninos e meninas de 4 a 5 anos. &nbsp; Com matr\u00edculas de fato [&hellip;]<\/p>\n","protected":false},"author":106,"featured_media":206,"comment_status":"open","ping_status":"open","sticky":false,"template":"","format":"standard","meta":{"footnotes":""},"categories":[21],"tags":[5,26,27,17,2,28],"class_list":["post-208","post","type-post","status-publish","format-standard","has-post-thumbnail","hentry","category-creche","tag-creche","tag-creche-publica","tag-df","tag-educacao-infantil","tag-primeira-infancia","tag-rede-publica"],"_links":{"self":[{"href":"https:\/\/blogs.correiobraziliense.com.br\/primeirainfancia\/wp-json\/wp\/v2\/posts\/208","targetHints":{"allow":["GET"]}}],"collection":[{"href":"https:\/\/blogs.correiobraziliense.com.br\/primeirainfancia\/wp-json\/wp\/v2\/posts"}],"about":[{"href":"https:\/\/blogs.correiobraziliense.com.br\/primeirainfancia\/wp-json\/wp\/v2\/types\/post"}],"author":[{"embeddable":true,"href":"https:\/\/blogs.correiobraziliense.com.br\/primeirainfancia\/wp-json\/wp\/v2\/users\/106"}],"replies":[{"embeddable":true,"href":"https:\/\/blogs.correiobraziliense.com.br\/primeirainfancia\/wp-json\/wp\/v2\/comments?post=208"}],"version-history":[{"count":9,"href":"https:\/\/blogs.correiobraziliense.com.br\/primeirainfancia\/wp-json\/wp\/v2\/posts\/208\/revisions"}],"predecessor-version":[{"id":223,"href":"https:\/\/blogs.correiobraziliense.com.br\/primeirainfancia\/wp-json\/wp\/v2\/posts\/208\/revisions\/223"}],"wp:featuredmedia":[{"embeddable":true,"href":"https:\/\/blogs.correiobraziliense.com.br\/primeirainfancia\/wp-json\/wp\/v2\/media\/206"}],"wp:attachment":[{"href":"https:\/\/blogs.correiobraziliense.com.br\/primeirainfancia\/wp-json\/wp\/v2\/media?parent=208"}],"wp:term":[{"taxonomy":"category","embeddable":true,"href":"https:\/\/blogs.correiobraziliense.com.br\/primeirainfancia\/wp-json\/wp\/v2\/categories?post=208"},{"taxonomy":"post_tag","embeddable":true,"href":"https:\/\/blogs.correiobraziliense.com.br\/primeirainfancia\/wp-json\/wp\/v2\/tags?post=208"}],"curies":[{"name":"wp","href":"https:\/\/api.w.org\/{rel}","templated":true}]}}