{"id":1710,"date":"2026-04-01T13:48:44","date_gmt":"2026-04-01T13:48:44","guid":{"rendered":"https:\/\/blogs.correiobraziliense.com.br\/primeirainfancia\/?p=1710"},"modified":"2026-04-01T14:04:58","modified_gmt":"2026-04-01T14:04:58","slug":"fome-na-infancia-cai-30-no-pais-em-um-ano-aponta-estudo","status":"publish","type":"post","link":"https:\/\/blogs.correiobraziliense.com.br\/primeirainfancia\/2026\/04\/01\/fome-na-infancia-cai-30-no-pais-em-um-ano-aponta-estudo\/","title":{"rendered":"Fome na inf\u00e2ncia cai 30% no pa\u00eds em um ano, diz governo"},"content":{"rendered":"<h2 style=\"text-align: center\">Dados do governo federal indicam redu\u00e7\u00e3o da inseguran\u00e7a alimentar entre crian\u00e7as e adolescentes, mas cen\u00e1rio ainda exige aten\u00e7\u00e3o<\/h2>\n<p>O n\u00famero de crian\u00e7as e adolescentes em situa\u00e7\u00e3o de inseguran\u00e7a alimentar no Brasil caiu cerca de 30% em um ano, segundo dados divulgados pelo Minist\u00e9rio do Desenvolvimento e Assist\u00eancia Social, Fam\u00edlia e Combate \u00e0 Fome. A redu\u00e7\u00e3o \u00e9 atribu\u00edda \u00e0 amplia\u00e7\u00e3o de pol\u00edticas p\u00fablicas de transfer\u00eancia de renda e seguran\u00e7a alimentar.<\/p>\n<p>A queda foi observada a partir de levantamentos do governo federal, realizados entre 2023 e 2024, que apontam melhora no acesso \u00e0 alimenta\u00e7\u00e3o em lares com crian\u00e7as e adolescentes. Dados do Minist\u00e9rio da Sa\u00fade tamb\u00e9m indicam que, em 2025, quase 8 milh\u00f5es de crian\u00e7as tiveram o peso e altura acompanhados pela aten\u00e7\u00e3o prim\u00e1ria \u00e0 Sa\u00fade. Nesse per\u00edodo, o n\u00edvel de magreza acentuada caiu de 2,8 para 1,8% das crian\u00e7as e a obesidade recuou de 6,4 para 5,7%.<\/p>\n<ul>\n<li><strong>Leia tamb\u00e9m:\u00a0<a href=\"https:\/\/blogs.correiobraziliense.com.br\/primeirainfancia\/2026\/03\/18\/projeto-estende-salario-maternidade-a-avos-e-irmaos-em-caso-de-morte-da-mae\/\" rel=\"bookmark\">Projeto estende sal\u00e1rio-maternidade a av\u00f3s e irm\u00e3os em caso de morte da m\u00e3e<\/a><\/strong><\/li>\n<\/ul>\n<p>Entre os fatores que contribu\u00edram para o recuo da fome na inf\u00e2ncia est\u00e3o o fortalecimento do Bolsa Fam\u00edlia, a amplia\u00e7\u00e3o de benef\u00edcios para fam\u00edlias com filhos e a recomposi\u00e7\u00e3o de pol\u00edticas p\u00fablicas voltadas \u00e0 seguran\u00e7a alimentar, como a distribui\u00e7\u00e3o de alimentos e o apoio \u00e0 agricultura familiar.<\/p>\n<p>A secret\u00e1ria Extraordin\u00e1ria de Combate \u00e0 Pobreza e \u00e0 Fome do MDS, Val\u00e9ria Burity, destaca que o resultado se deve a uma combina\u00e7\u00e3o de pol\u00edticas p\u00fablicas voltadas ao acesso \u00e0 renda e \u00e0 alimenta\u00e7\u00e3o.<\/p>\n<p>\u201cA redu\u00e7\u00e3o da fome entre crian\u00e7as e adolescentes aconteceu por uma combina\u00e7\u00e3o de a\u00e7\u00f5es importantes do governo. O Bolsa Fam\u00edlia, por exemplo, passou a pagar valores extras por crian\u00e7a, R$ 150 para menores de 6 anos e R$ 50 para quem tem entre 7 e 17 anos, chegando a milh\u00f5es de fam\u00edlias. Al\u00e9m disso, o programa, o Bolsa Fam\u00edlia, tamb\u00e9m ajudou a ampliar o acompanhamento nutricional dessas crian\u00e7as, porque isso \u00e9 uma condi\u00e7\u00e3o para estar no programa\u201d, detalha.<\/p>\n<ul>\n<li><strong>Leia tamb\u00e9m:\u00a0<a href=\"https:\/\/blogs.correiobraziliense.com.br\/primeirainfancia\/2026\/03\/15\/ganho-de-peso-acelerado-em-bebes-aumenta-risco-de-obesidade-e-diabetes\/\" rel=\"bookmark\">Ganho de peso acelerado em beb\u00eas aumenta risco de obesidade e diabetes<\/a><\/strong><\/li>\n<\/ul>\n<p>Em fevereiro deste ano, os repasses do Programa Nacional de Alimenta\u00e7\u00e3o Escolar foram reajustados em m\u00e9dia, em 14%. O programa atende 38 milh\u00f5es de estudantes em escolas da rede p\u00fablica.<\/p>\n<p><strong>O que \u00e9 inseguran\u00e7a alimentar?<\/strong><\/p>\n<p>A inseguran\u00e7a alimentar ocorre quando uma pessoa n\u00e3o tem acesso regular e permanente a alimentos de qualidade e em quantidade suficiente. No caso das crian\u00e7as, os efeitos s\u00e3o ainda mais graves, pois atingem uma fase essencial do desenvolvimento.<\/p>\n<p>Ela pode ser classificada em tr\u00eas n\u00edveis:<\/p>\n<ul>\n<li><strong>Leve:<\/strong> preocupa\u00e7\u00e3o ou incerteza quanto ao acesso aos alimentos<\/li>\n<li><strong>Moderada:<\/strong> redu\u00e7\u00e3o na quantidade de comida entre adultos e\/ou crian\u00e7as<\/li>\n<li><strong>Grave:<\/strong> falta de alimentos, podendo levar \u00e0 fome<\/li>\n<\/ul>\n","protected":false},"excerpt":{"rendered":"<p>Dados do governo federal indicam redu\u00e7\u00e3o da inseguran\u00e7a alimentar entre crian\u00e7as e adolescentes, mas cen\u00e1rio ainda exige aten\u00e7\u00e3o O n\u00famero de crian\u00e7as e adolescentes em situa\u00e7\u00e3o de inseguran\u00e7a alimentar no Brasil caiu cerca de 30% em um ano, segundo dados divulgados pelo Minist\u00e9rio do Desenvolvimento e Assist\u00eancia Social, Fam\u00edlia e Combate \u00e0 Fome. A redu\u00e7\u00e3o \u00e9 atribu\u00edda \u00e0 amplia\u00e7\u00e3o de [&hellip;]<\/p>\n","protected":false},"author":134,"featured_media":1711,"comment_status":"open","ping_status":"open","sticky":false,"template":"","format":"standard","meta":{"footnotes":""},"categories":[324,332],"tags":[342,343,344,345],"class_list":["post-1710","post","type-post","status-publish","format-standard","has-post-thumbnail","hentry","category-desenvolvimento-infantil","category-politica-publica","tag-fome","tag-fome-no-brasil","tag-inseguranca-alimentar","tag-nutricao-infantil"],"_links":{"self":[{"href":"https:\/\/blogs.correiobraziliense.com.br\/primeirainfancia\/wp-json\/wp\/v2\/posts\/1710","targetHints":{"allow":["GET"]}}],"collection":[{"href":"https:\/\/blogs.correiobraziliense.com.br\/primeirainfancia\/wp-json\/wp\/v2\/posts"}],"about":[{"href":"https:\/\/blogs.correiobraziliense.com.br\/primeirainfancia\/wp-json\/wp\/v2\/types\/post"}],"author":[{"embeddable":true,"href":"https:\/\/blogs.correiobraziliense.com.br\/primeirainfancia\/wp-json\/wp\/v2\/users\/134"}],"replies":[{"embeddable":true,"href":"https:\/\/blogs.correiobraziliense.com.br\/primeirainfancia\/wp-json\/wp\/v2\/comments?post=1710"}],"version-history":[{"count":9,"href":"https:\/\/blogs.correiobraziliense.com.br\/primeirainfancia\/wp-json\/wp\/v2\/posts\/1710\/revisions"}],"predecessor-version":[{"id":1721,"href":"https:\/\/blogs.correiobraziliense.com.br\/primeirainfancia\/wp-json\/wp\/v2\/posts\/1710\/revisions\/1721"}],"wp:featuredmedia":[{"embeddable":true,"href":"https:\/\/blogs.correiobraziliense.com.br\/primeirainfancia\/wp-json\/wp\/v2\/media\/1711"}],"wp:attachment":[{"href":"https:\/\/blogs.correiobraziliense.com.br\/primeirainfancia\/wp-json\/wp\/v2\/media?parent=1710"}],"wp:term":[{"taxonomy":"category","embeddable":true,"href":"https:\/\/blogs.correiobraziliense.com.br\/primeirainfancia\/wp-json\/wp\/v2\/categories?post=1710"},{"taxonomy":"post_tag","embeddable":true,"href":"https:\/\/blogs.correiobraziliense.com.br\/primeirainfancia\/wp-json\/wp\/v2\/tags?post=1710"}],"curies":[{"name":"wp","href":"https:\/\/api.w.org\/{rel}","templated":true}]}}