{"id":1705,"date":"2026-03-18T14:56:24","date_gmt":"2026-03-18T14:56:24","guid":{"rendered":"https:\/\/blogs.correiobraziliense.com.br\/primeirainfancia\/?p=1705"},"modified":"2026-03-18T14:56:24","modified_gmt":"2026-03-18T14:56:24","slug":"projeto-estende-salario-maternidade-a-avos-e-irmaos-em-caso-de-morte-da-mae","status":"publish","type":"post","link":"https:\/\/blogs.correiobraziliense.com.br\/primeirainfancia\/2026\/03\/18\/projeto-estende-salario-maternidade-a-avos-e-irmaos-em-caso-de-morte-da-mae\/","title":{"rendered":"Projeto estende sal\u00e1rio-maternidade a av\u00f3s e irm\u00e3os em caso de morte da m\u00e3e"},"content":{"rendered":"<h2 style=\"text-align: center\"><strong>Proposta em an\u00e1lise na C\u00e2mara amplia o benef\u00edcio para familiares que assumirem a guarda da crian\u00e7a; hoje, regra prioriza c\u00f4njuge ou companheiro<\/strong><\/h2>\n<p><span style=\"font-weight: 400\">Um Projeto de Lei prev\u00ea a amplia\u00e7\u00e3o do sal\u00e1rio-maternidade para av\u00f3s, bisav\u00f3s e irm\u00e3os com mais de 18 anos que assumirem a responsabilidade por uma crian\u00e7a ap\u00f3s a morte da m\u00e3e. A proposta est\u00e1 em an\u00e1lise na C\u00e2mara dos Deputados e busca adaptar a legisla\u00e7\u00e3o \u00e0 realidade de fam\u00edlias brasileiras, especialmente as monoparentais.\u00a0<\/span><\/p>\n<p><span style=\"font-weight: 400\">Atualmente, a legisla\u00e7\u00e3o permite a transfer\u00eancia do benef\u00edcio apenas ao c\u00f4njuge ou companheiro sobrevivente. Com a mudan\u00e7a, o direito poder\u00e1 ser estendido a outros familiares pr\u00f3ximos, desde que tenham a guarda, tutela ou curatela reconhecida judicialmente.\u00a0<\/span><\/p>\n<p><span style=\"font-weight: 400\">Pelo texto, o pagamento seguir\u00e1 o per\u00edodo restante a que a m\u00e3e teria direito originalmente. O benef\u00edcio n\u00e3o poder\u00e1 ser acumulado: apenas um respons\u00e1vel poder\u00e1 receb\u00ea-lo. O valor dever\u00e1 ser depositado, preferencialmente, em conta banc\u00e1ria do titular da guarda da crian\u00e7a.<\/span><\/p>\n<ul>\n<li><strong>Leia tamb\u00e9m:\u00a0<a href=\"https:\/\/blogs.correiobraziliense.com.br\/primeirainfancia\/2026\/03\/14\/criancas-estao-falando-mais-tarde-veja-os-sinais-de-alerta\/\" rel=\"bookmark\">Crian\u00e7as est\u00e3o falando mais tarde? Veja os sinais de alerta<\/a><\/strong><\/li>\n<\/ul>\n<p><span style=\"font-weight: 400\">De acordo com o autor da proposta, deputado Duda Ramos (MDB-RR), a aus\u00eancia de previs\u00e3o legal espec\u00edfica tem gerado inseguran\u00e7a jur\u00eddica e dificultado o acesso ao benef\u00edcio em situa\u00e7\u00f5es de vulnerabilidade. \u201cA falta de previs\u00e3o legal expressa dificulta o acesso ao benef\u00edcio, obrigando familiares a recorrerem \u00e0 Justi\u00e7a\u201d, afirmou.\u00a0<\/span><\/p>\n<p><span style=\"font-weight: 400\">Segundo o parlamentar, \u00e9 comum que, na aus\u00eancia da m\u00e3e e de um c\u00f4njuge, a responsabilidade pela crian\u00e7a recaia imediatamente sobre av\u00f3s ou irm\u00e3os mais velhos. A proposta busca garantir prote\u00e7\u00e3o financeira ao rec\u00e9m-nascido nesse momento cr\u00edtico, evitando burocracia e assegurando condi\u00e7\u00f5es m\u00ednimas de subsist\u00eancia.\u00a0<\/span><\/p>\n<p><span style=\"font-weight: 400\">O projeto tramita em car\u00e1ter conclusivo e ser\u00e1 analisado pelas comiss\u00f5es de Previd\u00eancia, Assist\u00eancia Social, Inf\u00e2ncia, Adolesc\u00eancia e Fam\u00edlia; de Finan\u00e7as e Tributa\u00e7\u00e3o; e de Constitui\u00e7\u00e3o e Justi\u00e7a e de Cidadania. Para virar lei, ainda precisa ser aprovado pela C\u00e2mara e senado<\/span><\/p>\n","protected":false},"excerpt":{"rendered":"<p>Proposta em an\u00e1lise na C\u00e2mara amplia o benef\u00edcio para familiares que assumirem a guarda da crian\u00e7a; hoje, regra prioriza c\u00f4njuge ou companheiro Um Projeto de Lei prev\u00ea a amplia\u00e7\u00e3o do sal\u00e1rio-maternidade para av\u00f3s, bisav\u00f3s e irm\u00e3os com mais de 18 anos que assumirem a responsabilidade por uma crian\u00e7a ap\u00f3s a morte da m\u00e3e. A proposta est\u00e1 em an\u00e1lise na C\u00e2mara [&hellip;]<\/p>\n","protected":false},"author":134,"featured_media":1706,"comment_status":"open","ping_status":"open","sticky":false,"template":"","format":"standard","meta":{"footnotes":""},"categories":[325],"tags":[2],"class_list":["post-1705","post","type-post","status-publish","format-standard","has-post-thumbnail","hentry","category-politica-de-cuidado","tag-primeira-infancia"],"_links":{"self":[{"href":"https:\/\/blogs.correiobraziliense.com.br\/primeirainfancia\/wp-json\/wp\/v2\/posts\/1705","targetHints":{"allow":["GET"]}}],"collection":[{"href":"https:\/\/blogs.correiobraziliense.com.br\/primeirainfancia\/wp-json\/wp\/v2\/posts"}],"about":[{"href":"https:\/\/blogs.correiobraziliense.com.br\/primeirainfancia\/wp-json\/wp\/v2\/types\/post"}],"author":[{"embeddable":true,"href":"https:\/\/blogs.correiobraziliense.com.br\/primeirainfancia\/wp-json\/wp\/v2\/users\/134"}],"replies":[{"embeddable":true,"href":"https:\/\/blogs.correiobraziliense.com.br\/primeirainfancia\/wp-json\/wp\/v2\/comments?post=1705"}],"version-history":[{"count":1,"href":"https:\/\/blogs.correiobraziliense.com.br\/primeirainfancia\/wp-json\/wp\/v2\/posts\/1705\/revisions"}],"predecessor-version":[{"id":1707,"href":"https:\/\/blogs.correiobraziliense.com.br\/primeirainfancia\/wp-json\/wp\/v2\/posts\/1705\/revisions\/1707"}],"wp:featuredmedia":[{"embeddable":true,"href":"https:\/\/blogs.correiobraziliense.com.br\/primeirainfancia\/wp-json\/wp\/v2\/media\/1706"}],"wp:attachment":[{"href":"https:\/\/blogs.correiobraziliense.com.br\/primeirainfancia\/wp-json\/wp\/v2\/media?parent=1705"}],"wp:term":[{"taxonomy":"category","embeddable":true,"href":"https:\/\/blogs.correiobraziliense.com.br\/primeirainfancia\/wp-json\/wp\/v2\/categories?post=1705"},{"taxonomy":"post_tag","embeddable":true,"href":"https:\/\/blogs.correiobraziliense.com.br\/primeirainfancia\/wp-json\/wp\/v2\/tags?post=1705"}],"curies":[{"name":"wp","href":"https:\/\/api.w.org\/{rel}","templated":true}]}}