{"id":1653,"date":"2026-02-12T16:38:18","date_gmt":"2026-02-12T16:38:18","guid":{"rendered":"https:\/\/blogs.correiobraziliense.com.br\/primeirainfancia\/?p=1653"},"modified":"2026-02-12T16:38:18","modified_gmt":"2026-02-12T16:38:18","slug":"carnaval-com-criancas-como-curtir-a-folia-em-seguranca","status":"publish","type":"post","link":"https:\/\/blogs.correiobraziliense.com.br\/primeirainfancia\/2026\/02\/12\/carnaval-com-criancas-como-curtir-a-folia-em-seguranca\/","title":{"rendered":"Carnaval com crian\u00e7as: como curtir a folia em seguran\u00e7a"},"content":{"rendered":"<h2 style=\"text-align: center\"><strong>Entidades refor\u00e7am orienta\u00e7\u00f5es sobre identifica\u00e7\u00e3o, preven\u00e7\u00e3o de desaparecimentos, riscos de explora\u00e7\u00e3o e cuidados com sa\u00fade durante a folia<\/strong><\/h2>\n<p><span style=\"font-weight: 400\">O Carnaval \u00e9 uma das maiores manifesta\u00e7\u00f5es culturais do pa\u00eds e re\u00fane milh\u00f5es de pessoas em blocos de rua, desfiles e festas populares. Cada vez mais, crian\u00e7as e adolescentes participam da programa\u00e7\u00e3o, especialmente em eventos diurnos e familiares. Mas a combina\u00e7\u00e3o de aglomera\u00e7\u00e3o, calor intenso, consumo de \u00e1lcool e grande circula\u00e7\u00e3o de pessoas exige aten\u00e7\u00e3o redobrada dos respons\u00e1veis.<\/span><\/p>\n<p><span style=\"font-weight: 400\">Em entrevista \u00e0 TV Justi\u00e7a, a supervisora do N\u00facleo de Apura\u00e7\u00e3o e Prote\u00e7\u00e3o (NUAPRO) da 1\u00aa Vara da Inf\u00e2ncia e da Juventude do Distrito Federal (<a href=\"https:\/\/www.tjdft.jus.br\/institucional\/imprensa\/noticias\/2026\/fevereiro\/supervisora-do-nuapro-fala-a-tv-justica-sobre-cuidados-com-criancas-e-adolescentes-no-carnaval\">1\u00aa VIJ\/TJDFT<\/a>), Ana Luiza Sim\u00f5es M\u00fcller, destacou que um dos epis\u00f3dios mais recorrentes no per\u00edodo carnavalesco \u00e9 o desencontro entre crian\u00e7as e\u00a0 respons\u00e1veis.\u00a0<\/span><\/p>\n<p><span style=\"font-weight: 400\">\u201cA identifica\u00e7\u00e3o com pulseiras, crach\u00e1s ou etiquetas com o nome do respons\u00e1vel e telefone \u00e9 uma medida simples que reduz o tempo de reencontro em caso de desencontro\u201d, orientou.<\/span><\/p>\n<ul>\n<li><strong>Leia tamb\u00e9m:\u00a0<a href=\"https:\/\/blogs.correiobraziliense.com.br\/primeirainfancia\/2026\/02\/11\/dia-da-internet-segura-tiktok-anuncia-acoes-para-adolescentes\/\" rel=\"bookmark\">Dia da Internet Segura: TikTok anuncia a\u00e7\u00f5es para adolescentes<\/a><\/strong><\/li>\n<\/ul>\n<p><span style=\"font-weight: 400\">Segundo ela, a distra\u00e7\u00e3o natural das fam\u00edlias em meio \u00e0 festa e os deslocamentos em massa aumentam o risco de separa\u00e7\u00e3o. Por isso, al\u00e9m da identifica\u00e7\u00e3o vis\u00edvel, \u00e9 essencial conversar previamente com a crian\u00e7a e explicar como agir caso os respons\u00e1veis a percam. A orienta\u00e7\u00e3o \u00e9 conversar anteriormente sobre procurar apenas policiais, agentes p\u00fablicos, brigadistas ou equipes identificadas da Vara da Inf\u00e2ncia, evitando qualquer abordagem de desconhecidos.<\/span><\/p>\n<p><span style=\"font-weight: 400\">O <a href=\"https:\/\/www.unicef.org\/brazil\/\">Fundo das Na\u00e7\u00f5es Unidas para a Inf\u00e2ncia<\/a> (UNICEF) tamb\u00e9m refor\u00e7ou orienta\u00e7\u00f5es para o per\u00edodo, destacando que o Carnaval deve ser um espa\u00e7o de alegria com prote\u00e7\u00e3o integral garantida. Antes da folia, o organismo recomenda combinar pontos de encontro, guardar uma foto recente da crian\u00e7a com a roupa do dia e avaliar se o ambiente escolhido \u00e9 adequado para a faixa et\u00e1ria.<\/span><\/p>\n<p><span style=\"font-weight: 400\">Blocos com menor lota\u00e7\u00e3o, estrutura de apoio e programa\u00e7\u00e3o voltada ao p\u00fablico infantil tendem a oferecer mais seguran\u00e7a.\u00a0<\/span><\/p>\n<p><span style=\"font-weight: 400\">Para adolescentes, a recomenda\u00e7\u00e3o inclui manter o celular carregado, com contatos de emerg\u00eancia salvos, e alinhar regras claras sobre hor\u00e1rios e deslocamentos.<\/span><\/p>\n<h3><strong>Supervis\u00e3o constante e preven\u00e7\u00e3o de riscos<\/strong><\/h3>\n<p><span style=\"font-weight: 400\">Durante a festa, a supervis\u00e3o deve ser permanente. \u201cCrian\u00e7as devem estar sempre acompanhadas por um adulto respons\u00e1vel\u201d, refor\u00e7a o UNICEF. O \u00f3rg\u00e3o alerta ainda que grandes eventos podem intensificar riscos como explora\u00e7\u00e3o sexual, trabalho infantil, oferta de bebidas alco\u00f3licas e exposi\u00e7\u00e3o precoce ao consumo de drogas.\u00a0<\/span><\/p>\n<ul>\n<li><strong>Leia tamb\u00e9m:\u00a0<a href=\"https:\/\/blogs.correiobraziliense.com.br\/primeirainfancia\/2026\/02\/05\/onu-alerta-para-ameacas-da-inteligencia-artificial-contra-criancas\/\" rel=\"bookmark\">ONU alerta para amea\u00e7as da intelig\u00eancia artificial contra crian\u00e7as<\/a><\/strong><\/li>\n<\/ul>\n<p><span style=\"font-weight: 400\">A venda e o fornecimento de \u00e1lcool a pessoas com menos de 18 anos s\u00e3o proibidos por lei e configuram crime. A 1\u00aa VIJ tamb\u00e9m destacou a import\u00e2ncia de os respons\u00e1veis observarem sinais de vulnerabilidade, sobretudo em adolescentes, que podem estar mais expostos a situa\u00e7\u00f5es de risco em ambientes com consumo generalizado de \u00e1lcool.<\/span><\/p>\n<p><span style=\"font-weight: 400\">Ao identificar qualquer crian\u00e7a desacompanhada, em situa\u00e7\u00e3o de trabalho infantil ou com sinais de viol\u00eancia f\u00edsica ou sexual, a orienta\u00e7\u00e3o \u00e9 acionar imediatamente os canais oficiais de den\u00fancia, como o Disque 100, o Conselho Tutelar ou a Pol\u00edcia Militar.<\/span><\/p>\n<h3><strong>Sa\u00fade tamb\u00e9m \u00e9 prioridade<\/strong><\/h3>\n<p><span style=\"font-weight: 400\">Al\u00e9m da seguran\u00e7a, os cuidados com a sa\u00fade s\u00e3o indispens\u00e1veis. Crian\u00e7as t\u00eam maior dificuldade de regular a temperatura corporal e podem desidratar rapidamente. A recomenda\u00e7\u00e3o \u00e9 oferecer \u00e1gua com frequ\u00eancia, evitar exposi\u00e7\u00e3o prolongada ao sol e reaplicar o protetor solar a cada duas horas.<\/span><\/p>\n<p><span style=\"font-weight: 400\">Roupas leves e confort\u00e1veis ajudam a prevenir mal-estar. Fantasias devem permitir ventila\u00e7\u00e3o e mobilidade. Em blocos com som amplificado, protetores auriculares s\u00e3o indicados, especialmente para beb\u00eas, crian\u00e7as pequenas, pessoas com sensibilidades sensoriais e dentro do espectro autista.\u00a0<\/span><\/p>\n<ul>\n<li><strong>Leia tamb\u00e9m:\u00a0<a href=\"https:\/\/blogs.correiobraziliense.com.br\/primeirainfancia\/2026\/02\/09\/comissao-aprova-oferta-de-abafadores-de-ruidos-a-estudantes-autistas\/\" rel=\"bookmark\">Comiss\u00e3o aprova oferta de abafadores de ru\u00eddos a estudantes autistas<\/a><\/strong><\/li>\n<\/ul>\n<p><span style=\"font-weight: 400\">A prote\u00e7\u00e3o de crian\u00e7as e adolescentes \u00e9 garantida pelo Estatuto da Crian\u00e7a e do Adolescente (ECA), que estabelece prioridade absoluta \u00e0 inf\u00e2ncia e responsabiliza fam\u00edlia, sociedade e poder p\u00fablico. No Carnaval, isso se traduz em planejamento, di\u00e1logo e presen\u00e7a ativa dos adultos. Como refor\u00e7ou a representante da Vara da Inf\u00e2ncia: \u201cO importante \u00e9 aproveitar o Carnaval com responsabilidade\u201d.<\/span><\/p>\n<p>&nbsp;<\/p>\n","protected":false},"excerpt":{"rendered":"<p>Entidades refor\u00e7am orienta\u00e7\u00f5es sobre identifica\u00e7\u00e3o, preven\u00e7\u00e3o de desaparecimentos, riscos de explora\u00e7\u00e3o e cuidados com sa\u00fade durante a folia O Carnaval \u00e9 uma das maiores manifesta\u00e7\u00f5es culturais do pa\u00eds e re\u00fane milh\u00f5es de pessoas em blocos de rua, desfiles e festas populares. Cada vez mais, crian\u00e7as e adolescentes participam da programa\u00e7\u00e3o, especialmente em eventos diurnos e familiares. Mas a combina\u00e7\u00e3o de [&hellip;]<\/p>\n","protected":false},"author":134,"featured_media":1654,"comment_status":"open","ping_status":"open","sticky":false,"template":"","format":"standard","meta":{"footnotes":""},"categories":[331,321],"tags":[334,335,336],"class_list":["post-1653","post","type-post","status-publish","format-standard","has-post-thumbnail","hentry","category-diversao","category-seguranca","tag-carnaval","tag-cuidados-com-as-criancas","tag-seguranca-no-carnaval"],"_links":{"self":[{"href":"https:\/\/blogs.correiobraziliense.com.br\/primeirainfancia\/wp-json\/wp\/v2\/posts\/1653","targetHints":{"allow":["GET"]}}],"collection":[{"href":"https:\/\/blogs.correiobraziliense.com.br\/primeirainfancia\/wp-json\/wp\/v2\/posts"}],"about":[{"href":"https:\/\/blogs.correiobraziliense.com.br\/primeirainfancia\/wp-json\/wp\/v2\/types\/post"}],"author":[{"embeddable":true,"href":"https:\/\/blogs.correiobraziliense.com.br\/primeirainfancia\/wp-json\/wp\/v2\/users\/134"}],"replies":[{"embeddable":true,"href":"https:\/\/blogs.correiobraziliense.com.br\/primeirainfancia\/wp-json\/wp\/v2\/comments?post=1653"}],"version-history":[{"count":1,"href":"https:\/\/blogs.correiobraziliense.com.br\/primeirainfancia\/wp-json\/wp\/v2\/posts\/1653\/revisions"}],"predecessor-version":[{"id":1655,"href":"https:\/\/blogs.correiobraziliense.com.br\/primeirainfancia\/wp-json\/wp\/v2\/posts\/1653\/revisions\/1655"}],"wp:featuredmedia":[{"embeddable":true,"href":"https:\/\/blogs.correiobraziliense.com.br\/primeirainfancia\/wp-json\/wp\/v2\/media\/1654"}],"wp:attachment":[{"href":"https:\/\/blogs.correiobraziliense.com.br\/primeirainfancia\/wp-json\/wp\/v2\/media?parent=1653"}],"wp:term":[{"taxonomy":"category","embeddable":true,"href":"https:\/\/blogs.correiobraziliense.com.br\/primeirainfancia\/wp-json\/wp\/v2\/categories?post=1653"},{"taxonomy":"post_tag","embeddable":true,"href":"https:\/\/blogs.correiobraziliense.com.br\/primeirainfancia\/wp-json\/wp\/v2\/tags?post=1653"}],"curies":[{"name":"wp","href":"https:\/\/api.w.org\/{rel}","templated":true}]}}