{"id":1644,"date":"2026-02-09T18:24:06","date_gmt":"2026-02-09T18:24:06","guid":{"rendered":"https:\/\/blogs.correiobraziliense.com.br\/primeirainfancia\/?p=1644"},"modified":"2026-02-09T18:24:31","modified_gmt":"2026-02-09T18:24:31","slug":"projeto-de-lei-propoe-bpc-sem-exigencia-de-renda-minima","status":"publish","type":"post","link":"https:\/\/blogs.correiobraziliense.com.br\/primeirainfancia\/2026\/02\/09\/projeto-de-lei-propoe-bpc-sem-exigencia-de-renda-minima\/","title":{"rendered":"Projeto de lei prop\u00f5e BPC sem exig\u00eancia de renda m\u00ednima"},"content":{"rendered":"<h2 style=\"text-align: center\"><span style=\"font-weight: 400\">Proposta elimina crit\u00e9rio de renda, questiona per\u00edcias consideradas humilhantes e afirma que prote\u00e7\u00e3o social n\u00e3o pode ser condicionada \u00e0 mis\u00e9ria extrema<\/span><\/h2>\n<p><span style=\"font-weight: 400\">Um projeto de lei protocolado na C\u00e2mara dos Deputados, na \u00faltima quarta-feira (4\/02) prop\u00f5e garantir o Benef\u00edcio de Presta\u00e7\u00e3o Continuada (BPC) sem exig\u00eancia de renda m\u00ednima. O BPC assegura um sal\u00e1rio m\u00ednimo mensal a pessoas com defici\u00eancia, incluindo autistas, e a idosos a partir de 65 anos e, pela proposta, passaria a ser concedido como direito constitucional, independentemente da renda familiar.<\/span><\/p>\n<p><span style=\"font-weight: 400\">Atualmente, o benef\u00edcio \u00e9 pago a pessoas com renda familiar per capita inferior a \u00bc do sal\u00e1rio m\u00ednimo. Para a autora do projeto, a deputada Helo\u00edsa Helena (REDE-RJ), o modelo atual imp\u00f5e barreiras que excluem milh\u00f5es de brasileiros que vivem situa\u00e7\u00f5es reais de vulnerabilidade, mas n\u00e3o se enquadram nos crit\u00e9rios considerados \u201cextremos\u201d pelo Estado.<\/span><\/p>\n<p><span style=\"font-weight: 400\">Dados do Instituto Brasileiro de Geografia e Estat\u00edstica (IBGE), com base no Censo, indicam que o Brasil tem cerca de 1<a href=\"https:\/\/www.correiobraziliense.com.br\/app\/noticia\/cidades\/2013\/05\/07\/interna_cidadesdf,364671\/pesquisa-aponta-que-22-23-da-populacao-possui-algum-tipo-de-deficiencia.shtml\">4 milh\u00f5es de pessoas com defici\u00eancia<\/a>. No entanto, apenas cerca de 6 milh\u00f5es recebem o BPC. Segundo a deputada, essa diferen\u00e7a revela um sistema que condiciona o acesso \u00e0 prote\u00e7\u00e3o social \u00e0 experi\u00eancia da mis\u00e9ria absoluta.<\/span><\/p>\n<ul>\n<li><strong>Leia tamb\u00e9m:\u00a0<a href=\"https:\/\/blogs.correiobraziliense.com.br\/primeirainfancia\/2026\/02\/09\/comissao-aprova-oferta-de-abafadores-de-ruidos-a-estudantes-autistas\/\" rel=\"bookmark\">Comiss\u00e3o aprova oferta de abafadores de ru\u00eddos a estudantes autistas<\/a><\/strong><\/li>\n<\/ul>\n<p><span style=\"font-weight: 400\">Em entrevista \u00e0 TV C\u00e2mara, Helo\u00edsa Helena criticou o que chama de \u201cfiltros administrativos\u201d e per\u00edcias que, segundo ela, submetem pessoas com defici\u00eancia e suas fam\u00edlias a situa\u00e7\u00f5es de constrangimento e humilha\u00e7\u00e3o. Para a parlamentar, o Estado s\u00f3 reconhece o direito quando a pessoa comprova estar submetida a uma situa\u00e7\u00e3o extrema de sofrimento econ\u00f4mico, o que contraria os princ\u00edpios constitucionais da dignidade da pessoa humana e da prote\u00e7\u00e3o social.<\/span><\/p>\n<p><span style=\"font-weight: 400\">O projeto sustenta que a defici\u00eancia, por si s\u00f3, j\u00e1 imp\u00f5e vulnerabilidades m\u00faltiplas, sejam elas f\u00edsicas, emocionais, familiares e sociais, que n\u00e3o podem ser ignoradas por crit\u00e9rios puramente econ\u00f4micos. A proposta tamb\u00e9m questiona a l\u00f3gica de submeter pessoas com defici\u00eancias graves, muitas delas impossibilitadas de ingressar no mercado de trabalho, a avalia\u00e7\u00f5es que negam prote\u00e7\u00e3o com base em renda familiar ligeiramente superior ao limite estabelecido.<\/span><\/p>\n<ul>\n<li><strong>Leia tamb\u00e9m:\u00a0<a href=\"https:\/\/blogs.correiobraziliense.com.br\/primeirainfancia\/2026\/02\/05\/onu-alerta-para-ameacas-da-inteligencia-artificial-contra-criancas\/\" rel=\"bookmark\">ONU alerta para amea\u00e7as da intelig\u00eancia artificial contra crian\u00e7as<\/a><\/strong><\/li>\n<\/ul>\n<p><span style=\"font-weight: 400\">A deputada tamb\u00e9m faz uma cr\u00edtica \u00e0 distribui\u00e7\u00e3o do or\u00e7amento p\u00fablico. Segundo ela, o pa\u00eds destina mais de metade de um or\u00e7amento que se aproxima de R$ 7 trilh\u00f5es ao setor financeiro e ao capital especulativo, enquanto resiste a investir cerca de R$ 10 bilh\u00f5es para garantir atendimento e prote\u00e7\u00e3o a pessoas com defici\u00eancia que dependem do benef\u00edcio para sobreviver.<\/span><\/p>\n<p><span style=\"font-weight: 400\">\u201cO direito fundamental n\u00e3o pode ser medido por grau de pobreza extrema\u201d, argumenta a parlamentar. Para ela, a Constitui\u00e7\u00e3o Federal imp\u00f5e ao Estado o dever de garantir prote\u00e7\u00e3o e dignidade a pessoas com defici\u00eancia e idosos, independentemente de estarem ou n\u00e3o em situa\u00e7\u00e3o de mis\u00e9ria absoluta.<\/span><\/p>\n<p><span style=\"font-weight: 400\">O PL <a href=\"https:\/\/www.camara.leg.br\/proposicoesWeb\/fichadetramitacao?idProposicao=2600941\">291\/2026<\/a> est\u00e1 em tramita\u00e7\u00e3o na C\u00e2mara dos Deputados e ainda ser\u00e1 analisado pelas comiss\u00f5es de Sa\u00fade, de Finan\u00e7as e Tributa\u00e7\u00e3o e de Constitui\u00e7\u00e3o e Justi\u00e7a e de Cidadania antes de seguir para vota\u00e7\u00e3o.\u00a0<\/span><\/p>\n","protected":false},"excerpt":{"rendered":"<p>Proposta elimina crit\u00e9rio de renda, questiona per\u00edcias consideradas humilhantes e afirma que prote\u00e7\u00e3o social n\u00e3o pode ser condicionada \u00e0 mis\u00e9ria extrema Um projeto de lei protocolado na C\u00e2mara dos Deputados, na \u00faltima quarta-feira (4\/02) prop\u00f5e garantir o Benef\u00edcio de Presta\u00e7\u00e3o Continuada (BPC) sem exig\u00eancia de renda m\u00ednima. O BPC assegura um sal\u00e1rio m\u00ednimo mensal a pessoas com defici\u00eancia, incluindo autistas, [&hellip;]<\/p>\n","protected":false},"author":134,"featured_media":1645,"comment_status":"open","ping_status":"open","sticky":false,"template":"","format":"standard","meta":{"footnotes":""},"categories":[325,332],"tags":[],"class_list":["post-1644","post","type-post","status-publish","format-standard","has-post-thumbnail","hentry","category-politica-de-cuidado","category-politica-publica"],"_links":{"self":[{"href":"https:\/\/blogs.correiobraziliense.com.br\/primeirainfancia\/wp-json\/wp\/v2\/posts\/1644","targetHints":{"allow":["GET"]}}],"collection":[{"href":"https:\/\/blogs.correiobraziliense.com.br\/primeirainfancia\/wp-json\/wp\/v2\/posts"}],"about":[{"href":"https:\/\/blogs.correiobraziliense.com.br\/primeirainfancia\/wp-json\/wp\/v2\/types\/post"}],"author":[{"embeddable":true,"href":"https:\/\/blogs.correiobraziliense.com.br\/primeirainfancia\/wp-json\/wp\/v2\/users\/134"}],"replies":[{"embeddable":true,"href":"https:\/\/blogs.correiobraziliense.com.br\/primeirainfancia\/wp-json\/wp\/v2\/comments?post=1644"}],"version-history":[{"count":1,"href":"https:\/\/blogs.correiobraziliense.com.br\/primeirainfancia\/wp-json\/wp\/v2\/posts\/1644\/revisions"}],"predecessor-version":[{"id":1646,"href":"https:\/\/blogs.correiobraziliense.com.br\/primeirainfancia\/wp-json\/wp\/v2\/posts\/1644\/revisions\/1646"}],"wp:featuredmedia":[{"embeddable":true,"href":"https:\/\/blogs.correiobraziliense.com.br\/primeirainfancia\/wp-json\/wp\/v2\/media\/1645"}],"wp:attachment":[{"href":"https:\/\/blogs.correiobraziliense.com.br\/primeirainfancia\/wp-json\/wp\/v2\/media?parent=1644"}],"wp:term":[{"taxonomy":"category","embeddable":true,"href":"https:\/\/blogs.correiobraziliense.com.br\/primeirainfancia\/wp-json\/wp\/v2\/categories?post=1644"},{"taxonomy":"post_tag","embeddable":true,"href":"https:\/\/blogs.correiobraziliense.com.br\/primeirainfancia\/wp-json\/wp\/v2\/tags?post=1644"}],"curies":[{"name":"wp","href":"https:\/\/api.w.org\/{rel}","templated":true}]}}