{"id":1633,"date":"2026-02-06T16:44:57","date_gmt":"2026-02-06T16:44:57","guid":{"rendered":"https:\/\/blogs.correiobraziliense.com.br\/primeirainfancia\/?p=1633"},"modified":"2026-02-06T16:44:57","modified_gmt":"2026-02-06T16:44:57","slug":"pmdf-reforca-campanha-de-identificacao-de-criancas-durante-o-carnaval","status":"publish","type":"post","link":"https:\/\/blogs.correiobraziliense.com.br\/primeirainfancia\/2026\/02\/06\/pmdf-reforca-campanha-de-identificacao-de-criancas-durante-o-carnaval\/","title":{"rendered":"PMDF refor\u00e7a campanha de identifica\u00e7\u00e3o de crian\u00e7as durante o Carnaval"},"content":{"rendered":"<h2 style=\"text-align: center\"><span style=\"font-weight: 400\">Documento simples\u00a0 ajuda na localiza\u00e7\u00e3o e identifica\u00e7\u00e3o de crian\u00e7as em caso de desencontro durante blocos e eventos no DF<\/span><\/h2>\n<p><span style=\"font-weight: 400\">Com a proximidade do Carnaval e o aumento da circula\u00e7\u00e3o de pessoas em blocos de rua e eventos abertos, a Pol\u00edcia Militar do Distrito Federal refor\u00e7ou a campanha de identifica\u00e7\u00e3o de crian\u00e7as como medida preventiva para evitar desaparecimentos durante a folia. O foco da a\u00e7\u00e3o \u00e9 o uso de carteirinhas de identifica\u00e7\u00e3o, que podem ser impressas pelos respons\u00e1veis antes de sair de casa.<\/span><\/p>\n<p><span style=\"font-weight: 400\">A carteirinha deve conter informa\u00e7\u00f5es b\u00e1sicas, como nome da crian\u00e7a, nome do respons\u00e1vel e telefone para contato. O documento pode ser colocado no bolso da roupa, preso ao cord\u00e3o do abad\u00e1 ou mantido junto a um crach\u00e1 simples, facilitando a atua\u00e7\u00e3o r\u00e1pida da pol\u00edcia e das equipes de apoio caso os respons\u00e1veis percam a crian\u00e7a.<\/span><\/p>\n<p><a href=\"https:\/\/portal.pm.df.gov.br\/wp-content\/uploads\/2026\/01\/PMDF-IDENTIFICACAO-INFANTIL-CARNAVAL-1.pdf\"><span style=\"font-weight: 400\">Clique neste link para ter acesso \u00e0 carteirinha.<\/span><\/a><\/p>\n<p><span style=\"font-weight: 400\">De acordo com a PMDF, o Carnaval re\u00fane fatores de risco como grandes aglomera\u00e7\u00f5es, barulho intenso, consumo de \u00e1lcool por parte dos adultos e circula\u00e7\u00e3o constante de pessoas desconhecidas. Nesse contexto, a identifica\u00e7\u00e3o pr\u00e9via \u00e9 uma ferramenta essencial para reduzir o tempo de localiza\u00e7\u00e3o e evitar que situa\u00e7\u00f5es de desencontro se prolonguem.<\/span><\/p>\n<figure id=\"attachment_1635\" aria-describedby=\"caption-attachment-1635\" style=\"width: 1024px\" class=\"wp-caption aligncenter\"><img loading=\"lazy\" decoding=\"async\" class=\"wp-image-1635 size-large\" src=\"https:\/\/blogs.correiobraziliense.com.br\/primeirainfancia\/wp-content\/uploads\/sites\/49\/2026\/02\/campanha-de-identifica\u00e7\u00e3o-no-carnaval-1024x726.jpg\" alt=\"\" width=\"1024\" height=\"726\" srcset=\"https:\/\/blogs.correiobraziliense.com.br\/primeirainfancia\/wp-content\/uploads\/sites\/49\/2026\/02\/campanha-de-identifica\u00e7\u00e3o-no-carnaval-1024x726.jpg 1024w, https:\/\/blogs.correiobraziliense.com.br\/primeirainfancia\/wp-content\/uploads\/sites\/49\/2026\/02\/campanha-de-identifica\u00e7\u00e3o-no-carnaval-300x213.jpg 300w, https:\/\/blogs.correiobraziliense.com.br\/primeirainfancia\/wp-content\/uploads\/sites\/49\/2026\/02\/campanha-de-identifica\u00e7\u00e3o-no-carnaval-768x545.jpg 768w, https:\/\/blogs.correiobraziliense.com.br\/primeirainfancia\/wp-content\/uploads\/sites\/49\/2026\/02\/campanha-de-identifica\u00e7\u00e3o-no-carnaval-1440x1022.jpg 1440w, https:\/\/blogs.correiobraziliense.com.br\/primeirainfancia\/wp-content\/uploads\/sites\/49\/2026\/02\/campanha-de-identifica\u00e7\u00e3o-no-carnaval-800x568.jpg 800w, https:\/\/blogs.correiobraziliense.com.br\/primeirainfancia\/wp-content\/uploads\/sites\/49\/2026\/02\/campanha-de-identifica\u00e7\u00e3o-no-carnaval-550x390.jpg 550w, https:\/\/blogs.correiobraziliense.com.br\/primeirainfancia\/wp-content\/uploads\/sites\/49\/2026\/02\/campanha-de-identifica\u00e7\u00e3o-no-carnaval-230x163.jpg 230w, https:\/\/blogs.correiobraziliense.com.br\/primeirainfancia\/wp-content\/uploads\/sites\/49\/2026\/02\/campanha-de-identifica\u00e7\u00e3o-no-carnaval.jpg 1748w\" sizes=\"auto, (max-width: 1024px) 100vw, 1024px\" \/><figcaption id=\"caption-attachment-1635\" class=\"wp-caption-text\">Divulga\u00e7\u00e3o\/PMDF<\/figcaption><\/figure>\n<h3><strong>Preven\u00e7\u00e3o \u00e9 responsabilidade do adulto<\/strong><\/h3>\n<p><span style=\"font-weight: 400\">Al\u00e9m do uso da carteirinha de identifica\u00e7\u00e3o, autoridades de seguran\u00e7a e especialistas em inf\u00e2ncia alertam que a preven\u00e7\u00e3o de desencontros durante o Carnaval passa por um conjunto de atitudes adotadas pelos adultos respons\u00e1veis. Em ambientes com grande aglomera\u00e7\u00e3o, manter a crian\u00e7a sempre ao alcance do olhar, evitar o uso excessivo do celular e n\u00e3o delegar a supervis\u00e3o a irm\u00e3os mais velhos ou terceiros s\u00e3o cuidados considerados essenciais.<\/span><\/p>\n<ul>\n<li><strong>Leia tamb\u00e9m:\u00a0<a href=\"https:\/\/blogs.correiobraziliense.com.br\/primeirainfancia\/2026\/02\/05\/onu-alerta-para-ameacas-da-inteligencia-artificial-contra-criancas\/\" rel=\"bookmark\">ONU alerta para amea\u00e7as da intelig\u00eancia artificial contra crian\u00e7as<\/a><\/strong><\/li>\n<\/ul>\n<p><span style=\"font-weight: 400\">Outra medida importante \u00e9 o planejamento pr\u00e9vio. Avaliar se o local \u00e9 adequado para crian\u00e7as, chegar mais cedo aos eventos, escolher pontos de refer\u00eancia fixos e combinar previamente como agir em caso de separa\u00e7\u00e3o ajudam a reduzir riscos. Roupas chamativas ou facilmente reconhec\u00edveis tamb\u00e9m facilitam a localiza\u00e7\u00e3o em meio \u00e0 multid\u00e3o.<\/span><\/p>\n<p><span style=\"font-weight: 400\">Assim como a carteirinha, adesivos e pulseiras de identifica\u00e7\u00e3o com o nome e contato dos respons\u00e1veis costuma ser uma estrat\u00e9gia eficiente.\u00a0<\/span><\/p>\n<p><span style=\"font-weight: 400\">A orienta\u00e7\u00e3o \u00e0 crian\u00e7a deve existir, de forma compat\u00edvel com a idade, explicando que ela deve permanecer no local e procurar um policial ou agente identificado caso os respons\u00e1veis a percam.<\/span><\/p>\n<p><span style=\"font-weight: 400\">A PMDF destaca que, embora seja importante orientar a crian\u00e7a sobre o que fazer se se perder, a responsabilidade pela seguran\u00e7a \u00e9 sempre do adulto. Planejar, antecipar riscos e adotar cuidados b\u00e1sicos s\u00e3o atitudes indispens\u00e1veis para garantir que o Carnaval seja um espa\u00e7o de lazer \u2014 e n\u00e3o de perigo.<\/span><\/p>\n","protected":false},"excerpt":{"rendered":"<p>Documento simples\u00a0 ajuda na localiza\u00e7\u00e3o e identifica\u00e7\u00e3o de crian\u00e7as em caso de desencontro durante blocos e eventos no DF Com a proximidade do Carnaval e o aumento da circula\u00e7\u00e3o de pessoas em blocos de rua e eventos abertos, a Pol\u00edcia Militar do Distrito Federal refor\u00e7ou a campanha de identifica\u00e7\u00e3o de crian\u00e7as como medida preventiva para evitar desaparecimentos durante a folia. [&hellip;]<\/p>\n","protected":false},"author":134,"featured_media":1634,"comment_status":"open","ping_status":"open","sticky":false,"template":"","format":"standard","meta":{"footnotes":""},"categories":[321],"tags":[],"class_list":["post-1633","post","type-post","status-publish","format-standard","has-post-thumbnail","hentry","category-seguranca"],"_links":{"self":[{"href":"https:\/\/blogs.correiobraziliense.com.br\/primeirainfancia\/wp-json\/wp\/v2\/posts\/1633","targetHints":{"allow":["GET"]}}],"collection":[{"href":"https:\/\/blogs.correiobraziliense.com.br\/primeirainfancia\/wp-json\/wp\/v2\/posts"}],"about":[{"href":"https:\/\/blogs.correiobraziliense.com.br\/primeirainfancia\/wp-json\/wp\/v2\/types\/post"}],"author":[{"embeddable":true,"href":"https:\/\/blogs.correiobraziliense.com.br\/primeirainfancia\/wp-json\/wp\/v2\/users\/134"}],"replies":[{"embeddable":true,"href":"https:\/\/blogs.correiobraziliense.com.br\/primeirainfancia\/wp-json\/wp\/v2\/comments?post=1633"}],"version-history":[{"count":1,"href":"https:\/\/blogs.correiobraziliense.com.br\/primeirainfancia\/wp-json\/wp\/v2\/posts\/1633\/revisions"}],"predecessor-version":[{"id":1636,"href":"https:\/\/blogs.correiobraziliense.com.br\/primeirainfancia\/wp-json\/wp\/v2\/posts\/1633\/revisions\/1636"}],"wp:featuredmedia":[{"embeddable":true,"href":"https:\/\/blogs.correiobraziliense.com.br\/primeirainfancia\/wp-json\/wp\/v2\/media\/1634"}],"wp:attachment":[{"href":"https:\/\/blogs.correiobraziliense.com.br\/primeirainfancia\/wp-json\/wp\/v2\/media?parent=1633"}],"wp:term":[{"taxonomy":"category","embeddable":true,"href":"https:\/\/blogs.correiobraziliense.com.br\/primeirainfancia\/wp-json\/wp\/v2\/categories?post=1633"},{"taxonomy":"post_tag","embeddable":true,"href":"https:\/\/blogs.correiobraziliense.com.br\/primeirainfancia\/wp-json\/wp\/v2\/tags?post=1633"}],"curies":[{"name":"wp","href":"https:\/\/api.w.org\/{rel}","templated":true}]}}