{"id":1606,"date":"2026-01-20T23:45:37","date_gmt":"2026-01-20T23:45:37","guid":{"rendered":"https:\/\/blogs.correiobraziliense.com.br\/primeirainfancia\/?p=1606"},"modified":"2026-01-20T23:45:37","modified_gmt":"2026-01-20T23:45:37","slug":"oms-define-pela-primeira-vez-o-que-e-bem-estar-materno","status":"publish","type":"post","link":"https:\/\/blogs.correiobraziliense.com.br\/primeirainfancia\/2026\/01\/20\/oms-define-pela-primeira-vez-o-que-e-bem-estar-materno\/","title":{"rendered":"OMS define, pela primeira vez, o que \u00e9 bem-estar materno"},"content":{"rendered":"<h2 style=\"text-align: center\"><span style=\"font-weight: 400\">Novo conceito amplia o olhar sobre a maternidade e vai al\u00e9m da aus\u00eancia de doen\u00e7as<\/span><\/h2>\n<p><span style=\"font-weight: 400\">A Organiza\u00e7\u00e3o Mundial da Sa\u00fade (OMS) deu um passo hist\u00f3rico ao formular uma <a href=\"https:\/\/www.who.int\/teams\/maternal-newborn-child-adolescent-health-and-ageing\/maternal-health\/maternal-morbidity-and-well-being?utm_source=chatgpt.com\">defini\u00e7\u00e3o oficial de bem-estar materno<\/a>, reconhecendo que a experi\u00eancia da maternidade n\u00e3o pode ser avaliada apenas pela aus\u00eancia de doen\u00e7as ou de complica\u00e7\u00f5es m\u00e9dicas. A iniciativa, apresentada em 2025, amplia o entendimento sobre sa\u00fade materna ao incluir dimens\u00f5es f\u00edsicas, mentais, sociais e estruturais que atravessam a vida das mulheres durante a gesta\u00e7\u00e3o, o parto e o p\u00f3s-parto.<\/span><\/p>\n<p><span style=\"font-weight: 400\">Para entender a relev\u00e2ncia dessa mudan\u00e7a, \u00e9 preciso voltar no tempo. Desde 1948, a organiza\u00e7\u00e3o define sa\u00fade, em sua Constitui\u00e7\u00e3o, como \u201cum estado de completo bem-estar f\u00edsico, mental e social, e n\u00e3o apenas a aus\u00eancia de doen\u00e7a ou enfermidade\u201d. Esse conceito geral orientou pol\u00edticas p\u00fablicas no mundo inteiro e foi amplamente aplicado \u00e0 sa\u00fade materna e reprodutiva. Na pr\u00e1tica, por\u00e9m, a maior parte dos indicadores usados por governos e sistemas de sa\u00fade continuou focada quase exclusivamente em mortalidade, diagn\u00f3sticos e eventos cl\u00ednicos.<\/span><\/p>\n<ul>\n<li><strong>Leia tamb\u00e9m:\u00a0<a href=\"https:\/\/blogs.correiobraziliense.com.br\/primeirainfancia\/2026\/01\/13\/saude-lanca-curso-gratuito-sobre-cuidados-na-primeira-semana-de-vida\/\">Minist\u00e9rio lan\u00e7a curso gratuito sobre cuidados na primeira semana de vida<\/a><\/strong><\/li>\n<\/ul>\n<p><span style=\"font-weight: 400\">Isso criou um paradoxo. Muitas mulheres passaram a ser consideradas \u201csaud\u00e1veis\u201d simplesmente por terem sobrevivido \u00e0 gravidez e ao parto, mesmo enfrentando sofrimento emocional, exaust\u00e3o extrema, falta de apoio, viol\u00eancia institucional ou abandono no p\u00f3s-parto. O novo conceito de bem-estar materno surge justamente para preencher essa lacuna entre o que se mede e o que, de fato, \u00e9 vivido pelas mulheres.<\/span><\/p>\n<p><span style=\"font-weight: 400\">A defini\u00e7\u00e3o apresentada pela OMS reconhece que estar bem envolve muito mais do que par\u00e2metros biol\u00f3gicos. Ela considera a experi\u00eancia da mulher de forma integral e ao longo do tempo, desde a gesta\u00e7\u00e3o at\u00e9 pelo menos um ano ap\u00f3s o t\u00e9rmino da gravidez. Com isso, o p\u00f3s-parto deixa de ser tratado como uma fase perif\u00e9rica e passa a integrar oficialmente o cuidado em sa\u00fade materna.<\/span><\/p>\n<ul>\n<li><strong>Leia tamb\u00e9m:\u00a0<a href=\"https:\/\/blogs.correiobraziliense.com.br\/primeirainfancia\/2026\/01\/06\/ferias-favorecem-consumo-de-ultraprocessados-na-infancia-alerta-especialista\/\" rel=\"bookmark\">F\u00e9rias favorecem consumo de ultraprocessados na inf\u00e2ncia, alerta especialista<\/a><\/strong><\/li>\n<\/ul>\n<p><span style=\"font-weight: 400\">\u201cA Unidade de Sa\u00fade Materna est\u00e1 desenvolvendo pacotes de interven\u00e7\u00f5es para abordar e melhorar o bem-estar materno, em conson\u00e2ncia com o quadro de bem-estar da sa\u00fade da crian\u00e7a e do adolescente. Esse quadro de bem-estar inclui boa sa\u00fade, nutri\u00e7\u00e3o adequada, oportunidades de aprendizagem e educa\u00e7\u00e3o, seguran\u00e7a e um ambiente de apoio, relacionamentos responsivos e conex\u00f5es, al\u00e9m da realiza\u00e7\u00e3o da autonomia pessoal e da resili\u00eancia. Esses dom\u00ednios tamb\u00e9m s\u00e3o aplic\u00e1veis \u200b\u200b\u00e0 sa\u00fade materna\u201d, define a organiza\u00e7\u00e3o.<\/span><\/p>\n<p><span style=\"font-weight: 400\">A Organiza\u00e7\u00e3o Mundial da Sa\u00fade n\u00e3o cria leis, mas estabelece refer\u00eancias globais. Quando ela define um conceito, esse conceito passa a moldar a forma como governos pensam pol\u00edticas, como profissionais de sa\u00fade organizam o cuidado e como pesquisadores constroem indicadores. Ao nomear e definir o bem-estar materno, a OMS afirma que a sa\u00fade das mulheres n\u00e3o pode ser reduzida \u00e0 sobreviv\u00eancia ou a exames dentro da normalidade.<\/span><\/p>\n<ul>\n<li><strong>Leia tamb\u00e9m:\u00a0<a href=\"https:\/\/blogs.correiobraziliense.com.br\/primeirainfancia\/2026\/01\/02\/ferias-5-livros-que-ensinam-divertem-e-estimulam-o-cerebro\/\" rel=\"bookmark\">F\u00e9rias: 5 livros que ensinam, divertem e estimulam o c\u00e9rebro<\/a><\/strong><\/li>\n<\/ul>\n<p><span style=\"font-weight: 400\">Essa defini\u00e7\u00e3o transforma sofrimento invis\u00edvel em quest\u00e3o de sa\u00fade p\u00fablica. Ao reconhecer oficialmente que o bem-estar materno \u00e9 um componente essencial da sa\u00fade, a OMS abre caminho para que temas historicamente negligenciados, como sa\u00fade mental no p\u00f3s-parto, qualidade do cuidado, autonomia das mulheres e condi\u00e7\u00f5es sociais da maternidade, ganhem centralidade nas agendas nacionais e internacionais.<\/span><\/p>\n","protected":false},"excerpt":{"rendered":"<p>Novo conceito amplia o olhar sobre a maternidade e vai al\u00e9m da aus\u00eancia de doen\u00e7as A Organiza\u00e7\u00e3o Mundial da Sa\u00fade (OMS) deu um passo hist\u00f3rico ao formular uma defini\u00e7\u00e3o oficial de bem-estar materno, reconhecendo que a experi\u00eancia da maternidade n\u00e3o pode ser avaliada apenas pela aus\u00eancia de doen\u00e7as ou de complica\u00e7\u00f5es m\u00e9dicas. A iniciativa, apresentada em 2025, amplia o entendimento [&hellip;]<\/p>\n","protected":false},"author":134,"featured_media":1607,"comment_status":"open","ping_status":"open","sticky":false,"template":"","format":"standard","meta":{"footnotes":""},"categories":[325],"tags":[],"class_list":["post-1606","post","type-post","status-publish","format-standard","has-post-thumbnail","hentry","category-politica-de-cuidado"],"_links":{"self":[{"href":"https:\/\/blogs.correiobraziliense.com.br\/primeirainfancia\/wp-json\/wp\/v2\/posts\/1606","targetHints":{"allow":["GET"]}}],"collection":[{"href":"https:\/\/blogs.correiobraziliense.com.br\/primeirainfancia\/wp-json\/wp\/v2\/posts"}],"about":[{"href":"https:\/\/blogs.correiobraziliense.com.br\/primeirainfancia\/wp-json\/wp\/v2\/types\/post"}],"author":[{"embeddable":true,"href":"https:\/\/blogs.correiobraziliense.com.br\/primeirainfancia\/wp-json\/wp\/v2\/users\/134"}],"replies":[{"embeddable":true,"href":"https:\/\/blogs.correiobraziliense.com.br\/primeirainfancia\/wp-json\/wp\/v2\/comments?post=1606"}],"version-history":[{"count":1,"href":"https:\/\/blogs.correiobraziliense.com.br\/primeirainfancia\/wp-json\/wp\/v2\/posts\/1606\/revisions"}],"predecessor-version":[{"id":1608,"href":"https:\/\/blogs.correiobraziliense.com.br\/primeirainfancia\/wp-json\/wp\/v2\/posts\/1606\/revisions\/1608"}],"wp:featuredmedia":[{"embeddable":true,"href":"https:\/\/blogs.correiobraziliense.com.br\/primeirainfancia\/wp-json\/wp\/v2\/media\/1607"}],"wp:attachment":[{"href":"https:\/\/blogs.correiobraziliense.com.br\/primeirainfancia\/wp-json\/wp\/v2\/media?parent=1606"}],"wp:term":[{"taxonomy":"category","embeddable":true,"href":"https:\/\/blogs.correiobraziliense.com.br\/primeirainfancia\/wp-json\/wp\/v2\/categories?post=1606"},{"taxonomy":"post_tag","embeddable":true,"href":"https:\/\/blogs.correiobraziliense.com.br\/primeirainfancia\/wp-json\/wp\/v2\/tags?post=1606"}],"curies":[{"name":"wp","href":"https:\/\/api.w.org\/{rel}","templated":true}]}}