{"id":1582,"date":"2026-01-02T15:03:47","date_gmt":"2026-01-02T15:03:47","guid":{"rendered":"https:\/\/blogs.correiobraziliense.com.br\/primeirainfancia\/?p=1582"},"modified":"2026-01-02T15:03:47","modified_gmt":"2026-01-02T15:03:47","slug":"ferias-5-livros-que-ensinam-divertem-e-estimulam-o-cerebro","status":"publish","type":"post","link":"https:\/\/blogs.correiobraziliense.com.br\/primeirainfancia\/2026\/01\/02\/ferias-5-livros-que-ensinam-divertem-e-estimulam-o-cerebro\/","title":{"rendered":"F\u00e9rias: 5 livros que ensinam, divertem e estimulam o c\u00e9rebro"},"content":{"rendered":"<h2 style=\"text-align: center\"><span style=\"font-weight: 400\">Tempo livre pede leituras que cabem na mala, acolhem no sof\u00e1 e viram pontes de conversa entre crian\u00e7as, fam\u00edlias e educadores.<\/span><\/h2>\n<p><span style=\"font-weight: 400\">As f\u00e9rias chegaram \u2014 e, com elas, uma oportunidade preciosa para o desenvolvimento infantil. Estudos em neuroci\u00eancia mostram que a leitura na inf\u00e2ncia estimula \u00e1reas do c\u00e9rebro ligadas \u00e0 linguagem, \u00e0 empatia, \u00e0 autorregula\u00e7\u00e3o emocional e \u00e0 criatividade, al\u00e9m de fortalecer v\u00ednculos afetivos quando compartilhados com adultos. Ler n\u00e3o \u00e9 apenas um passatempo: \u00e9 uma experi\u00eancia que organiza pensamentos, amplia repert\u00f3rios e ajuda a crian\u00e7a a compreender o mundo e a si mesma.<\/span><\/p>\n<p><span style=\"font-weight: 400\">Pensando nisso, reunimos cinco livros que dialogam com diferentes idades e universos. S\u00e3o hist\u00f3rias que despertam a imagina\u00e7\u00e3o, acolhem sentimentos, promovem inclus\u00e3o e convidam \u00e0 reflex\u00e3o, tudo com leveza, humor e sensibilidade. Uma curadoria pensada para acompanhar as crian\u00e7as nas viagens, nos dias tranquilos em casa ou nas pequenas aventuras do cotidiano.<\/span><\/p>\n<p>Leia tamb\u00e9m:\u00a0<a href=\"https:\/\/blogs.correiobraziliense.com.br\/primeirainfancia\/2025\/12\/30\/retrospectiva-infancia-no-centro-do-debate-em-2025\/\" rel=\"bookmark\">Retrospectiva: inf\u00e2ncia no centro do debate em 2025<\/a><\/p>\n<p><span style=\"font-weight: 400\">Prepare-se para uma vitrine que une aprendizado e encanto, porque boas f\u00e9rias tamb\u00e9m passam por boas hist\u00f3rias.<\/span><\/p>\n<h3><b>O pequeno mundo criativo<\/b><\/h3>\n<p><span style=\"font-weight: 400\">Com uma narrativa po\u00e9tica e ilustra\u00e7\u00f5es delicadas, o livro convida as crian\u00e7as a percorrerem uma jornada criativa em busca da reconstru\u00e7\u00e3o de um pequeno mundo. A obra estimula o pensamento criativo, o olhar cr\u00edtico e a resolu\u00e7\u00e3o de problemas ao integrar arte, sustentabilidade e economia circular. Em tempos de urg\u00eancia ambiental, a hist\u00f3ria mostra que imaginar solu\u00e7\u00f5es tamb\u00e9m \u00e9 um gesto de cuidado com o planeta \u2014 e que toda crian\u00e7a pode ser parte dessa transforma\u00e7\u00e3o.<\/span><\/p>\n<p><img loading=\"lazy\" decoding=\"async\" class=\"alignnone size-medium wp-image-1584\" src=\"https:\/\/blogs.correiobraziliense.com.br\/primeirainfancia\/wp-content\/uploads\/sites\/49\/2026\/01\/O-pequeno-mundo-criativo-capa-297x300.jpg\" alt=\"\" width=\"297\" height=\"300\" srcset=\"https:\/\/blogs.correiobraziliense.com.br\/primeirainfancia\/wp-content\/uploads\/sites\/49\/2026\/01\/O-pequeno-mundo-criativo-capa-297x300.jpg 297w, https:\/\/blogs.correiobraziliense.com.br\/primeirainfancia\/wp-content\/uploads\/sites\/49\/2026\/01\/O-pequeno-mundo-criativo-capa-768x775.jpg 768w, https:\/\/blogs.correiobraziliense.com.br\/primeirainfancia\/wp-content\/uploads\/sites\/49\/2026\/01\/O-pequeno-mundo-criativo-capa-1015x1024.jpg 1015w, https:\/\/blogs.correiobraziliense.com.br\/primeirainfancia\/wp-content\/uploads\/sites\/49\/2026\/01\/O-pequeno-mundo-criativo-capa-800x807.jpg 800w, https:\/\/blogs.correiobraziliense.com.br\/primeirainfancia\/wp-content\/uploads\/sites\/49\/2026\/01\/O-pequeno-mundo-criativo-capa-550x555.jpg 550w, https:\/\/blogs.correiobraziliense.com.br\/primeirainfancia\/wp-content\/uploads\/sites\/49\/2026\/01\/O-pequeno-mundo-criativo-capa-230x232.jpg 230w, https:\/\/blogs.correiobraziliense.com.br\/primeirainfancia\/wp-content\/uploads\/sites\/49\/2026\/01\/O-pequeno-mundo-criativo-capa.jpg 1229w\" sizes=\"auto, (max-width: 297px) 100vw, 297px\" \/><\/p>\n<p><b>Autora:<\/b><span style=\"font-weight: 400\"> Silmara Rascalha Casadei<\/span><span style=\"font-weight: 400\"><br \/>\n<\/span><b>Editora:<\/b><span style=\"font-weight: 400\"> Cortez Editora<\/span><span style=\"font-weight: 400\"><br \/>\n<\/span><b>Onde encontrar:<\/b><a href=\"https:\/\/www.amazon.com.br\/pequeno-criativo-Silmara-Rascalha-Casadei\/dp\/6555555696\/ref=sr_1_1?__mk_pt_BR=%C3%85M%C3%85%C5%BD%C3%95%C3%91&amp;crid=2Z96574LKAXQB&amp;dib=eyJ2IjoiMSJ9.ExH0TnaZXai0q6ItV2QFOwBpCB3RMDJz15423aYEnWSl08lVnLyx7q0xb7p_h5DPPY45ayrmbgzbxnUzlZm3F-ocgue9zpQAPDKhIqWH7OW2WcNROfltx1wkURcKqAt1_PERtF2_uS2qQkqgG2S1ivtk82UlNftZldEl9GN_lykhQGKqBcTPNvDHjmPaNVXvFYBkeBYEZChF-UFO_wTgNVOb1hYVgbGWONvBtCzqiB3KEYV9QUoQTb5iK9mlZ4ubxBUhyfTRiLLtRf5yu_9zBywAaRpIYXQ23We08CFngbc.b7RDnnqgzru6aaum7qGmQzzKgNDgVswdREMpYACXhr0&amp;dib_tag=se&amp;keywords=O+pequeno+mundo+criativo&amp;qid=1767365870&amp;sprefix=o+pequeno+mundo+criativo%2Caps%2C261&amp;sr=8-1\"><span style=\"font-weight: 400\"> Amazon<\/span><\/a><\/p>\n<h3><b>\u00d3culos? Pra mim?<\/b><\/h3>\n<p><span style=\"font-weight: 400\">Tudo parece menos divertido quando o mundo est\u00e1 borrado. Entre trope\u00e7os e apertar de olhos, uma menininha descobre que usar \u00f3culos pode transformar n\u00e3o s\u00f3 a vis\u00e3o, mas a forma de se perceber no mundo. Com humor e delicadeza, a hist\u00f3ria aborda aceita\u00e7\u00e3o, autoestima e a beleza das pequenas descobertas do dia a dia. Ao final, o livro traz ainda um guia do oftalmologista Sergio Passerotti para pais e educadores, com orienta\u00e7\u00f5es sobre os cuidados com a vis\u00e3o infantil.<\/span><\/p>\n<p><img loading=\"lazy\" decoding=\"async\" class=\"alignnone size-medium wp-image-1585\" src=\"https:\/\/blogs.correiobraziliense.com.br\/primeirainfancia\/wp-content\/uploads\/sites\/49\/2026\/01\/CAPA-Oculos-pra-mim-300x300.jpg\" alt=\"\" width=\"300\" height=\"300\" srcset=\"https:\/\/blogs.correiobraziliense.com.br\/primeirainfancia\/wp-content\/uploads\/sites\/49\/2026\/01\/CAPA-Oculos-pra-mim-300x300.jpg 300w, https:\/\/blogs.correiobraziliense.com.br\/primeirainfancia\/wp-content\/uploads\/sites\/49\/2026\/01\/CAPA-Oculos-pra-mim-150x150.jpg 150w, https:\/\/blogs.correiobraziliense.com.br\/primeirainfancia\/wp-content\/uploads\/sites\/49\/2026\/01\/CAPA-Oculos-pra-mim-768x768.jpg 768w, https:\/\/blogs.correiobraziliense.com.br\/primeirainfancia\/wp-content\/uploads\/sites\/49\/2026\/01\/CAPA-Oculos-pra-mim-1024x1024.jpg 1024w, https:\/\/blogs.correiobraziliense.com.br\/primeirainfancia\/wp-content\/uploads\/sites\/49\/2026\/01\/CAPA-Oculos-pra-mim-1440x1440.jpg 1440w, https:\/\/blogs.correiobraziliense.com.br\/primeirainfancia\/wp-content\/uploads\/sites\/49\/2026\/01\/CAPA-Oculos-pra-mim-800x800.jpg 800w, https:\/\/blogs.correiobraziliense.com.br\/primeirainfancia\/wp-content\/uploads\/sites\/49\/2026\/01\/CAPA-Oculos-pra-mim-550x550.jpg 550w, https:\/\/blogs.correiobraziliense.com.br\/primeirainfancia\/wp-content\/uploads\/sites\/49\/2026\/01\/CAPA-Oculos-pra-mim-230x230.jpg 230w\" sizes=\"auto, (max-width: 300px) 100vw, 300px\" \/><\/p>\n<p><b>Autora:<\/b><span style=\"font-weight: 400\"> Ma\u00edra Lot Micales<\/span><span style=\"font-weight: 400\"><br \/>\n<\/span> <b>Editora:<\/b><span style=\"font-weight: 400\"> Caminho Suave<\/span><span style=\"font-weight: 400\"><br \/>\n<\/span> <b>Onde encontrar:<\/b><a href=\"https:\/\/www.amazon.com.br\/%C3%93culos-Pra-mim-infantil-%C3%B3culos\/dp\/6586742471\/ref=sr_1_1?__mk_pt_BR=%C3%85M%C3%85%C5%BD%C3%95%C3%91&amp;crid=2IUHI88J30BR6&amp;dib=eyJ2IjoiMSJ9.U1f_XcodZBUzpXXBAH16tYexwIUTyRd7vp3rM6-7pLKjde94biobKabYd6IrmSNT.xdFie5IYfNmB7kaLz03DNEJ8SX4GCB6HZq9eqOtEHTU&amp;dib_tag=se&amp;keywords=%C3%93culos%3F+Pra+mim%3F&amp;qid=1767365907&amp;sprefix=%C3%B3culos+pra+mim+%2Caps%2C223&amp;sr=8-1\"><span style=\"font-weight: 400\"> Amazon<\/span><\/a><\/p>\n<h3><b>Fam\u00edlia da Libras \u2013 Sentimentos<\/b><\/h3>\n<p><span style=\"font-weight: 400\">Os sentimentos n\u00e3o podem ser vistos, mas podem \u2014 e precisam \u2014 ser expressos. Neste livro sens\u00edvel e acolhedor, as crian\u00e7as s\u00e3o convidadas a aprender sobre emo\u00e7\u00f5es por meio da L\u00edngua Brasileira de Sinais. Com poesia, afeto e sinais, a obra amplia a comunica\u00e7\u00e3o emocional e promove inclus\u00e3o desde a inf\u00e2ncia, refor\u00e7ando que acessibilidade tamb\u00e9m \u00e9 linguagem, v\u00ednculo e cuidado.<\/span><\/p>\n<p><img loading=\"lazy\" decoding=\"async\" class=\"alignnone size-medium wp-image-1586\" src=\"https:\/\/blogs.correiobraziliense.com.br\/primeirainfancia\/wp-content\/uploads\/sites\/49\/2026\/01\/9786553846661-300x300.jpg\" alt=\"\" width=\"300\" height=\"300\" srcset=\"https:\/\/blogs.correiobraziliense.com.br\/primeirainfancia\/wp-content\/uploads\/sites\/49\/2026\/01\/9786553846661-300x300.jpg 300w, https:\/\/blogs.correiobraziliense.com.br\/primeirainfancia\/wp-content\/uploads\/sites\/49\/2026\/01\/9786553846661-150x150.jpg 150w, https:\/\/blogs.correiobraziliense.com.br\/primeirainfancia\/wp-content\/uploads\/sites\/49\/2026\/01\/9786553846661-768x768.jpg 768w, https:\/\/blogs.correiobraziliense.com.br\/primeirainfancia\/wp-content\/uploads\/sites\/49\/2026\/01\/9786553846661-1024x1024.jpg 1024w, https:\/\/blogs.correiobraziliense.com.br\/primeirainfancia\/wp-content\/uploads\/sites\/49\/2026\/01\/9786553846661-800x800.jpg 800w, https:\/\/blogs.correiobraziliense.com.br\/primeirainfancia\/wp-content\/uploads\/sites\/49\/2026\/01\/9786553846661-550x550.jpg 550w, https:\/\/blogs.correiobraziliense.com.br\/primeirainfancia\/wp-content\/uploads\/sites\/49\/2026\/01\/9786553846661-230x230.jpg 230w, https:\/\/blogs.correiobraziliense.com.br\/primeirainfancia\/wp-content\/uploads\/sites\/49\/2026\/01\/9786553846661.jpg 1200w\" sizes=\"auto, (max-width: 300px) 100vw, 300px\" \/><\/p>\n<p><b>Autor:<\/b><span style=\"font-weight: 400\"> Filipe Macedo<\/span><span style=\"font-weight: 400\"><br \/>\n<\/span><b>Editora:<\/b><span style=\"font-weight: 400\"> Ciranda na Escola<\/span><span style=\"font-weight: 400\"><br \/>\n<\/span><b>Onde encontrar:<\/b><a href=\"https:\/\/www.amazon.com.br\/Fam%C3%ADlia-Libras-Sentimentos-Filipe-Macedo\/dp\/6553846669\/ref=sr_1_1?__mk_pt_BR=%C3%85M%C3%85%C5%BD%C3%95%C3%91&amp;crid=G6XSYGN28TRI&amp;dib=eyJ2IjoiMSJ9.FPgThMWZXny9nBF_ssGPKPrHXkfGMa-ihcfmTFKTfb51Kh4OHYmLHevcGpcBvrPk7foE46KXSPHd2eDwxMBzsXQ56Xc54gkbFZnmfSa01KD8guAOBIfrdxr1XEWidg-Ci4zezyD4R_EogNRdTcXAQQucElfnZsvMB6XAwE36-UIYonkUOZEzy_fCkLOpk76EdW-Pi79WZlifGxUBr5TnuIP_ZQQVEi80rUc8mFDbSI8pyp7Pjl7eqGEqbLtzFYblU-SjBFcR4FZP5swb8G_4FsJvVIP0jHjZMAgQxrh8JOM.hX5spdpEDARpKbpa6-FTsDwh1SeOcmdWQxKRphpp4jI&amp;dib_tag=se&amp;keywords=Fam%C3%ADlia+da+Libras+%E2%80%93+Sentimentos&amp;qid=1767365939&amp;sprefix=fam%C3%ADlia+da+libras+sentimentos%2Caps%2C285&amp;sr=8-1\"><span style=\"font-weight: 400\"> Amazon<\/span><\/a><\/p>\n<h3><b>Jo\u00e3o Problem\u00e3o<\/b><\/h3>\n<p><span style=\"font-weight: 400\">Jo\u00e3o conhece um \u201camigo\u201d curioso em um momento de frustra\u00e7\u00e3o. Pequeno no in\u00edcio, ele cresce \u00e0 medida que \u00e9 alimentado \u2014 at\u00e9 se tornar um grande problema. A hist\u00f3ria \u00e9 uma met\u00e1fora potente e acess\u00edvel sobre emo\u00e7\u00f5es, h\u00e1bitos e autorregula\u00e7\u00e3o, ajudando crian\u00e7as a entenderem que sentimentos precisam ser reconhecidos, n\u00e3o ignorados, para que possam ser manejados de forma saud\u00e1vel.<\/span><\/p>\n<p><img loading=\"lazy\" decoding=\"async\" class=\"alignnone size-medium wp-image-1587\" src=\"https:\/\/blogs.correiobraziliense.com.br\/primeirainfancia\/wp-content\/uploads\/sites\/49\/2026\/01\/Capa-Joao-Problemao-300x300.jpg\" alt=\"\" width=\"300\" height=\"300\" srcset=\"https:\/\/blogs.correiobraziliense.com.br\/primeirainfancia\/wp-content\/uploads\/sites\/49\/2026\/01\/Capa-Joao-Problemao-300x300.jpg 300w, https:\/\/blogs.correiobraziliense.com.br\/primeirainfancia\/wp-content\/uploads\/sites\/49\/2026\/01\/Capa-Joao-Problemao-150x150.jpg 150w, https:\/\/blogs.correiobraziliense.com.br\/primeirainfancia\/wp-content\/uploads\/sites\/49\/2026\/01\/Capa-Joao-Problemao-768x771.jpg 768w, https:\/\/blogs.correiobraziliense.com.br\/primeirainfancia\/wp-content\/uploads\/sites\/49\/2026\/01\/Capa-Joao-Problemao-1021x1024.jpg 1021w, https:\/\/blogs.correiobraziliense.com.br\/primeirainfancia\/wp-content\/uploads\/sites\/49\/2026\/01\/Capa-Joao-Problemao-800x803.jpg 800w, https:\/\/blogs.correiobraziliense.com.br\/primeirainfancia\/wp-content\/uploads\/sites\/49\/2026\/01\/Capa-Joao-Problemao-550x552.jpg 550w, https:\/\/blogs.correiobraziliense.com.br\/primeirainfancia\/wp-content\/uploads\/sites\/49\/2026\/01\/Capa-Joao-Problemao-230x231.jpg 230w, https:\/\/blogs.correiobraziliense.com.br\/primeirainfancia\/wp-content\/uploads\/sites\/49\/2026\/01\/Capa-Joao-Problemao.jpg 1200w\" sizes=\"auto, (max-width: 300px) 100vw, 300px\" \/><\/p>\n<p><b>Autora:<\/b><span style=\"font-weight: 400\"> Ver\u00f4nica Cunha<\/span><span style=\"font-weight: 400\"><br \/>\n<\/span><b>Editora:<\/b><span style=\"font-weight: 400\"> Hanoi Editora<\/span><span style=\"font-weight: 400\"><br \/>\n<\/span><b>Onde encontrar:<\/b><a href=\"https:\/\/loja.hanoieditora.com.br\/joao-problemao\"><span style=\"font-weight: 400\"> Hanoi<\/span><\/a><\/p>\n<h3><b>Como surgiu o primeiro Griot<\/b><\/h3>\n<p><span style=\"font-weight: 400\">Inspirado em relatos ancestrais da \u00c1frica Ocidental, o livro apresenta a origem dos Griots \u2014 mestres da palavra respons\u00e1veis por preservar a mem\u00f3ria, a cultura e a hist\u00f3ria de seus povos. Mais do que uma narrativa hist\u00f3rica, a obra conecta m\u00fasica, oralidade e identidade cultural, mostrando \u00e0s crian\u00e7as a import\u00e2ncia das hist\u00f3rias como heran\u00e7a viva entre gera\u00e7\u00f5es.<\/span><\/p>\n<p><img loading=\"lazy\" decoding=\"async\" class=\"alignnone size-medium wp-image-1588\" src=\"https:\/\/blogs.correiobraziliense.com.br\/primeirainfancia\/wp-content\/uploads\/sites\/49\/2026\/01\/Capa-frente-Griot-225x300.jpg\" alt=\"\" width=\"225\" height=\"300\" srcset=\"https:\/\/blogs.correiobraziliense.com.br\/primeirainfancia\/wp-content\/uploads\/sites\/49\/2026\/01\/Capa-frente-Griot-225x300.jpg 225w, https:\/\/blogs.correiobraziliense.com.br\/primeirainfancia\/wp-content\/uploads\/sites\/49\/2026\/01\/Capa-frente-Griot-768x1024.jpg 768w, https:\/\/blogs.correiobraziliense.com.br\/primeirainfancia\/wp-content\/uploads\/sites\/49\/2026\/01\/Capa-frente-Griot-800x1067.jpg 800w, https:\/\/blogs.correiobraziliense.com.br\/primeirainfancia\/wp-content\/uploads\/sites\/49\/2026\/01\/Capa-frente-Griot-550x733.jpg 550w, https:\/\/blogs.correiobraziliense.com.br\/primeirainfancia\/wp-content\/uploads\/sites\/49\/2026\/01\/Capa-frente-Griot-230x307.jpg 230w, https:\/\/blogs.correiobraziliense.com.br\/primeirainfancia\/wp-content\/uploads\/sites\/49\/2026\/01\/Capa-frente-Griot.jpg 1203w\" sizes=\"auto, (max-width: 225px) 100vw, 225px\" \/><\/p>\n<p><b>Autor:<\/b><span style=\"font-weight: 400\"> Rog\u00e9rio Andrade Barbosa<\/span><span style=\"font-weight: 400\"><br \/>\n<\/span><b>Editora:<\/b><span style=\"font-weight: 400\"> Cortez Editora<\/span><span style=\"font-weight: 400\"><br \/>\n<\/span><b>Onde encontrar:<\/b><a href=\"https:\/\/www.amazon.com.br\/surgiu-primeiro-Rog%C3%A9rio-Andrade-Barbosa\/dp\/6555556390\/ref=sr_1_1?__mk_pt_BR=%C3%85M%C3%85%C5%BD%C3%95%C3%91&amp;crid=3Q7TZ0VQYZ5BE&amp;dib=eyJ2IjoiMSJ9.E7rtX9iQrW9RW-70FgnQHQ.9ECaEVw0AV2KI3D9sI-CohMUnFUQl9JybBOB-w0c1FQ&amp;dib_tag=se&amp;keywords=Como+surgiu+o+primeiro+Griot&amp;qid=1767366043&amp;sprefix=como+surgiu+o+primeiro+griot%2Caps%2C438&amp;sr=8-1\"><span style=\"font-weight: 400\"> Amazon<\/span><\/a><\/p>\n<p>&nbsp;<\/p>\n","protected":false},"excerpt":{"rendered":"<p>Tempo livre pede leituras que cabem na mala, acolhem no sof\u00e1 e viram pontes de conversa entre crian\u00e7as, fam\u00edlias e educadores. As f\u00e9rias chegaram \u2014 e, com elas, uma oportunidade preciosa para o desenvolvimento infantil. Estudos em neuroci\u00eancia mostram que a leitura na inf\u00e2ncia estimula \u00e1reas do c\u00e9rebro ligadas \u00e0 linguagem, \u00e0 empatia, \u00e0 autorregula\u00e7\u00e3o emocional e \u00e0 criatividade, al\u00e9m [&hellip;]<\/p>\n","protected":false},"author":134,"featured_media":1583,"comment_status":"open","ping_status":"open","sticky":false,"template":"","format":"standard","meta":{"footnotes":""},"categories":[319,49],"tags":[32,69],"class_list":["post-1582","post","type-post","status-publish","format-standard","has-post-thumbnail","hentry","category-literatura","category-livros","tag-literatura-infantil","tag-livros"],"_links":{"self":[{"href":"https:\/\/blogs.correiobraziliense.com.br\/primeirainfancia\/wp-json\/wp\/v2\/posts\/1582","targetHints":{"allow":["GET"]}}],"collection":[{"href":"https:\/\/blogs.correiobraziliense.com.br\/primeirainfancia\/wp-json\/wp\/v2\/posts"}],"about":[{"href":"https:\/\/blogs.correiobraziliense.com.br\/primeirainfancia\/wp-json\/wp\/v2\/types\/post"}],"author":[{"embeddable":true,"href":"https:\/\/blogs.correiobraziliense.com.br\/primeirainfancia\/wp-json\/wp\/v2\/users\/134"}],"replies":[{"embeddable":true,"href":"https:\/\/blogs.correiobraziliense.com.br\/primeirainfancia\/wp-json\/wp\/v2\/comments?post=1582"}],"version-history":[{"count":1,"href":"https:\/\/blogs.correiobraziliense.com.br\/primeirainfancia\/wp-json\/wp\/v2\/posts\/1582\/revisions"}],"predecessor-version":[{"id":1589,"href":"https:\/\/blogs.correiobraziliense.com.br\/primeirainfancia\/wp-json\/wp\/v2\/posts\/1582\/revisions\/1589"}],"wp:featuredmedia":[{"embeddable":true,"href":"https:\/\/blogs.correiobraziliense.com.br\/primeirainfancia\/wp-json\/wp\/v2\/media\/1583"}],"wp:attachment":[{"href":"https:\/\/blogs.correiobraziliense.com.br\/primeirainfancia\/wp-json\/wp\/v2\/media?parent=1582"}],"wp:term":[{"taxonomy":"category","embeddable":true,"href":"https:\/\/blogs.correiobraziliense.com.br\/primeirainfancia\/wp-json\/wp\/v2\/categories?post=1582"},{"taxonomy":"post_tag","embeddable":true,"href":"https:\/\/blogs.correiobraziliense.com.br\/primeirainfancia\/wp-json\/wp\/v2\/tags?post=1582"}],"curies":[{"name":"wp","href":"https:\/\/api.w.org\/{rel}","templated":true}]}}