{"id":1579,"date":"2025-12-30T10:55:14","date_gmt":"2025-12-30T10:55:14","guid":{"rendered":"https:\/\/blogs.correiobraziliense.com.br\/primeirainfancia\/?p=1579"},"modified":"2025-12-30T10:55:14","modified_gmt":"2025-12-30T10:55:14","slug":"retrospectiva-infancia-no-centro-do-debate-em-2025","status":"publish","type":"post","link":"https:\/\/blogs.correiobraziliense.com.br\/primeirainfancia\/2025\/12\/30\/retrospectiva-infancia-no-centro-do-debate-em-2025\/","title":{"rendered":"Retrospectiva: inf\u00e2ncia no centro do debate em 2025"},"content":{"rendered":"<h2 style=\"text-align: center\"><b>Cobertura jornal\u00edstica ao longo do ano evidenciou como a primeira inf\u00e2ncia atravessa pol\u00edticas p\u00fablicas, educa\u00e7\u00e3o, sa\u00fade, comportamento, direitos e o ambiente digital<\/b><\/h2>\n<p><span style=\"font-weight: 400\">Ao longo do ano, a primeira inf\u00e2ncia avan\u00e7ou como tema central no notici\u00e1rio brasileiro. Reportagens publicadas pelo <\/span><strong>Correio Braziliense<\/strong><span style=\"font-weight: 400\">\u00a0e pelo Blog da <strong>Primeira Inf\u00e2ncia<\/strong> abordaram desde pol\u00edticas p\u00fablicas estruturantes e educa\u00e7\u00e3o infantil at\u00e9 desenvolvimento emocional, prote\u00e7\u00e3o digital e o enfrentamento da adultiza\u00e7\u00e3o precoce.\u00a0<\/span><\/p>\n<p><span style=\"font-weight: 400\">Entre decis\u00f5es pol\u00edticas, debates educacionais, alertas cient\u00edficos e novas formas de viol\u00eancia, o ano escancarou que o cuidado com crian\u00e7as de 0 a 6 anos n\u00e3o \u00e9 apenas uma pauta social, mas um dos eixos centrais das escolhas que o pa\u00eds vem fazendo.<\/span><\/p>\n<h3><b>1. A primeira inf\u00e2ncia como alicerce para o pa\u00eds<\/b><\/h3>\n<p><span style=\"font-weight: 400\">Estudos e especialistas ouvidos ao longo do ano refor\u00e7aram que os primeiros anos de vida s\u00e3o determinantes para o desenvolvimento cognitivo, emocional e social. Reportagens explicaram como o c\u00e9rebro se forma nesse per\u00edodo e por que pol\u00edticas voltadas \u00e0 inf\u00e2ncia t\u00eam impacto direto na redu\u00e7\u00e3o de desigualdades.<\/span><\/p>\n<ul>\n<li><a href=\"https:\/\/www.correiobraziliense.com.br\/euestudante\/educacao-basica\/2025\/09\/7239853-por-que-a-primeira-infancia-e-fase-crucial-do-desenvolvimento.html?utm_source=chatgpt.com\"><span style=\"font-weight: 400\">\u00a0<\/span><span style=\"font-weight: 400\">Por que a primeira inf\u00e2ncia \u00e9 fase crucial do desenvolvimento<\/span><\/a><\/li>\n<\/ul>\n<h3><b>2. Primeira inf\u00e2ncia como pol\u00edtica p\u00fablica<\/b><\/h3>\n<p><span style=\"font-weight: 400\">O debate sobre a inf\u00e2ncia ganhou contornos institucionais com a implementa\u00e7\u00e3o da Pol\u00edtica Nacional Integrada para a Primeira Inf\u00e2ncia e discuss\u00f5es no Congresso. As mat\u00e9rias mostraram como a articula\u00e7\u00e3o entre sa\u00fade, educa\u00e7\u00e3o e assist\u00eancia social \u00e9 fundamental para garantir direitos desde os primeiros anos.<\/span><\/p>\n<ul>\n<li><a href=\"https:\/\/www.correiobraziliense.com.br\/politica\/2025\/08\/7218725-lula-institui-a-politica-nacional-integrada-para-a-primeira-infancia.html\"><span style=\"font-weight: 400\">Lula institui a Pol\u00edtica Nacional Integrada para a Primeira Inf\u00e2ncia<\/span><\/a><span style=\"font-weight: 400\"><br \/>\n<\/span><\/li>\n<li><a href=\"https:\/\/www.correiobraziliense.com.br\/euestudante\/educacao-basica\/2025\/10\/7278436-senado-discute-sobre-politicas-publicas-para-a-primeira-infancia.html\"><span style=\"font-weight: 400\">Senado discute pol\u00edticas p\u00fablicas para a primeira inf\u00e2ncia<\/span><\/a><\/li>\n<\/ul>\n<h3><b>3. Licen\u00e7a-paternidade e o cuidado compartilhado<\/b><\/h3>\n<p><span style=\"font-weight: 400\">A amplia\u00e7\u00e3o da licen\u00e7a-paternidade entrou na pauta legislativa como um avan\u00e7o no fortalecimento do v\u00ednculo familiar e na divis\u00e3o de responsabilidades. A cobertura destacou como a presen\u00e7a do pai nos primeiros dias de vida impacta o desenvolvimento infantil.<\/span><\/p>\n<ul>\n<li><a href=\"https:\/\/www.correiobraziliense.com.br\/politica\/2025\/11\/7287959-licenca-paternidade-reforca-vinculo-e-divide-responsabilidade.html\"><span style=\"font-weight: 400\">Licen\u00e7a-paternidade refor\u00e7a v\u00ednculo e divide responsabilidade<\/span><\/a><\/li>\n<li><span style=\"font-weight: 400\"><a href=\"https:\/\/www.correiobraziliense.com.br\/politica\/2025\/11\/7285959-pedro-campos-nao-ha-nada-mais-importante-para-um-pai-do-que-cuidar-do-filho.html\">\u201cN\u00e3o h\u00e1 nada mais importante para um pai do que cuidar do filho\u201d, diz relator<\/a><\/span><i><span style=\"font-weight: 400\"><br \/>\n<\/span><\/i><\/li>\n<\/ul>\n<h3><b>4. Creche e educa\u00e7\u00e3o infantil: o desafio do acesso<\/b><\/h3>\n<p><span style=\"font-weight: 400\">A falta de vagas em creches seguiu como um dos principais gargalos enfrentados pelas fam\u00edlias. Inaugura\u00e7\u00f5es de unidades, filas de espera e desigualdades regionais mostraram que o direito \u00e0 educa\u00e7\u00e3o infantil ainda n\u00e3o \u00e9 plenamente garantido.<\/span><\/p>\n<ul>\n<li><a href=\"https:\/\/www.correiobraziliense.com.br\/cidades-df\/2025\/02\/7070026-primeira-creche-publica-do-gama-atendera-190-criancas.html\"><span style=\"font-weight: 400\">Primeira creche p\u00fablica do Gama atender\u00e1 190 crian\u00e7as<\/span><\/a><\/li>\n<li><span style=\"font-weight: 400\"><a href=\"https:\/\/www.correiobraziliense.com.br\/cidades-df\/2025\/10\/7273099-recanto-das-emas-ganha-nova-creche-com-capacidade-para-188-criancas.html\">Recanto das Emas ganha nova creche com capacidade para 188 crian\u00e7as<\/a><\/span><\/li>\n<li><a href=\"https:\/\/www.correiobraziliense.com.br\/cidades-df\/2025\/10\/7265534-santa-maria-recebe-novo-centro-de-educacao-da-primeira-infancia.html?utm_source=chatgpt.com\">Santa Maria recebe novo Centro de Educa\u00e7\u00e3o da Primeira Inf\u00e2ncia<\/a><\/li>\n<li><a href=\"https:\/\/blogs.correiobraziliense.com.br\/primeirainfancia\/2025\/12\/16\/mais-da-metade-dos-municipios-tem-filas-por-creches-aponta-relatorio\/\">Mais da metade dos munic\u00edpios tem filas por creches, aponta relat\u00f3rio<\/a><\/li>\n<\/ul>\n<h3><b>5. Sa\u00fade materno-infantil e os primeiros cuidados<\/b><\/h3>\n<p><span style=\"font-weight: 400\">Temas como pr\u00e9-natal, vacina\u00e7\u00e3o infantil e aten\u00e7\u00e3o b\u00e1sica estiveram presentes na cobertura, refor\u00e7ando que cuidar da sa\u00fade das crian\u00e7as come\u00e7a antes do nascimento e depende de pol\u00edticas p\u00fablicas cont\u00ednuas.<\/span><\/p>\n<ul>\n<li><span style=\"font-weight: 400\">\u00a0<\/span><a href=\"https:\/\/www.correiobraziliense.com.br\/brasil\/2025\/08\/7219083-o-cuidado-da-primeira-infancia-vale-para-toda-a-vida.html\"><span style=\"font-weight: 400\">O cuidado da primeira inf\u00e2ncia vale para toda a vida<\/span><\/a><\/li>\n<\/ul>\n<p><b>6. Choro n\u00e3o \u00e9 birra: compreender o desenvolvimento emocional<\/b><\/p>\n<p><span style=\"font-weight: 400\">Reportagens ajudaram a desconstruir interpreta\u00e7\u00f5es equivocadas sobre o comportamento infantil. Especialistas explicaram que o choro \u00e9 forma de comunica\u00e7\u00e3o e que acolher emo\u00e7\u00f5es faz parte do cuidado na primeira inf\u00e2ncia.<\/span><\/p>\n<ul>\n<li><a href=\"https:\/\/www.correiobraziliense.com.br\/euestudante\/educacao-basica\/2025\/09\/7239945-choro-nao-e-birra-como-lidar-com-o-estresse-das-criancas.html\"><span style=\"font-weight: 400\">Choro n\u00e3o \u00e9 birra: como lidar com o estresse das crian\u00e7as<\/span><\/a><i><span style=\"font-weight: 400\"><br \/>\n<\/span><\/i><\/li>\n<\/ul>\n<h3><b>7. Combater a adultiza\u00e7\u00e3o precoce \u00e9 dever coletivo<\/b><\/h3>\n<p><span style=\"font-weight: 400\">O tema da adultiza\u00e7\u00e3o ganhou destaque ao longo do ano. As reportagens mostraram como crian\u00e7as v\u00eam sendo expostas precocemente a press\u00f5es e responsabilidades incompat\u00edveis com a idade, e apontaram o papel da escola e da sociedade na prote\u00e7\u00e3o do direito de viver a inf\u00e2ncia.<\/span><\/p>\n<ul>\n<li><a href=\"https:\/\/www.correiobraziliense.com.br\/euestudante\/educacao-basica\/2025\/09\/7243969-o-que-e-adultizacao-e-como-a-escola-ajuda-a-combate-la.html\"><span style=\"font-weight: 400\">O que \u00e9 adultiza\u00e7\u00e3o e como a escola ajuda a combat\u00ea-la<\/span><\/a><i><span style=\"font-weight: 400\"><br \/>\n<\/span><\/i><\/li>\n<\/ul>\n<h3><b>8. ECA Digital e a prote\u00e7\u00e3o da inf\u00e2ncia na internet<\/b><\/h3>\n<p><span style=\"font-weight: 400\">A atualiza\u00e7\u00e3o do Estatuto da Crian\u00e7a e do Adolescente para o ambiente digital entrou na agenda como resposta aos novos riscos enfrentados por crian\u00e7as e adolescentes no mundo on-line.<\/span><\/p>\n<ul>\n<li><a href=\"https:\/\/www.correiobraziliense.com.br\/brasil\/2025\/09\/7238567-protecao-de-menores-na-internet-avanca-com-implementacao-do-eca-digital.html\"><span style=\"font-weight: 400\">Prote\u00e7\u00e3o de menores na internet avan\u00e7a com ECA Digital<\/span><\/a><\/li>\n<li><span style=\"font-weight: 400\"><a href=\"https:\/\/www.correiobraziliense.com.br\/direito-e-justica\/2025\/09\/7246152-eca-digital-o-que-muda-para-redes-sociais-jogos-e-aplicativos-no-brasil.html\">\u00a0ECA digital: o que muda para redes sociais, jogos e aplicativos no Brasil<\/a><br \/>\n<\/span><\/li>\n<li><a href=\"https:\/\/www.correiobraziliense.com.br\/opiniao\/2025\/08\/7232996-eca-digital-a-escola-nao-foi-mencionada-mas-tem-papel-preventivo.html\">ECA Digital: a escola n\u00e3o foi mencionada, mas tem papel preventivo<\/a><\/li>\n<\/ul>\n<h3><b>9. Quando a viol\u00eancia acontece na tela: cyberbullying<\/b><\/h3>\n<p><span style=\"font-weight: 400\">A viol\u00eancia digital passou a ser tratada como uma amea\u00e7a concreta \u00e0 sa\u00fade emocional das crian\u00e7as. Reportagens explicaram como identificar sinais, prevenir agress\u00f5es e promover educa\u00e7\u00e3o digital.<\/span><\/p>\n<ul>\n<li><a href=\"https:\/\/www.correiobraziliense.com.br\/euestudante\/educacao-basica\/2025\/09\/7240566-ciberbullying-quando-a-violencia-acontece-na-tela.html\"><span style=\"font-weight: 400\">Ciberbullying: quando a viol\u00eancia acontece na tela<\/span><\/a><\/li>\n<\/ul>\n<h3><b>10. A escola como espa\u00e7o de prote\u00e7\u00e3o da inf\u00e2ncia<\/b><\/h3>\n<p><span style=\"font-weight: 400\">No especial <\/span><i><span style=\"font-weight: 400\">Escolha a escola do seu filho<\/span><\/i><span style=\"font-weight: 400\">, mat\u00e9rias abordaram o papel da escola como ambiente de acolhimento, respeito ao tempo da inf\u00e2ncia e promo\u00e7\u00e3o do desenvolvimento integral.<\/span><\/p>\n<ul>\n<li><a href=\"https:\/\/www.correiobraziliense.com.br\/euestudante\/educacao-basica\/2025\/09\/7256528-as-criancas-precisam-de-um-espaco-que-acolha-o-seu-presente-afirma-psicologa.html?utm_source=chatgpt.com\"><span style=\"font-weight: 400\">\u201cAs crian\u00e7as precisam de um espa\u00e7o que acolha o seu presente\u201d, afirma psic\u00f3loga<\/span><\/a><\/li>\n<\/ul>\n<p><span style=\"font-weight: 400\">Reunidas, essas reportagens constroem um retrato do ano em que a primeira inf\u00e2ncia ganhou centralidade no debate p\u00fablico. Entre avan\u00e7os, desafios persistentes e novas amea\u00e7as, a cobertura mostrou que proteger o direito de ser crian\u00e7a exige informa\u00e7\u00e3o, pol\u00edticas p\u00fablicas e compromisso coletivo.\u00a0<\/span><\/p>\n<p><span style=\"font-weight: 400\">Em concord\u00e2ncia com o art. 227 da Constitui\u00e7\u00e3o Federal, a aten\u00e7\u00e3o dedicada ao tema ao longo do ano reafirma o compromisso do <strong>Correio Braziliense<\/strong> e do <strong>Blog da Primeira Inf\u00e2ncia<\/strong> com uma cobertura qualificada, baseada em dados, ci\u00eancia e informa\u00e7\u00e3o de interesse p\u00fablico, voltada \u00e0 prote\u00e7\u00e3o de direitos e ao desenvolvimento das crian\u00e7as.<\/span><\/p>\n","protected":false},"excerpt":{"rendered":"<p>Cobertura jornal\u00edstica ao longo do ano evidenciou como a primeira inf\u00e2ncia atravessa pol\u00edticas p\u00fablicas, educa\u00e7\u00e3o, sa\u00fade, comportamento, direitos e o ambiente digital Ao longo do ano, a primeira inf\u00e2ncia avan\u00e7ou como tema central no notici\u00e1rio brasileiro. Reportagens publicadas pelo Correio Braziliense\u00a0e pelo Blog da Primeira Inf\u00e2ncia abordaram desde pol\u00edticas p\u00fablicas estruturantes e educa\u00e7\u00e3o infantil at\u00e9 desenvolvimento emocional, prote\u00e7\u00e3o digital e [&hellip;]<\/p>\n","protected":false},"author":134,"featured_media":1581,"comment_status":"open","ping_status":"open","sticky":false,"template":"","format":"standard","meta":{"footnotes":""},"categories":[324],"tags":[],"class_list":["post-1579","post","type-post","status-publish","format-standard","has-post-thumbnail","hentry","category-desenvolvimento-infantil"],"_links":{"self":[{"href":"https:\/\/blogs.correiobraziliense.com.br\/primeirainfancia\/wp-json\/wp\/v2\/posts\/1579","targetHints":{"allow":["GET"]}}],"collection":[{"href":"https:\/\/blogs.correiobraziliense.com.br\/primeirainfancia\/wp-json\/wp\/v2\/posts"}],"about":[{"href":"https:\/\/blogs.correiobraziliense.com.br\/primeirainfancia\/wp-json\/wp\/v2\/types\/post"}],"author":[{"embeddable":true,"href":"https:\/\/blogs.correiobraziliense.com.br\/primeirainfancia\/wp-json\/wp\/v2\/users\/134"}],"replies":[{"embeddable":true,"href":"https:\/\/blogs.correiobraziliense.com.br\/primeirainfancia\/wp-json\/wp\/v2\/comments?post=1579"}],"version-history":[{"count":1,"href":"https:\/\/blogs.correiobraziliense.com.br\/primeirainfancia\/wp-json\/wp\/v2\/posts\/1579\/revisions"}],"predecessor-version":[{"id":1580,"href":"https:\/\/blogs.correiobraziliense.com.br\/primeirainfancia\/wp-json\/wp\/v2\/posts\/1579\/revisions\/1580"}],"wp:featuredmedia":[{"embeddable":true,"href":"https:\/\/blogs.correiobraziliense.com.br\/primeirainfancia\/wp-json\/wp\/v2\/media\/1581"}],"wp:attachment":[{"href":"https:\/\/blogs.correiobraziliense.com.br\/primeirainfancia\/wp-json\/wp\/v2\/media?parent=1579"}],"wp:term":[{"taxonomy":"category","embeddable":true,"href":"https:\/\/blogs.correiobraziliense.com.br\/primeirainfancia\/wp-json\/wp\/v2\/categories?post=1579"},{"taxonomy":"post_tag","embeddable":true,"href":"https:\/\/blogs.correiobraziliense.com.br\/primeirainfancia\/wp-json\/wp\/v2\/tags?post=1579"}],"curies":[{"name":"wp","href":"https:\/\/api.w.org\/{rel}","templated":true}]}}