{"id":1533,"date":"2025-11-20T18:45:44","date_gmt":"2025-11-20T18:45:44","guid":{"rendered":"https:\/\/blogs.correiobraziliense.com.br\/primeirainfancia\/?p=1533"},"modified":"2025-11-20T18:47:06","modified_gmt":"2025-11-20T18:47:06","slug":"8-livros-sobre-identidade-diversidade-e-consciencia-negra-para-ler-com-criancas","status":"publish","type":"post","link":"https:\/\/blogs.correiobraziliense.com.br\/primeirainfancia\/2025\/11\/20\/8-livros-sobre-identidade-diversidade-e-consciencia-negra-para-ler-com-criancas\/","title":{"rendered":"8 livros sobre identidade, diversidade e consci\u00eancia negra para ler com crian\u00e7as"},"content":{"rendered":"<h2 style=\"text-align: center\">No Dia da Consci\u00eancia Negra, o blog da Primeira Inf\u00e2ncia selecionou livros que podem ajudar fam\u00edlias e educadores a construirem conversas sens\u00edveis e positivas com as crian\u00e7as<\/h2>\n<p>A constru\u00e7\u00e3o da identidade racial come\u00e7a muito antes do que os adultos imaginam. Pesquisas mostram que, por volta dos tr\u00eas anos, as crian\u00e7as j\u00e1 reconhecem diferen\u00e7as de cor, cabelo e tra\u00e7os, formulam prefer\u00eancias e come\u00e7am a interpretar o mundo a partir das refer\u00eancias que recebem. Na primeira inf\u00e2ncia, essas refer\u00eancias s\u00e3o decisivas para formar autoestima, pertencimento e rela\u00e7\u00f5es mais saud\u00e1veis. E uma das formas mais naturais de introduzir essas conversas em casa e na escola \u00e9 por meio dos livros.<\/p>\n<p>A literatura infantil oferece algo que nenhuma explica\u00e7\u00e3o te\u00f3rica alcan\u00e7a: imagens, personagens e hist\u00f3rias que validam quem a crian\u00e7a \u00e9. Quando uma crian\u00e7a se v\u00ea representada, ou v\u00ea outra crian\u00e7a diferente dela sendo valorizada, ela entende que existe beleza, pot\u00eancia e diversidade no mundo. A leitura abre janelas internas e externas, cria pontes com a cultura afro-brasileira e permite que temas importantes sejam vividos com leveza.<\/p>\n<p><strong>Leia tamb\u00e9m:\u00a0<a href=\"https:\/\/blogs.correiobraziliense.com.br\/primeirainfancia\/2025\/11\/16\/cop30-criancas-enviam-carta-a-autoridades-e-pedem-fim-do-silencio-imposto-as-infancias\/\">COP30: crian\u00e7as enviam carta a autoridades e pedem fim do sil\u00eancio imposto \u00e0s inf\u00e2ncias<\/a><\/strong><\/p>\n<p>Nos \u00faltimos anos, autores negros e obras que abordam ancestralidade, identidade e diversidade ganharam espa\u00e7o no mercado editorial brasileiro, ampliando o acesso a narrativas que celebram a inf\u00e2ncia preta. No Dia da Consci\u00eancia Negra, o <a href=\"https:\/\/blogs.correiobraziliense.com.br\/primeirainfancia\/\">Blog da Primeira Inf\u00e2ncia<\/a> selecionou livros que podem ajudar fam\u00edlias e educadores a construir conversas sens\u00edveis e positivas com as crian\u00e7as, respeitando o ritmo e a compreens\u00e3o de cada faixa et\u00e1ria.<\/p>\n<h3>O cabelo de Lel\u00ea \u2014 Val\u00e9ria Bel\u00e9m<\/h3>\n<p>Cl\u00e1ssico para falar de autoestima e orgulho do cabelo crespo. Lel\u00ea descobre sua hist\u00f3ria, suas ra\u00edzes e a beleza da pr\u00f3pria identidade. \u00c9 um livro que ajuda crian\u00e7as a valorizarem suas caracter\u00edsticas e a reconhecerem as dos colegas.<\/p>\n<p><img loading=\"lazy\" decoding=\"async\" class=\"alignnone size-medium wp-image-1534\" src=\"https:\/\/blogs.correiobraziliense.com.br\/primeirainfancia\/wp-content\/uploads\/sites\/49\/2025\/11\/O_CABELO_DE_LELE_011-295x300.jpg\" alt=\"\" width=\"295\" height=\"300\" srcset=\"https:\/\/blogs.correiobraziliense.com.br\/primeirainfancia\/wp-content\/uploads\/sites\/49\/2025\/11\/O_CABELO_DE_LELE_011-295x300.jpg 295w, https:\/\/blogs.correiobraziliense.com.br\/primeirainfancia\/wp-content\/uploads\/sites\/49\/2025\/11\/O_CABELO_DE_LELE_011-230x234.jpg 230w, https:\/\/blogs.correiobraziliense.com.br\/primeirainfancia\/wp-content\/uploads\/sites\/49\/2025\/11\/O_CABELO_DE_LELE_011.jpg 315w\" sizes=\"auto, (max-width: 295px) 100vw, 295px\" \/><\/p>\n<h3>O mundo no black power de Tay\u00f3 \u2014 Kiusam de Oliveira<\/h3>\n<p>Colorido, vibrante e cheio de identidade, apresenta a ancestralidade afro-brasileira de forma l\u00fadica. Tay\u00f3 carrega um universo inteiro em seu black power, conectando imagina\u00e7\u00e3o, cultura e pertencimento.<\/p>\n<p><img loading=\"lazy\" decoding=\"async\" class=\"alignnone size-medium wp-image-1535\" src=\"https:\/\/blogs.correiobraziliense.com.br\/primeirainfancia\/wp-content\/uploads\/sites\/49\/2025\/11\/Foto-1-70-300x204.jpg\" alt=\"\" width=\"300\" height=\"204\" srcset=\"https:\/\/blogs.correiobraziliense.com.br\/primeirainfancia\/wp-content\/uploads\/sites\/49\/2025\/11\/Foto-1-70-300x204.jpg 300w, https:\/\/blogs.correiobraziliense.com.br\/primeirainfancia\/wp-content\/uploads\/sites\/49\/2025\/11\/Foto-1-70-768x522.jpg 768w, https:\/\/blogs.correiobraziliense.com.br\/primeirainfancia\/wp-content\/uploads\/sites\/49\/2025\/11\/Foto-1-70-1024x696.jpg 1024w, https:\/\/blogs.correiobraziliense.com.br\/primeirainfancia\/wp-content\/uploads\/sites\/49\/2025\/11\/Foto-1-70-1440x979.jpg 1440w, https:\/\/blogs.correiobraziliense.com.br\/primeirainfancia\/wp-content\/uploads\/sites\/49\/2025\/11\/Foto-1-70-800x544.jpg 800w, https:\/\/blogs.correiobraziliense.com.br\/primeirainfancia\/wp-content\/uploads\/sites\/49\/2025\/11\/Foto-1-70-550x374.jpg 550w, https:\/\/blogs.correiobraziliense.com.br\/primeirainfancia\/wp-content\/uploads\/sites\/49\/2025\/11\/Foto-1-70-230x156.jpg 230w, https:\/\/blogs.correiobraziliense.com.br\/primeirainfancia\/wp-content\/uploads\/sites\/49\/2025\/11\/Foto-1-70.jpg 1497w\" sizes=\"auto, (max-width: 300px) 100vw, 300px\" \/><\/p>\n<h3>Menina bonita do la\u00e7o de fita \u2014 Ana Maria Machado<\/h3>\n<p>Uma f\u00e1bula delicada sobre beleza e diversidade. A narrativa mostra como as diferen\u00e7as enriquecem as rela\u00e7\u00f5es e como a curiosidade pode ser ponte para o carinho, sem refor\u00e7ar estere\u00f3tipos.<\/p>\n<p><img loading=\"lazy\" decoding=\"async\" class=\"alignnone size-medium wp-image-1529\" src=\"https:\/\/blogs.correiobraziliense.com.br\/primeirainfancia\/wp-content\/uploads\/sites\/49\/2025\/11\/71Z98sh5RuL-259x300.jpg\" alt=\"\" width=\"259\" height=\"300\" srcset=\"https:\/\/blogs.correiobraziliense.com.br\/primeirainfancia\/wp-content\/uploads\/sites\/49\/2025\/11\/71Z98sh5RuL-259x300.jpg 259w, https:\/\/blogs.correiobraziliense.com.br\/primeirainfancia\/wp-content\/uploads\/sites\/49\/2025\/11\/71Z98sh5RuL-768x889.jpg 768w, https:\/\/blogs.correiobraziliense.com.br\/primeirainfancia\/wp-content\/uploads\/sites\/49\/2025\/11\/71Z98sh5RuL-885x1024.jpg 885w, https:\/\/blogs.correiobraziliense.com.br\/primeirainfancia\/wp-content\/uploads\/sites\/49\/2025\/11\/71Z98sh5RuL-800x926.jpg 800w, https:\/\/blogs.correiobraziliense.com.br\/primeirainfancia\/wp-content\/uploads\/sites\/49\/2025\/11\/71Z98sh5RuL-550x637.jpg 550w, https:\/\/blogs.correiobraziliense.com.br\/primeirainfancia\/wp-content\/uploads\/sites\/49\/2025\/11\/71Z98sh5RuL-230x266.jpg 230w, https:\/\/blogs.correiobraziliense.com.br\/primeirainfancia\/wp-content\/uploads\/sites\/49\/2025\/11\/71Z98sh5RuL.jpg 1123w\" sizes=\"auto, (max-width: 259px) 100vw, 259px\" \/><\/p>\n<h3>Amoras \u2014 Emicida<\/h3>\n<p>Com linguagem po\u00e9tica e afetiva, fala sobre amor-pr\u00f3prio, for\u00e7a e identidade. Funciona muito bem em leituras compartilhadas, especialmente \u00e0 noite, como ritual de acolhimento.<\/p>\n<p><img loading=\"lazy\" decoding=\"async\" class=\"alignnone size-medium wp-image-1532\" src=\"https:\/\/blogs.correiobraziliense.com.br\/primeirainfancia\/wp-content\/uploads\/sites\/49\/2025\/11\/910wNGmLT4L-300x300.jpg\" alt=\"\" width=\"300\" height=\"300\" srcset=\"https:\/\/blogs.correiobraziliense.com.br\/primeirainfancia\/wp-content\/uploads\/sites\/49\/2025\/11\/910wNGmLT4L-300x300.jpg 300w, https:\/\/blogs.correiobraziliense.com.br\/primeirainfancia\/wp-content\/uploads\/sites\/49\/2025\/11\/910wNGmLT4L-150x150.jpg 150w, https:\/\/blogs.correiobraziliense.com.br\/primeirainfancia\/wp-content\/uploads\/sites\/49\/2025\/11\/910wNGmLT4L-768x768.jpg 768w, https:\/\/blogs.correiobraziliense.com.br\/primeirainfancia\/wp-content\/uploads\/sites\/49\/2025\/11\/910wNGmLT4L-1024x1024.jpg 1024w, https:\/\/blogs.correiobraziliense.com.br\/primeirainfancia\/wp-content\/uploads\/sites\/49\/2025\/11\/910wNGmLT4L-1440x1440.jpg 1440w, https:\/\/blogs.correiobraziliense.com.br\/primeirainfancia\/wp-content\/uploads\/sites\/49\/2025\/11\/910wNGmLT4L-800x800.jpg 800w, https:\/\/blogs.correiobraziliense.com.br\/primeirainfancia\/wp-content\/uploads\/sites\/49\/2025\/11\/910wNGmLT4L-550x550.jpg 550w, https:\/\/blogs.correiobraziliense.com.br\/primeirainfancia\/wp-content\/uploads\/sites\/49\/2025\/11\/910wNGmLT4L-230x230.jpg 230w\" sizes=\"auto, (max-width: 300px) 100vw, 300px\" \/><\/p>\n<h3>Meu crespo \u00e9 de rainha \u2014 bell hooks<\/h3>\n<p>Uma celebra\u00e7\u00e3o da corporalidade e da beleza negra. O texto forte e sens\u00edvel ensina que o corpo \u00e9 fonte de orgulho e que o cabelo crespo carrega hist\u00f3ria e dignidade.<\/p>\n<p><img loading=\"lazy\" decoding=\"async\" class=\"alignnone size-medium wp-image-1530\" src=\"https:\/\/blogs.correiobraziliense.com.br\/primeirainfancia\/wp-content\/uploads\/sites\/49\/2025\/11\/81i3RuHDQcL._AC_UF10001000_QL80_-257x300.jpg\" alt=\"\" width=\"257\" height=\"300\" srcset=\"https:\/\/blogs.correiobraziliense.com.br\/primeirainfancia\/wp-content\/uploads\/sites\/49\/2025\/11\/81i3RuHDQcL._AC_UF10001000_QL80_-257x300.jpg 257w, https:\/\/blogs.correiobraziliense.com.br\/primeirainfancia\/wp-content\/uploads\/sites\/49\/2025\/11\/81i3RuHDQcL._AC_UF10001000_QL80_-768x895.jpg 768w, https:\/\/blogs.correiobraziliense.com.br\/primeirainfancia\/wp-content\/uploads\/sites\/49\/2025\/11\/81i3RuHDQcL._AC_UF10001000_QL80_-800x932.jpg 800w, https:\/\/blogs.correiobraziliense.com.br\/primeirainfancia\/wp-content\/uploads\/sites\/49\/2025\/11\/81i3RuHDQcL._AC_UF10001000_QL80_-550x641.jpg 550w, https:\/\/blogs.correiobraziliense.com.br\/primeirainfancia\/wp-content\/uploads\/sites\/49\/2025\/11\/81i3RuHDQcL._AC_UF10001000_QL80_-230x268.jpg 230w, https:\/\/blogs.correiobraziliense.com.br\/primeirainfancia\/wp-content\/uploads\/sites\/49\/2025\/11\/81i3RuHDQcL._AC_UF10001000_QL80_.jpg 858w\" sizes=\"auto, (max-width: 257px) 100vw, 257px\" \/><\/p>\n<h3>Os pequenos guardi\u00f5es \u2014 Kiusam de Oliveira<\/h3>\n<p>Traz elementos da ancestralidade africana de forma acess\u00edvel, l\u00fadica e espiritual, respeitando o entendimento das crian\u00e7as. Introduz tradi\u00e7\u00f5es afro-brasileiras com cuidado e poesia.<\/p>\n<h3>O mar que banha a Ilha de Gor\u00e9 \u2014 Kiusam de Oliveira<\/h3>\n<p>Ideal para crian\u00e7as um pouco maiores dentro da primeira inf\u00e2ncia, apresenta mem\u00f3ria e hist\u00f3ria sem viol\u00eancia gr\u00e1fica. Permite conversas sobre passado, resist\u00eancia e humanidade.<\/p>\n<p><img loading=\"lazy\" decoding=\"async\" class=\"alignnone size-medium wp-image-1531\" src=\"https:\/\/blogs.correiobraziliense.com.br\/primeirainfancia\/wp-content\/uploads\/sites\/49\/2025\/11\/81ZeLk6MFbL._AC_UF10001000_QL80_-203x300.jpg\" alt=\"\" width=\"203\" height=\"300\" srcset=\"https:\/\/blogs.correiobraziliense.com.br\/primeirainfancia\/wp-content\/uploads\/sites\/49\/2025\/11\/81ZeLk6MFbL._AC_UF10001000_QL80_-203x300.jpg 203w, https:\/\/blogs.correiobraziliense.com.br\/primeirainfancia\/wp-content\/uploads\/sites\/49\/2025\/11\/81ZeLk6MFbL._AC_UF10001000_QL80_-550x815.jpg 550w, https:\/\/blogs.correiobraziliense.com.br\/primeirainfancia\/wp-content\/uploads\/sites\/49\/2025\/11\/81ZeLk6MFbL._AC_UF10001000_QL80_-230x341.jpg 230w, https:\/\/blogs.correiobraziliense.com.br\/primeirainfancia\/wp-content\/uploads\/sites\/49\/2025\/11\/81ZeLk6MFbL._AC_UF10001000_QL80_.jpg 675w\" sizes=\"auto, (max-width: 203px) 100vw, 203px\" \/><\/p>\n<h3>Tet\u00e9 n\u00e3o quer ser princesa \u2014 Jana\u00edna Tokitaka<\/h3>\n<p>Embora n\u00e3o seja exclusivamente sobre ra\u00e7a, questiona padr\u00f5es est\u00e9ticos e amplia discuss\u00f5es sobre diversidade. Mostra que as crian\u00e7as podem ser quem quiserem, sem limitar sonhos ou identidades.<\/p>\n<p>&nbsp;<\/p>\n<p>A leitura desses livros n\u00e3o precisa ser acompanhada de discursos longos. As conversas surgem naturalmente quando o adulto d\u00e1 espa\u00e7o para a crian\u00e7a comentar o que v\u00ea, identificar parecidos e diferentes, e relacionar a hist\u00f3ria com sua vida. Perguntas como \u201cO que voc\u00ea mais gostou nesse personagem?\u201d, \u201cQuem da nossa fam\u00edlia tem esse cabelo?\u201d ou \u201cO que essa parte da hist\u00f3ria te lembra?\u201d ajudam a aprofundar o di\u00e1logo sem peso. Boa leitura!<\/p>\n","protected":false},"excerpt":{"rendered":"<p>No Dia da Consci\u00eancia Negra, o blog da Primeira Inf\u00e2ncia selecionou livros que podem ajudar fam\u00edlias e educadores a construirem conversas sens\u00edveis e positivas com as crian\u00e7as A constru\u00e7\u00e3o da identidade racial come\u00e7a muito antes do que os adultos imaginam. Pesquisas mostram que, por volta dos tr\u00eas anos, as crian\u00e7as j\u00e1 reconhecem diferen\u00e7as de cor, cabelo e tra\u00e7os, formulam prefer\u00eancias [&hellip;]<\/p>\n","protected":false},"author":134,"featured_media":1536,"comment_status":"open","ping_status":"open","sticky":false,"template":"","format":"standard","meta":{"footnotes":""},"categories":[319],"tags":[],"class_list":["post-1533","post","type-post","status-publish","format-standard","has-post-thumbnail","hentry","category-literatura"],"_links":{"self":[{"href":"https:\/\/blogs.correiobraziliense.com.br\/primeirainfancia\/wp-json\/wp\/v2\/posts\/1533","targetHints":{"allow":["GET"]}}],"collection":[{"href":"https:\/\/blogs.correiobraziliense.com.br\/primeirainfancia\/wp-json\/wp\/v2\/posts"}],"about":[{"href":"https:\/\/blogs.correiobraziliense.com.br\/primeirainfancia\/wp-json\/wp\/v2\/types\/post"}],"author":[{"embeddable":true,"href":"https:\/\/blogs.correiobraziliense.com.br\/primeirainfancia\/wp-json\/wp\/v2\/users\/134"}],"replies":[{"embeddable":true,"href":"https:\/\/blogs.correiobraziliense.com.br\/primeirainfancia\/wp-json\/wp\/v2\/comments?post=1533"}],"version-history":[{"count":2,"href":"https:\/\/blogs.correiobraziliense.com.br\/primeirainfancia\/wp-json\/wp\/v2\/posts\/1533\/revisions"}],"predecessor-version":[{"id":1538,"href":"https:\/\/blogs.correiobraziliense.com.br\/primeirainfancia\/wp-json\/wp\/v2\/posts\/1533\/revisions\/1538"}],"wp:featuredmedia":[{"embeddable":true,"href":"https:\/\/blogs.correiobraziliense.com.br\/primeirainfancia\/wp-json\/wp\/v2\/media\/1536"}],"wp:attachment":[{"href":"https:\/\/blogs.correiobraziliense.com.br\/primeirainfancia\/wp-json\/wp\/v2\/media?parent=1533"}],"wp:term":[{"taxonomy":"category","embeddable":true,"href":"https:\/\/blogs.correiobraziliense.com.br\/primeirainfancia\/wp-json\/wp\/v2\/categories?post=1533"},{"taxonomy":"post_tag","embeddable":true,"href":"https:\/\/blogs.correiobraziliense.com.br\/primeirainfancia\/wp-json\/wp\/v2\/tags?post=1533"}],"curies":[{"name":"wp","href":"https:\/\/api.w.org\/{rel}","templated":true}]}}