{"id":1524,"date":"2025-11-17T22:27:13","date_gmt":"2025-11-17T22:27:13","guid":{"rendered":"https:\/\/blogs.correiobraziliense.com.br\/primeirainfancia\/?p=1524"},"modified":"2025-11-17T22:27:13","modified_gmt":"2025-11-17T22:27:13","slug":"prematuridade-o-que-e-idade-corrigida-como-calcular-e-ate-quando-aplica-la","status":"publish","type":"post","link":"https:\/\/blogs.correiobraziliense.com.br\/primeirainfancia\/2025\/11\/17\/prematuridade-o-que-e-idade-corrigida-como-calcular-e-ate-quando-aplica-la\/","title":{"rendered":"Prematuridade: o que \u00e9 idade corrigida, como calcular e at\u00e9 quando aplic\u00e1-la"},"content":{"rendered":"<h2 style=\"text-align: center\"><em>No m\u00eas dedicado \u00e0 prematuridade, a campanha Novembro Roxo alerta para cuidados que evitam compara\u00e7\u00f5es injustas e ajudam a avaliar o desenvolvimento de forma adequada; Minist\u00e9rio da Sa\u00fade alerta que cerca de 340 mil beb\u00eas nascem prematuros por ano no Brasil<\/em><\/h2>\n<p>&nbsp;<\/p>\n<p>O Dia Mundial da Prematuridade, celebrado nesta segunda-feira (17\/11), refor\u00e7a um alerta urgente na sa\u00fade p\u00fablica: a necessidade de reconhecer, compreender e acompanhar as especificidades dos beb\u00eas prematuros. A campanha Novembro Roxo mobiliza institui\u00e7\u00f5es p\u00fablicas e privadas a debaterem sobre cuidados fundamentais que promovam o desenvolvimento saud\u00e1vel dos beb\u00eas que nascem antes do tempo.<\/p>\n<p>O Minist\u00e9rio da Sa\u00fade estima que cerca de 340 mil beb\u00eas nascem prematuros por ano no Brasil, o que corresponde a aproximadamente 10% de todos os nascimentos. No Distrito Federal, esse dado chega a 12% dos nascimentos. A terapeuta ocupacional Pabline Cavalcante, especialista em prematuridade, explica que prematuros s\u00e3o aqueles que nascem com menos de 37 semanas de gesta\u00e7\u00e3o.<\/p>\n<ul>\n<li><strong>Leia tamb\u00e9m:\u00a0<a href=\"https:\/\/blogs.correiobraziliense.com.br\/primeirainfancia\/2025\/11\/14\/senado-aprova-programa-de-cuidado-voltado-a-maes-e-pais-atipicos\/\">Senado aprova programa de cuidado voltado a m\u00e3es e pais at\u00edpicos<\/a><\/strong><\/li>\n<\/ul>\n<p>Segundo a Organiza\u00e7\u00e3o Mundial da Sa\u00fade (OMS), a prematuridade \u00e9 dividida em tr\u00eas categorias: prematuro extremo (menos de 28 semanas), prematuro moderado (28 a 32 semanas) e prematuro tardio (32 a 37 semanas). Quanto menor o tempo de gesta\u00e7\u00e3o, maior a chance de complica\u00e7\u00f5es respirat\u00f3rias, neurol\u00f3gicas e metab\u00f3licas. Com isso, aumenta tamb\u00e9m a necessidade de um acompanhamento multiprofissional cuidadoso nos primeiros anos de vida.<\/p>\n<p>Esse in\u00edcio precoce impacta diretamente o desenvolvimento. \u201cPor causa das semanas a menos no \u00fatero, eles (prematuros) podem demorar um pouco mais para alcan\u00e7ar marcos como sentar, engatinhar ou falar. Isso n\u00e3o significa atraso: significa que o desenvolvimento est\u00e1 respeitando o tempo que ainda seria de gesta\u00e7\u00e3o\u201d, afirma Pabline.<\/p>\n<p>\u00c9 nesse contexto que surge um conceito essencial para interpretar o desenvolvimento dessas crian\u00e7as: a idade corrigida. Pabline esclarece que a idade corrigida \u00e9 a idade que a crian\u00e7a teria se tivesse nascido na data prov\u00e1vel do parto (a termo). Ou seja, com 40 semanas de gesta\u00e7\u00e3o. J\u00e1 a idade em que o beb\u00ea nasce \u00e9 chamada de idade cronol\u00f3gica.<\/p>\n<p>Corrigir a idade do beb\u00ea prematuro \u00e9 uma estrat\u00e9gia dos especialistas para acompanhar os marcos do desenvolvimento, pois beb\u00eas nascidos antes da hora se desenvolvem em um ritmo diferente dos beb\u00eas nascidos a termo. \u00c9 como se eles nascessem &#8220;em desvantagem&#8221; em rela\u00e7\u00e3o a quem chegou ao mundo na hora prevista.<\/p>\n<ul>\n<li><strong>Leia tamb\u00e9m:\u00a0<a href=\"https:\/\/blogs.correiobraziliense.com.br\/primeirainfancia\/2025\/11\/16\/novembro-roxo-reforca-alerta-para-a-saude-ocular-de-bebes-prematuros\/\">Novembro Roxo refor\u00e7a alerta para a sa\u00fade ocular de beb\u00eas prematuros<\/a><\/strong><\/li>\n<\/ul>\n<p>Um exemplo utilizado para facilitar a import\u00e2ncia da idade corrigida \u00e9 o de uma corrida. \u00c9 como se os beb\u00eas nascidos com 37 semanas ou mais est\u00e3o todos posicionados na linha de largada, enquanto os prematuros j\u00e1 come\u00e7am a disputa alguns passos para tr\u00e1s. Sendo assim, \u00e9 inesperado, e at\u00e9 injusto, esperar que eles alcancem a linha de chegada ao mesmo tempo que os que est\u00e3o \u00e0 frente.<\/p>\n<p>Essa diferen\u00e7a faz sentido pr\u00e1tico no dia a dia das fam\u00edlias e na avalia\u00e7\u00e3o dos profissionais de sa\u00fade, educa\u00e7\u00e3o e desenvolvimento infantil. A introdu\u00e7\u00e3o alimentar, a linguagem, a aquisi\u00e7\u00e3o dos marcos motores e a observa\u00e7\u00e3o cl\u00ednica s\u00f3 podem ser interpretadas adequadamente quando o beb\u00ea prematuro \u00e9 avaliado a partir da idade corrigida, e n\u00e3o da idade cronol\u00f3gica.<\/p>\n<h3>Como calcular a idade corrigida?<\/h3>\n<p>Para saber qual a idade corrigida da crian\u00e7a, s\u00e3o necess\u00e1rias duas informa\u00e7\u00f5es: a idade gestacional em que a crian\u00e7a nasceu e a idade gestacional em que ela deveria ter nascido.<\/p>\n<p>A idade corrigida ser\u00e1 o resultado da idade cronol\u00f3gica menos as semanas que faltariam para completar as 40 semanas de gravidez. Em outras palavras, a idade corrigida do prematuro \u00e9 aquela contada a partir do momento em que ele completaria 40 semanas de gesta\u00e7\u00e3o, e n\u00e3o do dia em que ele realmente nasceu. o c\u00e1lculo \u00e9 o seguinte:<\/p>\n<p><strong>idade cronol\u00f3gica &#8211; 40 = idade corrigida.<\/strong><\/p>\n<p>Ou seja, hipoteticamente, se a crian\u00e7a nasceu com 36 semanas de gesta\u00e7\u00e3o h\u00e1 2 meses, ela tem 44 semanas de vida e a idade corrigida dela \u00e9 4 semanas (um m\u00eas).<\/p>\n<p>Se o parto ocorreu com 32 semanas de gesta\u00e7\u00e3o, o beb\u00ea foi considerado prematuro de 8 semanas. Ent\u00e3o, se ele tem agora 5 meses de idade cronol\u00f3gica (20 semanas desde o nascimento). Por\u00e9m, a idade corrigida \u00e9 3 meses. Nesse exemplo, \u00e9 necess\u00e1rio acompanhar o crescimento e o desenvolvimento do seu beb\u00ea levando em conta que ele tem 3 meses, e n\u00e3o 5 meses.<\/p>\n<p>A ferramenta, no entanto, n\u00e3o se aplica a todos os aspectos da vida da crian\u00e7a. Vacinas, por exemplo, seguem sempre a idade cronol\u00f3gica, conforme o calend\u00e1rio oficial. Registros, cadastros e anivers\u00e1rios tamb\u00e9m seguem a idade real de nascimento.<\/p>\n<p>Embora seja fundamental nos primeiros meses, o c\u00e1lculo n\u00e3o acompanha a crian\u00e7a por toda a inf\u00e2ncia. \u201cA idade corrigida \u00e9 \u00fatil at\u00e9 os dois primeiros anos de vida, quando a maior parte dos marcos do desenvolvimento neuropsicomotor j\u00e1 foi alcan\u00e7ada\u201d, orienta Pabline. Depois desse per\u00edodo, a compara\u00e7\u00e3o entre crian\u00e7as prematuras e aquelas nascidas a termo tende a se estabilizar, e as avalia\u00e7\u00f5es se tornam mais lineares.<\/p>\n<h3><strong>Novembro Roxo<\/strong><\/h3>\n<p>O Novembro Roxo \u00e9 uma das maiores campanhas de sa\u00fade p\u00fablica promovida pela Organiza\u00e7\u00e3o Mundial da Sa\u00fade (OMS) e por entidades de diversos pa\u00edses. Em 2025, o tema \u201cGaranta aos prematuros come\u00e7os saud\u00e1veis para futuros brilhantes\u201d refor\u00e7a a import\u00e2ncia de oferecer aos prematuros um in\u00edcio de vida com cuidado especializado e cont\u00ednuo, desde os primeiros momentos ap\u00f3s o nascimento, passando pela interna\u00e7\u00e3o, at\u00e9 o seguimento dos primeiros anos de vida.<\/p>\n<p>A cor roxa, s\u00edmbolo da campanha, representa a sensibilidade e a individualidade caracter\u00edsticas dos beb\u00eas prematuros. Tamb\u00e9m simboliza transforma\u00e7\u00e3o e renova\u00e7\u00e3o, refletindo o caminho de supera\u00e7\u00e3o dessas crian\u00e7as que chegam ao mundo antes do tempo.<\/p>\n<p>A campanha refor\u00e7a, ano ap\u00f3s ano, que nascer antes da hora n\u00e3o determina o futuro, mas exige cuidado informado, apoio cont\u00ednuo e acompanhamento atento. Compreender a diferen\u00e7a entre idade cronol\u00f3gica e idade corrigida \u00e9 um passo fundamental para acolher o desenvolvimento da crian\u00e7a com mais leveza, precis\u00e3o e seguran\u00e7a.<\/p>\n<p>&nbsp;<\/p>\n<p>&nbsp;<\/p>\n","protected":false},"excerpt":{"rendered":"<p>No m\u00eas dedicado \u00e0 prematuridade, a campanha Novembro Roxo alerta para cuidados que evitam compara\u00e7\u00f5es injustas e ajudam a avaliar o desenvolvimento de forma adequada; Minist\u00e9rio da Sa\u00fade alerta que cerca de 340 mil beb\u00eas nascem prematuros por ano no Brasil &nbsp; O Dia Mundial da Prematuridade, celebrado nesta segunda-feira (17\/11), refor\u00e7a um alerta urgente na sa\u00fade p\u00fablica: a necessidade [&hellip;]<\/p>\n","protected":false},"author":134,"featured_media":1525,"comment_status":"open","ping_status":"open","sticky":false,"template":"","format":"standard","meta":{"footnotes":""},"categories":[317,1],"tags":[],"class_list":["post-1524","post","type-post","status-publish","format-standard","has-post-thumbnail","hentry","category-novembro-roxo","category-sem-categoria"],"_links":{"self":[{"href":"https:\/\/blogs.correiobraziliense.com.br\/primeirainfancia\/wp-json\/wp\/v2\/posts\/1524","targetHints":{"allow":["GET"]}}],"collection":[{"href":"https:\/\/blogs.correiobraziliense.com.br\/primeirainfancia\/wp-json\/wp\/v2\/posts"}],"about":[{"href":"https:\/\/blogs.correiobraziliense.com.br\/primeirainfancia\/wp-json\/wp\/v2\/types\/post"}],"author":[{"embeddable":true,"href":"https:\/\/blogs.correiobraziliense.com.br\/primeirainfancia\/wp-json\/wp\/v2\/users\/134"}],"replies":[{"embeddable":true,"href":"https:\/\/blogs.correiobraziliense.com.br\/primeirainfancia\/wp-json\/wp\/v2\/comments?post=1524"}],"version-history":[{"count":1,"href":"https:\/\/blogs.correiobraziliense.com.br\/primeirainfancia\/wp-json\/wp\/v2\/posts\/1524\/revisions"}],"predecessor-version":[{"id":1526,"href":"https:\/\/blogs.correiobraziliense.com.br\/primeirainfancia\/wp-json\/wp\/v2\/posts\/1524\/revisions\/1526"}],"wp:featuredmedia":[{"embeddable":true,"href":"https:\/\/blogs.correiobraziliense.com.br\/primeirainfancia\/wp-json\/wp\/v2\/media\/1525"}],"wp:attachment":[{"href":"https:\/\/blogs.correiobraziliense.com.br\/primeirainfancia\/wp-json\/wp\/v2\/media?parent=1524"}],"wp:term":[{"taxonomy":"category","embeddable":true,"href":"https:\/\/blogs.correiobraziliense.com.br\/primeirainfancia\/wp-json\/wp\/v2\/categories?post=1524"},{"taxonomy":"post_tag","embeddable":true,"href":"https:\/\/blogs.correiobraziliense.com.br\/primeirainfancia\/wp-json\/wp\/v2\/tags?post=1524"}],"curies":[{"name":"wp","href":"https:\/\/api.w.org\/{rel}","templated":true}]}}