{"id":1505,"date":"2025-11-14T18:05:37","date_gmt":"2025-11-14T18:05:37","guid":{"rendered":"https:\/\/blogs.correiobraziliense.com.br\/primeirainfancia\/?p=1505"},"modified":"2025-11-16T17:29:49","modified_gmt":"2025-11-16T17:29:49","slug":"senado-aprova-programa-de-cuidado-voltado-a-maes-e-pais-atipicos","status":"publish","type":"post","link":"https:\/\/blogs.correiobraziliense.com.br\/primeirainfancia\/2025\/11\/14\/senado-aprova-programa-de-cuidado-voltado-a-maes-e-pais-atipicos\/","title":{"rendered":"Senado aprova programa de cuidado voltado a m\u00e3es e pais at\u00edpicos"},"content":{"rendered":"<h2 style=\"text-align: center\"><em><span style=\"font-weight: 400\">O projeto apresentado pelo senador Rom\u00e1rio era destinado apenas \u00e0s m\u00e3es at\u00edpicas. Por\u00e9m, o substitutivo apresentado na Comiss\u00e3o de Direitos Humanos (CDH) ampliou o direcionamento do programa, incluindo tamb\u00e9m pais e respons\u00e1veis legais<\/span><\/em><\/h2>\n<p><span style=\"font-weight: 400\">A Comiss\u00e3o de Assuntos Sociais (CAS) do Senado aprovou, nesta quarta-feira (12\/11), o projeto que cria o programa Cuidando de Quem Cuida, destinado a oferecer suporte integral a m\u00e3es, pais e respons\u00e1veis at\u00edpicos &#8211; aqueles que cuidam de crian\u00e7as ou dependentes com defici\u00eancia, doen\u00e7as raras, dislexia, TDAH ou outros transtornos de aprendizagem. A proposta, de autoria do senador Rom\u00e1rio (PL-RJ), segue agora para a C\u00e2mara dos Deputados, caso n\u00e3o haja recurso para vota\u00e7\u00e3o no Plen\u00e1rio.<\/span><\/p>\n<p><span style=\"font-weight: 400\">A relatora, senadora Dra. Eud\u00f3cia (PL-AL), deu parecer favor\u00e1vel ao texto. Ela destacou que o objetivo \u00e9 fortalecer a sa\u00fade f\u00edsica e emocional desses cuidadores, ampliar pol\u00edticas de acolhimento na aten\u00e7\u00e3o prim\u00e1ria, garantir apoio psicol\u00f3gico, orienta\u00e7\u00e3o familiar e promover a\u00e7\u00f5es de bem-estar e participa\u00e7\u00e3o social. O programa tamb\u00e9m prev\u00ea rodas de conversa, atividades formativas e campanhas de sensibiliza\u00e7\u00e3o sobre maternidades e paternidades at\u00edpicas.<\/span><\/p>\n<p>Em entrevista ao <strong>blog da Primeira Inf\u00e2ncia<\/strong>, o senador Rom\u00e1rio afirmou que c<span style=\"font-weight: 400\">riar um programa como esse n\u00e3o \u00e9 favor. \u00c9 dever. Precisamos criar pol\u00edticas p\u00fablicas para cuidar de quem cuida.\u00a0\u201cQuando nasce o beb\u00ea, nasce tamb\u00e9m a m\u00e3e at\u00edpica, o pai at\u00edpico ou o respons\u00e1vel at\u00edpico. E eles precisam de suporte adequado justamente na fase mais fr\u00e1gil da vida\u201d, disse.<br \/>\n<\/span><\/p>\n<ul>\n<li><strong>Leia tamb\u00e9m:\u00a0<a href=\"https:\/\/www.correiobraziliense.com.br\/euestudante\/educacao-basica\/2025\/10\/7278436-senado-discute-sobre-politicas-publicas-para-a-primeira-infancia.html\">Senado discute sobre pol\u00edticas p\u00fablicas para a primeira inf\u00e2ncia<\/a><\/strong><\/li>\n<\/ul>\n<p><span style=\"font-weight: 400\">Segundo dados do DataSenado citados na an\u00e1lise, 9% dos brasileiros se declaram cuidadores, sendo 81% mulheres. Em 88% dos casos, o cuidado \u00e9 prestado a um familiar. A pesquisa mostra ainda que 55% das cuidadoras e cuidadores se sentem sobrecarregados e 83% nunca receberam qualquer tipo de treinamento. \u201cEssa \u00e9 uma atividade pouco valorizada e, muitas vezes, invis\u00edvel. H\u00e1 dificuldade de inser\u00e7\u00e3o no mercado formal e pouco tempo para o autocuidado\u201d, afirmou a relatora.<\/span><\/p>\n<p><span style=\"font-weight: 400\">\u201cEssa pesquisa escancara uma realidade dura: a maioria esmagadora das cuidadoras s\u00e3o mulheres, e muitas est\u00e3o exaustas, sem apoio emocional, financeiro ou social. O programa nasce justamente para enfrentar isso\u201d, afirmou o senador, ao <strong>blog.\u00a0<\/strong><\/span><\/p>\n<p><span style=\"font-weight: 400\">O texto aprovado incorpora mudan\u00e7as feitas na Comiss\u00e3o de Direitos Humanos (CDH), onde a senadora Mara Gabrilli (PSD-SP) estendeu o escopo do programa para abranger n\u00e3o apenas m\u00e3es, mas tamb\u00e9m pais e outros respons\u00e1veis legais. A vers\u00e3o atualizada inclui ainda acolhimento no p\u00f3s-parto imediato, reconhecendo o impacto emocional e f\u00edsico do in\u00edcio da jornada at\u00edpica.<\/span><\/p>\n<ul>\n<li><strong>Leia tamb\u00e9m: <a href=\"https:\/\/www.correiobraziliense.com.br\/euestudante\/educacao-basica\/2025\/10\/7272409-camera-legislativa-deve-votar-instalacao-de-cameras-nas-salas-de-aula.html\">C\u00e2mara Legislativa deve votar instala\u00e7\u00e3o de c\u00e2meras nas salas de aula<\/a><\/strong><\/li>\n<\/ul>\n<p><span style=\"font-weight: 400\">O projeto apresentado pelo senador Rom\u00e1rio era destinado apenas \u00e0s m\u00e3es at\u00edpicas. Por\u00e9m, o substitutivo apresentado na Comiss\u00e3o de Direitos Humanos (CDH) ampliou o direcionamento do programa, incluindo tamb\u00e9m pais e respons\u00e1veis legais. Al\u00e9m disso, foi acrescentado no programa o apoio p\u00f3s-parto, que deve incluir acolhimento, inclus\u00e3o, esclarecimentos e orienta\u00e7\u00f5es necess\u00e1rias sobre a condi\u00e7\u00e3o da crian\u00e7a e suas especificidades imediatamente ap\u00f3s o nascimento.<\/span><\/p>\n<p><span style=\"font-weight: 400\">\u201cPol\u00edtica p\u00fablica boa \u00e9 aquela que chega na ponta. Cada estado e munic\u00edpio vai organizar o programa conforme sua realidade. O importante \u00e9 que funcione\u201d, explicou Rom\u00e1rio.<\/span><\/p>\n<p><span style=\"font-weight: 400\">Rom\u00e1rio afirmou que o substitutivo \u201ctorna a iniciativa mais justa e mais humana\u201d. O senador Alan Rick (Uni\u00e3o-AC) tamb\u00e9m elogiou a proposta e ressaltou a sobrecarga enfrentada por fam\u00edlias at\u00edpicas no pa\u00eds.<\/span><\/p>\n<p><span style=\"font-weight: 400\">\u00a0\u201cCuidar de quem cuida n\u00e3o \u00e9 pauta de um partido; \u00e9 pauta de humanidade. Tenho confian\u00e7a de que a C\u00e2mara vai avan\u00e7ar com rapidez\u201d, disse Rom\u00e1rio.\u00a0<\/span><span style=\"font-weight: 400\">\u201cQuando quem cuida est\u00e1 bem, a crian\u00e7a recebe um cuidado muito melhor. O programa existe para apoiar quem carrega a maior carga f\u00edsica e emocional, e, no fim, quem tamb\u00e9m ganha \u00e9 o filho\u201d, conclui o autor da proposta.\u00a0<\/span><\/p>\n","protected":false},"excerpt":{"rendered":"<p>O projeto apresentado pelo senador Rom\u00e1rio era destinado apenas \u00e0s m\u00e3es at\u00edpicas. Por\u00e9m, o substitutivo apresentado na Comiss\u00e3o de Direitos Humanos (CDH) ampliou o direcionamento do programa, incluindo tamb\u00e9m pais e respons\u00e1veis legais A Comiss\u00e3o de Assuntos Sociais (CAS) do Senado aprovou, nesta quarta-feira (12\/11), o projeto que cria o programa Cuidando de Quem Cuida, destinado a oferecer suporte integral [&hellip;]<\/p>\n","protected":false},"author":134,"featured_media":1506,"comment_status":"open","ping_status":"open","sticky":false,"template":"","format":"standard","meta":{"footnotes":""},"categories":[1],"tags":[],"class_list":["post-1505","post","type-post","status-publish","format-standard","has-post-thumbnail","hentry","category-sem-categoria"],"_links":{"self":[{"href":"https:\/\/blogs.correiobraziliense.com.br\/primeirainfancia\/wp-json\/wp\/v2\/posts\/1505","targetHints":{"allow":["GET"]}}],"collection":[{"href":"https:\/\/blogs.correiobraziliense.com.br\/primeirainfancia\/wp-json\/wp\/v2\/posts"}],"about":[{"href":"https:\/\/blogs.correiobraziliense.com.br\/primeirainfancia\/wp-json\/wp\/v2\/types\/post"}],"author":[{"embeddable":true,"href":"https:\/\/blogs.correiobraziliense.com.br\/primeirainfancia\/wp-json\/wp\/v2\/users\/134"}],"replies":[{"embeddable":true,"href":"https:\/\/blogs.correiobraziliense.com.br\/primeirainfancia\/wp-json\/wp\/v2\/comments?post=1505"}],"version-history":[{"count":6,"href":"https:\/\/blogs.correiobraziliense.com.br\/primeirainfancia\/wp-json\/wp\/v2\/posts\/1505\/revisions"}],"predecessor-version":[{"id":1513,"href":"https:\/\/blogs.correiobraziliense.com.br\/primeirainfancia\/wp-json\/wp\/v2\/posts\/1505\/revisions\/1513"}],"wp:featuredmedia":[{"embeddable":true,"href":"https:\/\/blogs.correiobraziliense.com.br\/primeirainfancia\/wp-json\/wp\/v2\/media\/1506"}],"wp:attachment":[{"href":"https:\/\/blogs.correiobraziliense.com.br\/primeirainfancia\/wp-json\/wp\/v2\/media?parent=1505"}],"wp:term":[{"taxonomy":"category","embeddable":true,"href":"https:\/\/blogs.correiobraziliense.com.br\/primeirainfancia\/wp-json\/wp\/v2\/categories?post=1505"},{"taxonomy":"post_tag","embeddable":true,"href":"https:\/\/blogs.correiobraziliense.com.br\/primeirainfancia\/wp-json\/wp\/v2\/tags?post=1505"}],"curies":[{"name":"wp","href":"https:\/\/api.w.org\/{rel}","templated":true}]}}