{"id":1425,"date":"2024-01-12T17:04:54","date_gmt":"2024-01-12T17:04:54","guid":{"rendered":"https:\/\/blogs.correiobraziliense.com.br\/primeirainfancia\/?p=1425"},"modified":"2024-01-12T17:04:54","modified_gmt":"2024-01-12T17:04:54","slug":"leia-com-uma-crianca-distribuira-um-milhao-de-livros-para-creches-e-pre-escolas-no-centro-oeste-e-norte","status":"publish","type":"post","link":"https:\/\/blogs.correiobraziliense.com.br\/primeirainfancia\/2024\/01\/12\/leia-com-uma-crianca-distribuira-um-milhao-de-livros-para-creches-e-pre-escolas-no-centro-oeste-e-norte\/","title":{"rendered":"\u201cLeia com uma crian\u00e7a\u201d distribuir\u00e1 um milh\u00e3o de livros para creches e pr\u00e9-escolas no Centro-Oeste e Norte"},"content":{"rendered":"<p>A edi\u00e7\u00e3o deste ano do \u201cLeia com uma crian\u00e7a\u201d, realizada pelo Ita\u00fa Social, distribuir\u00e1 gratuitamente um milh\u00e3o de livros para turmas de creches e pr\u00e9-escolas das redes municipais de ensino do Distrito Federal e de munic\u00edpios das regi\u00f5es Centro-Oeste e Norte do Brasil. Cada turma receber\u00e1 uma cole\u00e7\u00e3o com dez t\u00edtulos de literatura para crian\u00e7as. As secretarias municipais de Educa\u00e7\u00e3o ficar\u00e3o respons\u00e1veis por acompanhar o recebimento em seu endere\u00e7o e por distribuir as cole\u00e7\u00f5es para as institui\u00e7\u00f5es de educa\u00e7\u00e3o infantil, de acordo com o n\u00famero de turmas em cada uma delas. A distribui\u00e7\u00e3o vai priorizar o acesso \u00e0 literatura de qualidade em localidades de dif\u00edcil acesso a livros de literatura.<\/p>\n<p>Como revela a Avalia\u00e7\u00e3o da Qualidade da Educa\u00e7\u00e3o Infantil: um retrato p\u00f3s-BNCC, 39% das turmas de creches e pr\u00e9-escolas nos munic\u00edpios ouvidos n\u00e3o implementaram atividades de leitura e escrita na rotina com as crian\u00e7as. Momentos de leitura de livros de hist\u00f3ria foram oferecidos pelos professores em apenas 27% das turmas analisadas, enquanto em mais da metade delas (55%) isso sequer \u00e9 observado. A pesquisa foi realizada com o apoio do Ita\u00fa Social pela FMCSV (Funda\u00e7\u00e3o Maria Cecilia Souto Vidigal), em parceria com o LEPES (Laborat\u00f3rio de Estudos e Pesquisas em Economia Social) da Universidade de S\u00e3o Paulo e o Movimento Bem Maior.<\/p>\n<p>O Leia com uma crian\u00e7a direciona esfor\u00e7os para a sensibiliza\u00e7\u00e3o e a forma\u00e7\u00e3o de professores e professoras, por meio da oferta de diversos conte\u00fados sobre leitura, literatura e media\u00e7\u00e3o na p\u00e1gina da iniciativa (itausocial.org.br\/leiacomumacrianca), al\u00e9m de cursos autoformativos no Polo (polo.org.br), o ambiente virtual de aprendizagem do Ita\u00fa Social.<\/p>\n<p>O Leia com uma crian\u00e7a disponibiliza ainda, de forma gratuita e on-line, um acervo com 22 obras em vers\u00f5es audiovisuais acess\u00edveis voltadas para o p\u00fablico com defici\u00eancia.<\/p>\n<p><strong>Sobre os livros distribu\u00eddos<\/strong><\/p>\n<p>Os dez t\u00edtulos disponibilizados nesta edi\u00e7\u00e3o foram selecionados por meio de processos estruturados que envolveram v\u00e1rias etapas, entre elas a confer\u00eancia dos crit\u00e9rios t\u00e9cnicos (tem\u00e1tica abordada na hist\u00f3ria, caracter\u00edsticas liter\u00e1rias do texto, qualidade do projeto gr\u00e1fico e autoria); a possibilidade de intera\u00e7\u00e3o de adultos e crian\u00e7as com os livros, com a ajuda de uma experi\u00eancia sensorial com fam\u00edlias de todas as regi\u00f5es do pa\u00eds; e a avalia\u00e7\u00e3o de especialistas e de mediadores de leitura.<\/p>\n","protected":false},"excerpt":{"rendered":"<p>A edi\u00e7\u00e3o deste ano do \u201cLeia com uma crian\u00e7a\u201d, realizada pelo Ita\u00fa Social, distribuir\u00e1 gratuitamente um milh\u00e3o de livros para turmas de creches e pr\u00e9-escolas das redes municipais de ensino do Distrito Federal e de munic\u00edpios das regi\u00f5es Centro-Oeste e Norte do Brasil. Cada turma receber\u00e1 uma cole\u00e7\u00e3o com dez t\u00edtulos de literatura para crian\u00e7as. As secretarias municipais de Educa\u00e7\u00e3o [&hellip;]<\/p>\n","protected":false},"author":148,"featured_media":1426,"comment_status":"open","ping_status":"open","sticky":false,"template":"","format":"standard","meta":{"footnotes":""},"categories":[1],"tags":[],"class_list":["post-1425","post","type-post","status-publish","format-standard","has-post-thumbnail","hentry","category-sem-categoria"],"_links":{"self":[{"href":"https:\/\/blogs.correiobraziliense.com.br\/primeirainfancia\/wp-json\/wp\/v2\/posts\/1425","targetHints":{"allow":["GET"]}}],"collection":[{"href":"https:\/\/blogs.correiobraziliense.com.br\/primeirainfancia\/wp-json\/wp\/v2\/posts"}],"about":[{"href":"https:\/\/blogs.correiobraziliense.com.br\/primeirainfancia\/wp-json\/wp\/v2\/types\/post"}],"author":[{"embeddable":true,"href":"https:\/\/blogs.correiobraziliense.com.br\/primeirainfancia\/wp-json\/wp\/v2\/users\/148"}],"replies":[{"embeddable":true,"href":"https:\/\/blogs.correiobraziliense.com.br\/primeirainfancia\/wp-json\/wp\/v2\/comments?post=1425"}],"version-history":[{"count":1,"href":"https:\/\/blogs.correiobraziliense.com.br\/primeirainfancia\/wp-json\/wp\/v2\/posts\/1425\/revisions"}],"predecessor-version":[{"id":1427,"href":"https:\/\/blogs.correiobraziliense.com.br\/primeirainfancia\/wp-json\/wp\/v2\/posts\/1425\/revisions\/1427"}],"wp:featuredmedia":[{"embeddable":true,"href":"https:\/\/blogs.correiobraziliense.com.br\/primeirainfancia\/wp-json\/wp\/v2\/media\/1426"}],"wp:attachment":[{"href":"https:\/\/blogs.correiobraziliense.com.br\/primeirainfancia\/wp-json\/wp\/v2\/media?parent=1425"}],"wp:term":[{"taxonomy":"category","embeddable":true,"href":"https:\/\/blogs.correiobraziliense.com.br\/primeirainfancia\/wp-json\/wp\/v2\/categories?post=1425"},{"taxonomy":"post_tag","embeddable":true,"href":"https:\/\/blogs.correiobraziliense.com.br\/primeirainfancia\/wp-json\/wp\/v2\/tags?post=1425"}],"curies":[{"name":"wp","href":"https:\/\/api.w.org\/{rel}","templated":true}]}}