{"id":1416,"date":"2023-12-08T23:56:34","date_gmt":"2023-12-08T23:56:34","guid":{"rendered":"https:\/\/blogs.correiobraziliense.com.br\/primeirainfancia\/?p=1416"},"modified":"2023-12-09T02:03:04","modified_gmt":"2023-12-09T02:03:04","slug":"avo-cria-livro-com-perolas-ditas-pelo-neto-de-cinco-anos","status":"publish","type":"post","link":"https:\/\/blogs.correiobraziliense.com.br\/primeirainfancia\/2023\/12\/08\/avo-cria-livro-com-perolas-ditas-pelo-neto-de-cinco-anos\/","title":{"rendered":"Av\u00f4 cria livro com p\u00e9rolas ditas pelo neto de cinco anos"},"content":{"rendered":"<p>Jos\u00e9 Cruz \u00e9 jornalista e av\u00f4 de um garoto sapeca\u00a0\u2014 foi assim que decidiu o descrever em <em>Era uma vez um garoto sapeca: historinhas do Jo\u00e3o Lucas.<\/em> O livro re\u00fane p\u00e9rolas ditas pelo menino de cinco anos no dia a dia, que foram transformadas pelo av\u00f4 em 14 cr\u00f4nicas de 100 palavras cada. A ideia de Cruz era preservar, para que Jo\u00e3o e familiares pudessem ler no futuro, suas falas inusitadas, t\u00edpicas de crian\u00e7as pequenas, e que, apesar dos pais jurarem que n\u00e3o, acabam esquecidas depois de um tempo.<\/p>\n<p>&#8220;Eu sempre levo e busco o Jo\u00e3o Lucas na escola e, nesse trajeto, vamos conversando. A \u00faltima dele foi falar que eu era seu Uber. A\u00ed eu inventei que estava ligando na central da empresa pra confirmar que j\u00e1 tinha buscado o aluno, mas o telefonista era um velhote surdo que entendia tudo errado. Eu falava: peguei o garoto na escola! E repetia pra ele ouvir a resposta do suposto velhinho: joguei o pitoco na sacola?&#8221;, lembra Cruz. A brincadeira acabou virando &#8220;O velho surdo&#8221;, uma das hist\u00f3rias do livro.<\/p>\n<figure id=\"attachment_1418\" aria-describedby=\"caption-attachment-1418\" style=\"width: 282px\" class=\"wp-caption alignnone\"><img loading=\"lazy\" decoding=\"async\" class=\"size-medium wp-image-1418\" src=\"https:\/\/blogs.correiobraziliense.com.br\/primeirainfancia\/wp-content\/uploads\/sites\/49\/2023\/12\/WhatsApp-Image-2023-12-08-at-15.24.51-282x300.jpeg\" alt=\"\" width=\"282\" height=\"300\" srcset=\"https:\/\/blogs.correiobraziliense.com.br\/primeirainfancia\/wp-content\/uploads\/sites\/49\/2023\/12\/WhatsApp-Image-2023-12-08-at-15.24.51-282x300.jpeg 282w, https:\/\/blogs.correiobraziliense.com.br\/primeirainfancia\/wp-content\/uploads\/sites\/49\/2023\/12\/WhatsApp-Image-2023-12-08-at-15.24.51-768x818.jpeg 768w, https:\/\/blogs.correiobraziliense.com.br\/primeirainfancia\/wp-content\/uploads\/sites\/49\/2023\/12\/WhatsApp-Image-2023-12-08-at-15.24.51-962x1024.jpeg 962w, https:\/\/blogs.correiobraziliense.com.br\/primeirainfancia\/wp-content\/uploads\/sites\/49\/2023\/12\/WhatsApp-Image-2023-12-08-at-15.24.51-1440x1533.jpeg 1440w, https:\/\/blogs.correiobraziliense.com.br\/primeirainfancia\/wp-content\/uploads\/sites\/49\/2023\/12\/WhatsApp-Image-2023-12-08-at-15.24.51-800x852.jpeg 800w, https:\/\/blogs.correiobraziliense.com.br\/primeirainfancia\/wp-content\/uploads\/sites\/49\/2023\/12\/WhatsApp-Image-2023-12-08-at-15.24.51-550x586.jpeg 550w, https:\/\/blogs.correiobraziliense.com.br\/primeirainfancia\/wp-content\/uploads\/sites\/49\/2023\/12\/WhatsApp-Image-2023-12-08-at-15.24.51-230x245.jpeg 230w, https:\/\/blogs.correiobraziliense.com.br\/primeirainfancia\/wp-content\/uploads\/sites\/49\/2023\/12\/WhatsApp-Image-2023-12-08-at-15.24.51.jpeg 1502w\" sizes=\"auto, (max-width: 282px) 100vw, 282px\" \/><figcaption id=\"caption-attachment-1418\" class=\"wp-caption-text\">Jo\u00e3o Lucas e o av\u00f4: brincadeiras que viraram hist\u00f3rias. Cr\u00e9dito: Arquivo pessoal<\/figcaption><\/figure>\n<p>Al\u00e9m de registrar mem\u00f3rias de divers\u00e3o e carinho entre av\u00f4 e neto, o jornalista escreveu hist\u00f3rias de Jo\u00e3o vividas com a m\u00e3e, o pai, outros av\u00f3s e at\u00e9 com a professora.\u00a0Cruz imprimiu 100 c\u00f3pias do livro, que foi ilustrado com uso de aplicativos de intelig\u00eancia artificial a partir de fotos da fam\u00edlia, e pretende entreg\u00e1-las na festa de anivers\u00e1rio do garoto, neste domingo (10\/12). &#8220;Ele j\u00e1 deu uma folheada de antem\u00e3o e me disse: ficou bom, vov\u00f4&#8221;, conta.<\/p>\n","protected":false},"excerpt":{"rendered":"<p>Jos\u00e9 Cruz \u00e9 jornalista e av\u00f4 de um garoto sapeca\u00a0\u2014 foi assim que decidiu o descrever em Era uma vez um garoto sapeca: historinhas do Jo\u00e3o Lucas. O livro re\u00fane p\u00e9rolas ditas pelo menino de cinco anos no dia a dia, que foram transformadas pelo av\u00f4 em 14 cr\u00f4nicas de 100 palavras cada. A ideia de Cruz era preservar, para [&hellip;]<\/p>\n","protected":false},"author":148,"featured_media":1417,"comment_status":"open","ping_status":"open","sticky":false,"template":"","format":"standard","meta":{"footnotes":""},"categories":[1],"tags":[],"class_list":["post-1416","post","type-post","status-publish","format-standard","has-post-thumbnail","hentry","category-sem-categoria"],"_links":{"self":[{"href":"https:\/\/blogs.correiobraziliense.com.br\/primeirainfancia\/wp-json\/wp\/v2\/posts\/1416","targetHints":{"allow":["GET"]}}],"collection":[{"href":"https:\/\/blogs.correiobraziliense.com.br\/primeirainfancia\/wp-json\/wp\/v2\/posts"}],"about":[{"href":"https:\/\/blogs.correiobraziliense.com.br\/primeirainfancia\/wp-json\/wp\/v2\/types\/post"}],"author":[{"embeddable":true,"href":"https:\/\/blogs.correiobraziliense.com.br\/primeirainfancia\/wp-json\/wp\/v2\/users\/148"}],"replies":[{"embeddable":true,"href":"https:\/\/blogs.correiobraziliense.com.br\/primeirainfancia\/wp-json\/wp\/v2\/comments?post=1416"}],"version-history":[{"count":3,"href":"https:\/\/blogs.correiobraziliense.com.br\/primeirainfancia\/wp-json\/wp\/v2\/posts\/1416\/revisions"}],"predecessor-version":[{"id":1422,"href":"https:\/\/blogs.correiobraziliense.com.br\/primeirainfancia\/wp-json\/wp\/v2\/posts\/1416\/revisions\/1422"}],"wp:featuredmedia":[{"embeddable":true,"href":"https:\/\/blogs.correiobraziliense.com.br\/primeirainfancia\/wp-json\/wp\/v2\/media\/1417"}],"wp:attachment":[{"href":"https:\/\/blogs.correiobraziliense.com.br\/primeirainfancia\/wp-json\/wp\/v2\/media?parent=1416"}],"wp:term":[{"taxonomy":"category","embeddable":true,"href":"https:\/\/blogs.correiobraziliense.com.br\/primeirainfancia\/wp-json\/wp\/v2\/categories?post=1416"},{"taxonomy":"post_tag","embeddable":true,"href":"https:\/\/blogs.correiobraziliense.com.br\/primeirainfancia\/wp-json\/wp\/v2\/tags?post=1416"}],"curies":[{"name":"wp","href":"https:\/\/api.w.org\/{rel}","templated":true}]}}