{"id":1413,"date":"2023-12-01T18:47:38","date_gmt":"2023-12-01T18:47:38","guid":{"rendered":"https:\/\/blogs.correiobraziliense.com.br\/primeirainfancia\/?p=1413"},"modified":"2023-12-01T18:53:17","modified_gmt":"2023-12-01T18:53:17","slug":"governo-realiza-consulta-publica-sobre-uso-de-telas-por-criancas","status":"publish","type":"post","link":"https:\/\/blogs.correiobraziliense.com.br\/primeirainfancia\/2023\/12\/01\/governo-realiza-consulta-publica-sobre-uso-de-telas-por-criancas\/","title":{"rendered":"Governo realiza consulta p\u00fablica sobre uso de telas por crian\u00e7as"},"content":{"rendered":"<p>Crian\u00e7as e adolescentes est\u00e3o passando tempo demais em telas de celulares, tablets e televisores? Quais consequ\u00eancias est\u00e3o associadas a esse comportamento? Como promover o uso da tecnologia de modo a aproveitar todo seu potencial, ao mesmo tempo em que cuidamos do desenvolvimento neurol\u00f3gico, da sa\u00fade mental e da constru\u00e7\u00e3o de rela\u00e7\u00f5es sociais significativas nas novas gera\u00e7\u00f5es?<\/p>\n<p>Para responder essas quest\u00f5es, o Governo Federal, em parceria com representantes da academia e da sociedade civil, lan\u00e7ou em outubro a consulta p\u00fablica sobre uso de telas e dispositivos digitais por crian\u00e7as e adolescentes, que vai receber contribui\u00e7\u00f5es at\u00e9 7 de janeiro de 2024.<\/p>\n<p>Em pauta est\u00e1 o uso de telas por crian\u00e7as e adolescentes, com olhar para seus riscos, benef\u00edcios e desafios para a utiliza\u00e7\u00e3o da tecnologia de forma saud\u00e1vel e positiva. As contribui\u00e7\u00f5es ir\u00e3o embasar a elabora\u00e7\u00e3o de um guia orientativo para familiares, educadores, profissionais da sa\u00fade e assist\u00eancia e \u00e0 sociedade em geral, com ferramentas para lidar com a complexa rela\u00e7\u00e3o da inf\u00e2ncia e adolesc\u00eancia com o mundo digital.<\/p>\n<p>Os interessados podem enviar suas contribui\u00e7\u00f5es por meio da plataforma <a href=\"https:\/\/www.gov.br\/participamaisbrasil\/uso-de-telas-por-criancas-e-adolescentes\">Participa + Brasil<\/a>.<\/p>\n<p>A iniciativa \u00e9 conjunta da Secretaria de Pol\u00edticas Digitais da Secom e dos minist\u00e9rios da Sa\u00fade, da Educa\u00e7\u00e3o, da Justi\u00e7a e Seguran\u00e7a P\u00fablica, dos Direitos Humanos e da Cidadania e do Desenvolvimento e Assist\u00eancia Social, Fam\u00edlia e Combate \u00e0 Fome.<\/p>\n","protected":false},"excerpt":{"rendered":"<p>Crian\u00e7as e adolescentes est\u00e3o passando tempo demais em telas de celulares, tablets e televisores? Quais consequ\u00eancias est\u00e3o associadas a esse comportamento? Como promover o uso da tecnologia de modo a aproveitar todo seu potencial, ao mesmo tempo em que cuidamos do desenvolvimento neurol\u00f3gico, da sa\u00fade mental e da constru\u00e7\u00e3o de rela\u00e7\u00f5es sociais significativas nas novas gera\u00e7\u00f5es? Para responder essas quest\u00f5es, [&hellip;]<\/p>\n","protected":false},"author":148,"featured_media":1414,"comment_status":"open","ping_status":"open","sticky":false,"template":"","format":"standard","meta":{"footnotes":""},"categories":[1],"tags":[],"class_list":["post-1413","post","type-post","status-publish","format-standard","has-post-thumbnail","hentry","category-sem-categoria"],"_links":{"self":[{"href":"https:\/\/blogs.correiobraziliense.com.br\/primeirainfancia\/wp-json\/wp\/v2\/posts\/1413","targetHints":{"allow":["GET"]}}],"collection":[{"href":"https:\/\/blogs.correiobraziliense.com.br\/primeirainfancia\/wp-json\/wp\/v2\/posts"}],"about":[{"href":"https:\/\/blogs.correiobraziliense.com.br\/primeirainfancia\/wp-json\/wp\/v2\/types\/post"}],"author":[{"embeddable":true,"href":"https:\/\/blogs.correiobraziliense.com.br\/primeirainfancia\/wp-json\/wp\/v2\/users\/148"}],"replies":[{"embeddable":true,"href":"https:\/\/blogs.correiobraziliense.com.br\/primeirainfancia\/wp-json\/wp\/v2\/comments?post=1413"}],"version-history":[{"count":1,"href":"https:\/\/blogs.correiobraziliense.com.br\/primeirainfancia\/wp-json\/wp\/v2\/posts\/1413\/revisions"}],"predecessor-version":[{"id":1415,"href":"https:\/\/blogs.correiobraziliense.com.br\/primeirainfancia\/wp-json\/wp\/v2\/posts\/1413\/revisions\/1415"}],"wp:featuredmedia":[{"embeddable":true,"href":"https:\/\/blogs.correiobraziliense.com.br\/primeirainfancia\/wp-json\/wp\/v2\/media\/1414"}],"wp:attachment":[{"href":"https:\/\/blogs.correiobraziliense.com.br\/primeirainfancia\/wp-json\/wp\/v2\/media?parent=1413"}],"wp:term":[{"taxonomy":"category","embeddable":true,"href":"https:\/\/blogs.correiobraziliense.com.br\/primeirainfancia\/wp-json\/wp\/v2\/categories?post=1413"},{"taxonomy":"post_tag","embeddable":true,"href":"https:\/\/blogs.correiobraziliense.com.br\/primeirainfancia\/wp-json\/wp\/v2\/tags?post=1413"}],"curies":[{"name":"wp","href":"https:\/\/api.w.org\/{rel}","templated":true}]}}