{"id":1406,"date":"2023-11-27T20:48:11","date_gmt":"2023-11-27T20:48:11","guid":{"rendered":"https:\/\/blogs.correiobraziliense.com.br\/primeirainfancia\/?p=1406"},"modified":"2023-11-27T20:55:10","modified_gmt":"2023-11-27T20:55:10","slug":"festival-apresenta-cineconcertos-para-criancas-pequenas","status":"publish","type":"post","link":"https:\/\/blogs.correiobraziliense.com.br\/primeirainfancia\/2023\/11\/27\/festival-apresenta-cineconcertos-para-criancas-pequenas\/","title":{"rendered":"Festival apresenta cineconcertos para crian\u00e7as pequenas"},"content":{"rendered":"<figure id=\"attachment_1407\" aria-describedby=\"caption-attachment-1407\" style=\"width: 1024px\" class=\"wp-caption alignnone\"><img loading=\"lazy\" decoding=\"async\" class=\"wp-image-1407 size-large\" src=\"https:\/\/blogs.correiobraziliense.com.br\/primeirainfancia\/wp-content\/uploads\/sites\/49\/2023\/11\/53334039195_fe36362364_k-1024x683.jpg\" alt=\"\" width=\"1024\" height=\"683\" srcset=\"https:\/\/blogs.correiobraziliense.com.br\/primeirainfancia\/wp-content\/uploads\/sites\/49\/2023\/11\/53334039195_fe36362364_k-1024x683.jpg 1024w, https:\/\/blogs.correiobraziliense.com.br\/primeirainfancia\/wp-content\/uploads\/sites\/49\/2023\/11\/53334039195_fe36362364_k-300x200.jpg 300w, https:\/\/blogs.correiobraziliense.com.br\/primeirainfancia\/wp-content\/uploads\/sites\/49\/2023\/11\/53334039195_fe36362364_k-768x512.jpg 768w, https:\/\/blogs.correiobraziliense.com.br\/primeirainfancia\/wp-content\/uploads\/sites\/49\/2023\/11\/53334039195_fe36362364_k-1440x960.jpg 1440w, https:\/\/blogs.correiobraziliense.com.br\/primeirainfancia\/wp-content\/uploads\/sites\/49\/2023\/11\/53334039195_fe36362364_k-800x533.jpg 800w, https:\/\/blogs.correiobraziliense.com.br\/primeirainfancia\/wp-content\/uploads\/sites\/49\/2023\/11\/53334039195_fe36362364_k-550x367.jpg 550w, https:\/\/blogs.correiobraziliense.com.br\/primeirainfancia\/wp-content\/uploads\/sites\/49\/2023\/11\/53334039195_fe36362364_k-230x153.jpg 230w, https:\/\/blogs.correiobraziliense.com.br\/primeirainfancia\/wp-content\/uploads\/sites\/49\/2023\/11\/53334039195_fe36362364_k.jpg 1920w\" sizes=\"auto, (max-width: 1024px) 100vw, 1024px\" \/><figcaption id=\"caption-attachment-1407\" class=\"wp-caption-text\">T\u00d4 NO CINEMINHA exibe filmes para crian\u00e7as de at\u00e9 5 anos com trilha sonora ao vivo. Cr\u00e9dito: Divulga\u00e7\u00e3o\/Objeto Sim<\/figcaption><\/figure>\n<p>Entre 12 e 14 dezembro, o T\u00d4 NO CINEMINHA faz sua estreia nacional na Caixa Cultural Bras\u00edlia. Projeto in\u00e9dito na Am\u00e9rica Latina, o festival se prop\u00f5e a acompanhar beb\u00eas e crian\u00e7as pequenas nas suas primeiras emo\u00e7\u00f5es com a s\u00e9tima arte. A iniciativa re\u00fane m\u00fasica e cinema com foco no p\u00fablico de 18 meses a 5 anos de idade. O programa, todo gratuito, inclui tr\u00eas cineconcertos internacionais em cinco apresenta\u00e7\u00f5es\u00a0&#8211; com sess\u00f5es pela manh\u00e3 e de tarde &#8211; oficina para crian\u00e7as e\u00a0um espa\u00e7o ambientado para brincadeiras e jogos.<\/p>\n<p>Na programa\u00e7\u00e3o, est\u00e3o curtas de anima\u00e7\u00e3o de diferentes nacionalidades, como Rep\u00fablica Tcheca, Alemanha, Let\u00f4nia, Fran\u00e7a, R\u00fassia, Su\u00ed\u00e7a, Estados Unidos, Reino Unido e Pa\u00edses Baixos, que s\u00e3o exibidos com trilha sonora executada ao vivo no palco. Logo ap\u00f3s cada apresenta\u00e7\u00e3o, as fam\u00edlias s\u00e3o convidadas a brincar e interagir, no hall do teatro da Caixa Cultural Bras\u00edlia, com atividades l\u00fadicas e surpresas especialmente pensadas para os pequenos.<\/p>\n<p>A programa\u00e7\u00e3o inclui ainda a oficina &#8220;A Descoberta dos Sons&#8221;, com experimenta\u00e7\u00e3o de instrumentos, especialmente dirigida a crian\u00e7as entre 3 e 5 anos de idade.\u00a0A cantora e compositora brasiliense Ana Reis far\u00e1 uma participa\u00e7\u00e3o especial durante as sess\u00f5es do espet\u00e1culo &#8220;1001 Cores&#8221;.<\/p>\n<p><strong>PROGRAMA\u00c7\u00c3O<\/strong><\/p>\n<p><strong>Ter\u00e7a-feira, 12\/12<\/strong><\/p>\n<p>9h30 &#8211; Cineconcerto 1001 Cores (1001 Couleurs)<\/p>\n<p>Sess\u00e3o com acessibilidade: LIBRAS<\/p>\n<p>15h30 &#8211; Cineconcerto O Clar\u00e3o da Lua (Clair de Lune)<\/p>\n<p>17h &#8211; Masterclass Composi\u00e7\u00e3o de Trilhas Sonoras e Cineconcertos para Primeira Inf\u00e2ncia<\/p>\n<p><strong>Quarta-feira, 13\/12<\/strong><\/p>\n<p>9h30 &#8211; O Clar\u00e3o da Lua (Clair de Lune)<\/p>\n<p>15h30 &#8211; M\u00e1quina dos Sonhos (Machines \u00e0 R\u00eaves)<\/p>\n<p><strong>Quinta-feira, 14\/12<\/strong><\/p>\n<p>14h &#8211; Oficina A Descoberta dos Sons<\/p>\n<p>15h30 &#8211; 1001 Cores (1001 Couleurs)<\/p>\n<p>Para mais informa\u00e7\u00f5es sobre os filmes e atividades:\u00a0<a href=\"http:\/\/www.tonocineminha.com.br\">www.tonocineminha.com.br<\/a><\/p>\n","protected":false},"excerpt":{"rendered":"<p>Entre 12 e 14 dezembro, o T\u00d4 NO CINEMINHA faz sua estreia nacional na Caixa Cultural Bras\u00edlia. Projeto in\u00e9dito na Am\u00e9rica Latina, o festival se prop\u00f5e a acompanhar beb\u00eas e crian\u00e7as pequenas nas suas primeiras emo\u00e7\u00f5es com a s\u00e9tima arte. A iniciativa re\u00fane m\u00fasica e cinema com foco no p\u00fablico de 18 meses a 5 anos de idade. O programa, [&hellip;]<\/p>\n","protected":false},"author":148,"featured_media":1407,"comment_status":"open","ping_status":"open","sticky":false,"template":"","format":"standard","meta":{"footnotes":""},"categories":[1],"tags":[314,2,315],"class_list":["post-1406","post","type-post","status-publish","format-standard","has-post-thumbnail","hentry","category-sem-categoria","tag-festival-de-cinema","tag-primeira-infancia","tag-to-no-cineminha"],"_links":{"self":[{"href":"https:\/\/blogs.correiobraziliense.com.br\/primeirainfancia\/wp-json\/wp\/v2\/posts\/1406","targetHints":{"allow":["GET"]}}],"collection":[{"href":"https:\/\/blogs.correiobraziliense.com.br\/primeirainfancia\/wp-json\/wp\/v2\/posts"}],"about":[{"href":"https:\/\/blogs.correiobraziliense.com.br\/primeirainfancia\/wp-json\/wp\/v2\/types\/post"}],"author":[{"embeddable":true,"href":"https:\/\/blogs.correiobraziliense.com.br\/primeirainfancia\/wp-json\/wp\/v2\/users\/148"}],"replies":[{"embeddable":true,"href":"https:\/\/blogs.correiobraziliense.com.br\/primeirainfancia\/wp-json\/wp\/v2\/comments?post=1406"}],"version-history":[{"count":4,"href":"https:\/\/blogs.correiobraziliense.com.br\/primeirainfancia\/wp-json\/wp\/v2\/posts\/1406\/revisions"}],"predecessor-version":[{"id":1411,"href":"https:\/\/blogs.correiobraziliense.com.br\/primeirainfancia\/wp-json\/wp\/v2\/posts\/1406\/revisions\/1411"}],"wp:featuredmedia":[{"embeddable":true,"href":"https:\/\/blogs.correiobraziliense.com.br\/primeirainfancia\/wp-json\/wp\/v2\/media\/1407"}],"wp:attachment":[{"href":"https:\/\/blogs.correiobraziliense.com.br\/primeirainfancia\/wp-json\/wp\/v2\/media?parent=1406"}],"wp:term":[{"taxonomy":"category","embeddable":true,"href":"https:\/\/blogs.correiobraziliense.com.br\/primeirainfancia\/wp-json\/wp\/v2\/categories?post=1406"},{"taxonomy":"post_tag","embeddable":true,"href":"https:\/\/blogs.correiobraziliense.com.br\/primeirainfancia\/wp-json\/wp\/v2\/tags?post=1406"}],"curies":[{"name":"wp","href":"https:\/\/api.w.org\/{rel}","templated":true}]}}