{"id":1354,"date":"2021-02-19T00:55:27","date_gmt":"2021-02-19T00:55:27","guid":{"rendered":"https:\/\/blogs.correiobraziliense.com.br\/primeirainfancia\/?p=1354"},"modified":"2021-02-19T00:55:27","modified_gmt":"2021-02-19T00:55:27","slug":"musical-como-e-que-se-brinca-tera-apresentacoes-on-line-gratuitas","status":"publish","type":"post","link":"https:\/\/blogs.correiobraziliense.com.br\/primeirainfancia\/2021\/02\/19\/musical-como-e-que-se-brinca-tera-apresentacoes-on-line-gratuitas\/","title":{"rendered":"Musical &#8216;Como \u00e9 que se brinca?&#8217; ter\u00e1 apresenta\u00e7\u00f5es on-line gratuitas"},"content":{"rendered":"<p>Com sess\u00f5es em 20, 27 e 28 de fevereiro, o espet\u00e1culo infantil traz m\u00fasicas de Toquinho e reflete sobre diferentes maneiras de se divertir<\/p>\n<figure id=\"attachment_1355\" aria-describedby=\"caption-attachment-1355\" style=\"width: 750px\" class=\"wp-caption aligncenter\"><img loading=\"lazy\" decoding=\"async\" class=\"size-full wp-image-1355\" src=\"https:\/\/blogs.correiobraziliense.com.br\/primeirainfancia\/wp-content\/uploads\/sites\/49\/2021\/02\/1-1.jpeg\" alt=\"\" width=\"750\" height=\"500\" srcset=\"https:\/\/blogs.correiobraziliense.com.br\/primeirainfancia\/wp-content\/uploads\/sites\/49\/2021\/02\/1-1.jpeg 750w, https:\/\/blogs.correiobraziliense.com.br\/primeirainfancia\/wp-content\/uploads\/sites\/49\/2021\/02\/1-1-300x200.jpeg 300w, https:\/\/blogs.correiobraziliense.com.br\/primeirainfancia\/wp-content\/uploads\/sites\/49\/2021\/02\/1-1-550x367.jpeg 550w, https:\/\/blogs.correiobraziliense.com.br\/primeirainfancia\/wp-content\/uploads\/sites\/49\/2021\/02\/1-1-230x153.jpeg 230w\" sizes=\"auto, (max-width: 750px) 100vw, 750px\" \/><figcaption id=\"caption-attachment-1355\" class=\"wp-caption-text\">Polyana Hadich, fot\u00f3grafa oficial da pe\u00e7a<\/figcaption><\/figure>\n<p>O espet\u00e1culo infantil Como \u00e9 que se brinca? come\u00e7a a ser apresentado no s\u00e1bado (20\/2) e ter\u00e1 ainda sess\u00f5es em 27 e 28 de fevereiro de forma gratuita pelo <a href=\"https:\/\/www.youtube.com\/channel\/UCaDLLbVn470pY9mjcPE9Qzg\">canal Bravo Teatro Musical no YouTube<\/a>\u00a0e pela plataforma Zoom. Ser\u00e3o duas apresenta\u00e7\u00f5es por dia, \u00e0s 17h e \u00e0s 19h30.<\/p>\n<p>Com trilha sonora de Toquinho, Mutinho, Fernando Faro e Jo\u00e3o Carlos Pecci cantada ao vivo, a obra mostra diferentes formas de se divertir e resgata brincadeiras antigas.<\/p>\n<p>Na trama, os irm\u00e3os Nina (Helena Hadich Roble) e Joca (Guga Ghiraldello) ficam o tempo inteiro nos celulares. At\u00e9 que, em uma visita aos av\u00f3s Inha (Juliana Palermo) e Inho (Caio Dias), a energia acaba e os idosos aproveitam para mostrar para as crian\u00e7as os brinquedos que foram da m\u00e3e deles e contar hist\u00f3rias.<\/p>\n<p>Os quatro vivem momentos divertidos juntos e acabam por dormir abra\u00e7ados aos brinquedos no fim do dia.<\/p>\n<p>A obra \u00e9 livre para toda a fam\u00edlia e traz em cena brinquedos de antigamente e m\u00fasicas de grande sucesso nos anos 1980 e 1990. Ap\u00f3s o musical, a conversa do p\u00fablico com a equipe respons\u00e1vel segue pela plataforma Zoom.<\/p>\n<p>Com roteiro de dire\u00e7\u00e3o de Juliana Hilal, o musical \u00e9 transmitido diretamente da sede do Espa\u00e7o Paiol de Arte e Cultura, em Campinas (SP). O espet\u00e1culo \u00e9 produzido com recursos da Lei Aldir Blanc, medida de financiamento emergencial para o setor de cultura institu\u00edda em junho de 2020.<\/p>\n<p>A realiza\u00e7\u00e3o \u00e9 de Minist\u00e9rio do Turismo, Secretaria Especial da Cultura e Governo do Estado de S\u00e3o Paulo, por meio da Secretaria de Cultura e Economia Criativa, Bravo Teatro Musical, Paiol Produ\u00e7\u00f5es e Zumbido Cultural.<\/p>\n","protected":false},"excerpt":{"rendered":"<p>Com sess\u00f5es em 20, 27 e 28 de fevereiro, o espet\u00e1culo infantil traz m\u00fasicas de Toquinho e reflete sobre diferentes maneiras de se divertir O espet\u00e1culo infantil Como \u00e9 que se brinca? come\u00e7a a ser apresentado no s\u00e1bado (20\/2) e ter\u00e1 ainda sess\u00f5es em 27 e 28 de fevereiro de forma gratuita pelo canal Bravo Teatro Musical no YouTube\u00a0e pela [&hellip;]<\/p>\n","protected":false},"author":106,"featured_media":1355,"comment_status":"open","ping_status":"open","sticky":false,"template":"","format":"standard","meta":{"footnotes":""},"categories":[1],"tags":[304],"class_list":["post-1354","post","type-post","status-publish","format-standard","has-post-thumbnail","hentry","category-sem-categoria","tag-espetaculo-infantil"],"_links":{"self":[{"href":"https:\/\/blogs.correiobraziliense.com.br\/primeirainfancia\/wp-json\/wp\/v2\/posts\/1354","targetHints":{"allow":["GET"]}}],"collection":[{"href":"https:\/\/blogs.correiobraziliense.com.br\/primeirainfancia\/wp-json\/wp\/v2\/posts"}],"about":[{"href":"https:\/\/blogs.correiobraziliense.com.br\/primeirainfancia\/wp-json\/wp\/v2\/types\/post"}],"author":[{"embeddable":true,"href":"https:\/\/blogs.correiobraziliense.com.br\/primeirainfancia\/wp-json\/wp\/v2\/users\/106"}],"replies":[{"embeddable":true,"href":"https:\/\/blogs.correiobraziliense.com.br\/primeirainfancia\/wp-json\/wp\/v2\/comments?post=1354"}],"version-history":[{"count":1,"href":"https:\/\/blogs.correiobraziliense.com.br\/primeirainfancia\/wp-json\/wp\/v2\/posts\/1354\/revisions"}],"predecessor-version":[{"id":1356,"href":"https:\/\/blogs.correiobraziliense.com.br\/primeirainfancia\/wp-json\/wp\/v2\/posts\/1354\/revisions\/1356"}],"wp:featuredmedia":[{"embeddable":true,"href":"https:\/\/blogs.correiobraziliense.com.br\/primeirainfancia\/wp-json\/wp\/v2\/media\/1355"}],"wp:attachment":[{"href":"https:\/\/blogs.correiobraziliense.com.br\/primeirainfancia\/wp-json\/wp\/v2\/media?parent=1354"}],"wp:term":[{"taxonomy":"category","embeddable":true,"href":"https:\/\/blogs.correiobraziliense.com.br\/primeirainfancia\/wp-json\/wp\/v2\/categories?post=1354"},{"taxonomy":"post_tag","embeddable":true,"href":"https:\/\/blogs.correiobraziliense.com.br\/primeirainfancia\/wp-json\/wp\/v2\/tags?post=1354"}],"curies":[{"name":"wp","href":"https:\/\/api.w.org\/{rel}","templated":true}]}}