{"id":1346,"date":"2021-02-10T22:47:40","date_gmt":"2021-02-10T22:47:40","guid":{"rendered":"https:\/\/blogs.correiobraziliense.com.br\/primeirainfancia\/?p=1346"},"modified":"2021-02-10T22:47:40","modified_gmt":"2021-02-10T22:47:40","slug":"gravidez-na-adolescencia-cai-40-entre-2000-e-2016-no-df-aponta-codeplan","status":"publish","type":"post","link":"https:\/\/blogs.correiobraziliense.com.br\/primeirainfancia\/2021\/02\/10\/gravidez-na-adolescencia-cai-40-entre-2000-e-2016-no-df-aponta-codeplan\/","title":{"rendered":"Gravidez na adolesc\u00eancia cai 40% entre 2000 e 2016 no DF, aponta Codeplan"},"content":{"rendered":"<p>A maior propor\u00e7\u00e3o de m\u00e3es de 10 a 19 anos (22,03%) se localiza na Estrutural e a menor (0,86%) reside no Sudoeste\/Octogonal. 81% das m\u00e3es adolescentes s\u00e3o negras<\/p>\n<p><img loading=\"lazy\" decoding=\"async\" class=\"aligncenter size-full wp-image-1348\" src=\"https:\/\/blogs.correiobraziliense.com.br\/primeirainfancia\/wp-content\/uploads\/sites\/49\/2021\/02\/1-5.jpg\" alt=\"RODNAE Productions no Pexels\" width=\"750\" height=\"500\" srcset=\"https:\/\/blogs.correiobraziliense.com.br\/primeirainfancia\/wp-content\/uploads\/sites\/49\/2021\/02\/1-5.jpg 750w, https:\/\/blogs.correiobraziliense.com.br\/primeirainfancia\/wp-content\/uploads\/sites\/49\/2021\/02\/1-5-300x200.jpg 300w, https:\/\/blogs.correiobraziliense.com.br\/primeirainfancia\/wp-content\/uploads\/sites\/49\/2021\/02\/1-5-550x367.jpg 550w, https:\/\/blogs.correiobraziliense.com.br\/primeirainfancia\/wp-content\/uploads\/sites\/49\/2021\/02\/1-5-230x153.jpg 230w\" sizes=\"auto, (max-width: 750px) 100vw, 750px\" \/><\/p>\n<p>Pesquisa <a href=\"http:\/\/www.codeplan.df.gov.br\/wp-content\/uploads\/2018\/02\/Estudo-Gravidez-na-adolescencia-no-Distrito-Federal-uma-analise-de-2000-a-2016.pdf\">publicada pela Companhia de Planejamento do Distrito Federal (Codeplan) revela que a ocorr\u00eancia de gravidez na adolesc\u00eancia no DF caiu de 9.421, em 2000, para 5.266 em 2016, uma queda de mais de 40%.<\/a>\u00a0O estudo considera adolesc\u00eancia como a fase entre a inf\u00e2ncia e a vida adulta, de 10 a 19 anos, de acordo com a Organiza\u00e7\u00e3o Mundial de Sa\u00fade (OMS).<\/p>\n<p>Os n\u00fameros do DF s\u00e3o os mais baixos do pa\u00eds. Em 2018, a propor\u00e7\u00e3o de nascimentos do Distrito Federal, de 10,7%, foi a menor entre as unidades da Federa\u00e7\u00e3o e inferior \u00e0 m\u00e9dia nacional, de 15,5%.<\/p>\n<p>O estudo entende a gravidez na adolesc\u00eancia como um problema social de vulnerabilidade socioecon\u00f4mica a ser combatido com uma s\u00e9rie de medidas de car\u00e1ter educativo. Nesse sentido, o mapeamento da Codeplan identifica diferen\u00e7as significativas em rela\u00e7\u00e3o a etnia, renda e regi\u00e3o administrativa dessas m\u00e3es.<\/p>\n<p>Entre as m\u00e3es adolescentes, 81% eram negras e 69% n\u00e3o estavam no ensino formal. O percentual de acordo com a renda tamb\u00e9m foi expressivo: 75% das m\u00e3es apresentavam renda familiar per capita de at\u00e9 meio sal\u00e1rio m\u00ednimo.<\/p>\n<p>A regi\u00e3o administrativa com maior propor\u00e7\u00e3o de gr\u00e1vidas na adolesc\u00eancia foi a SCIA-Estrutural, com 22,03%, A regi\u00e3o com menor percentual de gravidez na adolesc\u00eancia foi a Ortogonal\/Sudoeste, com percentual de 0,86%. A m\u00e9dia do DF ficou em11,8%.<\/p>\n<p>A pesquisa ainda revela que 17% das jovens eram casadas ou estavam em uni\u00e3o est\u00e1vel regularizada em cart\u00f3rio, 17% estavam ocupadas no mercado de trabalho e 15% tinham mais de um filho. Tamb\u00e9m s\u00e3o fornecidos dados sobre o aumento da quantidade de consultas de pr\u00e9-natal para essas jovens e o nascimento de beb\u00eas com algum agravo \u00e0 sa\u00fade e taxas de mortalidade fetal e materna.<\/p>\n<p>Foram utilizados dados do Sistema Nacional de Nascidos Vivos (SINASC), desenvolvido pelo DATASUS, e do Sistema de Informa\u00e7\u00e3o sobre Mortalidade (SIM) para a elabora\u00e7\u00e3o do estudo.<\/p>\n","protected":false},"excerpt":{"rendered":"<p>A maior propor\u00e7\u00e3o de m\u00e3es de 10 a 19 anos (22,03%) se localiza na Estrutural e a menor (0,86%) reside no Sudoeste\/Octogonal. 81% das m\u00e3es adolescentes s\u00e3o negras Pesquisa publicada pela Companhia de Planejamento do Distrito Federal (Codeplan) revela que a ocorr\u00eancia de gravidez na adolesc\u00eancia no DF caiu de 9.421, em 2000, para 5.266 em 2016, uma queda de [&hellip;]<\/p>\n","protected":false},"author":106,"featured_media":1348,"comment_status":"open","ping_status":"open","sticky":false,"template":"","format":"standard","meta":{"footnotes":""},"categories":[1],"tags":[],"class_list":["post-1346","post","type-post","status-publish","format-standard","has-post-thumbnail","hentry","category-sem-categoria"],"_links":{"self":[{"href":"https:\/\/blogs.correiobraziliense.com.br\/primeirainfancia\/wp-json\/wp\/v2\/posts\/1346","targetHints":{"allow":["GET"]}}],"collection":[{"href":"https:\/\/blogs.correiobraziliense.com.br\/primeirainfancia\/wp-json\/wp\/v2\/posts"}],"about":[{"href":"https:\/\/blogs.correiobraziliense.com.br\/primeirainfancia\/wp-json\/wp\/v2\/types\/post"}],"author":[{"embeddable":true,"href":"https:\/\/blogs.correiobraziliense.com.br\/primeirainfancia\/wp-json\/wp\/v2\/users\/106"}],"replies":[{"embeddable":true,"href":"https:\/\/blogs.correiobraziliense.com.br\/primeirainfancia\/wp-json\/wp\/v2\/comments?post=1346"}],"version-history":[{"count":1,"href":"https:\/\/blogs.correiobraziliense.com.br\/primeirainfancia\/wp-json\/wp\/v2\/posts\/1346\/revisions"}],"predecessor-version":[{"id":1349,"href":"https:\/\/blogs.correiobraziliense.com.br\/primeirainfancia\/wp-json\/wp\/v2\/posts\/1346\/revisions\/1349"}],"wp:featuredmedia":[{"embeddable":true,"href":"https:\/\/blogs.correiobraziliense.com.br\/primeirainfancia\/wp-json\/wp\/v2\/media\/1348"}],"wp:attachment":[{"href":"https:\/\/blogs.correiobraziliense.com.br\/primeirainfancia\/wp-json\/wp\/v2\/media?parent=1346"}],"wp:term":[{"taxonomy":"category","embeddable":true,"href":"https:\/\/blogs.correiobraziliense.com.br\/primeirainfancia\/wp-json\/wp\/v2\/categories?post=1346"},{"taxonomy":"post_tag","embeddable":true,"href":"https:\/\/blogs.correiobraziliense.com.br\/primeirainfancia\/wp-json\/wp\/v2\/tags?post=1346"}],"curies":[{"name":"wp","href":"https:\/\/api.w.org\/{rel}","templated":true}]}}