{"id":1341,"date":"2021-02-10T22:12:36","date_gmt":"2021-02-10T22:12:36","guid":{"rendered":"https:\/\/blogs.correiobraziliense.com.br\/primeirainfancia\/?p=1341"},"modified":"2021-02-10T22:14:45","modified_gmt":"2021-02-10T22:14:45","slug":"abrinq-convida-gestores-municipais-para-a-campanha-prefeito-amigo-da-crianca","status":"publish","type":"post","link":"https:\/\/blogs.correiobraziliense.com.br\/primeirainfancia\/2021\/02\/10\/abrinq-convida-gestores-municipais-para-a-campanha-prefeito-amigo-da-crianca\/","title":{"rendered":"Abrinq convida gestores municipais para a campanha Prefeito Amigo da Crian\u00e7a"},"content":{"rendered":"<p><a href=\"https:\/\/www.fadc.org.br\/\">A Funda\u00e7\u00e3o Abrinq\u00a0<\/a>, organiza\u00e7\u00e3o sem fins lucrativos que tem como miss\u00e3o promover a defesa dos direitos e o exerc\u00edcio da cidadania de crian\u00e7as e adolescentes, lan\u00e7a a campanha Prefeito Presente, que estimula a presen\u00e7a de prefeitos, em meio \u00e0 aus\u00eancia do Estado, na vida dos jovens para assegur\u00e1-los o acesso a educa\u00e7\u00e3o, sa\u00fade e prote\u00e7\u00e3o.<\/p>\n<figure id=\"attachment_1343\" aria-describedby=\"caption-attachment-1343\" style=\"width: 750px\" class=\"wp-caption aligncenter\"><img loading=\"lazy\" decoding=\"async\" class=\"size-full wp-image-1343\" src=\"https:\/\/blogs.correiobraziliense.com.br\/primeirainfancia\/wp-content\/uploads\/sites\/49\/2021\/02\/1-4.jpg\" alt=\"Funda\u00e7\u00e3o Abrinq\/Divulga\u00e7\u00e3o\" width=\"750\" height=\"500\" srcset=\"https:\/\/blogs.correiobraziliense.com.br\/primeirainfancia\/wp-content\/uploads\/sites\/49\/2021\/02\/1-4.jpg 750w, https:\/\/blogs.correiobraziliense.com.br\/primeirainfancia\/wp-content\/uploads\/sites\/49\/2021\/02\/1-4-300x200.jpg 300w, https:\/\/blogs.correiobraziliense.com.br\/primeirainfancia\/wp-content\/uploads\/sites\/49\/2021\/02\/1-4-550x367.jpg 550w, https:\/\/blogs.correiobraziliense.com.br\/primeirainfancia\/wp-content\/uploads\/sites\/49\/2021\/02\/1-4-230x153.jpg 230w\" sizes=\"auto, (max-width: 750px) 100vw, 750px\" \/><figcaption id=\"caption-attachment-1343\" class=\"wp-caption-text\">Campanha Prefeito Presente tem como slogan Estado Ausente, Prefeito Presente<\/figcaption><\/figure>\n<p>Com o slogan Estado Ausente, Prefeito Presente, a campanha tem como prop\u00f3sito convidar os prefeitos de todas as cidades do Brasil para participarem da nova edi\u00e7\u00e3o do programa Prefeito Amigo da Crian\u00e7a e refor\u00e7ar o comprometimento da organiza\u00e7\u00e3o em garantir um futuro melhor \u00e0s crian\u00e7as.<\/p>\n<h3>Confira o v\u00eddeo da campanha<\/h3>\n<p><iframe loading=\"lazy\" width=\"1440\" height=\"810\" src=\"https:\/\/www.youtube.com\/embed\/Hz8wLZHLF2s?feature=oembed\" frameborder=\"0\" allow=\"accelerometer; autoplay; clipboard-write; encrypted-media; gyroscope; picture-in-picture\" allowfullscreen><\/iframe><\/p>\n<p>O filme em live-action da campanha Prefeito Presente traz a encena\u00e7\u00e3o de uma chamada em que todos os alunos est\u00e3o presentes e apenas o Estado est\u00e1 ausente. O v\u00eddeo usa uma linguagem que traz a seriedade que o assunto precisa ao mesmo tempo em que \u00e9 l\u00fadica e divertida. O conceito art\u00edstico foi desenvolvido gratuitamente pela ag\u00eancia de publicidade <a href=\"https:\/\/www.mariasaopaulo.com.br\/\">MariaS\u00e3oPaulo<\/a>.<\/p>\n<p>Al\u00e9m da produ\u00e7\u00e3o audiovisual, a campanha Prefeito Presente contar\u00e1 com ativa\u00e7\u00f5es nas redes sociais, em que estar\u00e3o presentes os personagens da Turma Funda\u00e7\u00e3o Abrinq, filtros para os stories do Instagram e parcerias com influenciadores digitais.<\/p>\n<h3>Funda\u00e7\u00e3o conscientiza o poder p\u00fablico para o compromisso \u00e0 primeira inf\u00e2ncia<\/h3>\n<p>Existente h\u00e1 30 anos, a Funda\u00e7\u00e3o Abrinq conta com 12 programas e projetos que abrangem o acesso a educa\u00e7\u00e3o, sa\u00fade e prote\u00e7\u00e3o. Entre eles, est\u00e1 o o programa Prefeito Amigo da Crian\u00e7a, que mobiliza os gestores municipais a assumirem o compromisso com a inf\u00e2ncia e a adolesc\u00eancia durante os mandatos.<\/p>\n<p>A funda\u00e7\u00e3o beneficiou mais de 8 milh\u00f5es de crian\u00e7as e adolescentes ao longo da sua trajet\u00f3ria de atua\u00e7\u00e3o. Desde 1996, 78% dos munic\u00edpios brasileiros passaram pelo programa. A ades\u00e3o dos prefeitos \u00e0 7\u00aa edi\u00e7\u00e3o do Programa Prefeito Amigo da Crian\u00e7a \u00e9 fundamental para que eles continuem a trabalhar na melhoria da qualidade de vida na inf\u00e2ncia e adolesc\u00eancia.<\/p>\n<h3>Ades\u00e3o ao programa \u00e9 gratuita<\/h3>\n<p>Todos os prefeitos do Brasil est\u00e3o convidados a conhecerem a Funda\u00e7\u00e3o Abrinq e aderirem ao programa Prefeito Amigo da Crian\u00e7a por meio <a href=\"http:\/\/www.prefeitopresente.org.br\/\">do site da iniciativa<\/a>. A ades\u00e3o ao programa \u00e9 gratuita, volunt\u00e1ria, n\u00e3o imputa aos prefeitos qualquer compromisso jur\u00eddico e garante, como contrapartida, suporte t\u00e9cnico em diversos temas relacionados \u00e0 gest\u00e3o p\u00fablica e a pol\u00edticas sociais voltadas \u00e0 inf\u00e2ncia e \u00e0 adolesc\u00eancia. O programa ainda refor\u00e7a prerrogativas democr\u00e1ticas, como a participa\u00e7\u00e3o social, a transpar\u00eancia e a articula\u00e7\u00e3o entre poder p\u00fablico e sociedade civil.<\/p>\n","protected":false},"excerpt":{"rendered":"<p>A Funda\u00e7\u00e3o Abrinq\u00a0, organiza\u00e7\u00e3o sem fins lucrativos que tem como miss\u00e3o promover a defesa dos direitos e o exerc\u00edcio da cidadania de crian\u00e7as e adolescentes, lan\u00e7a a campanha Prefeito Presente, que estimula a presen\u00e7a de prefeitos, em meio \u00e0 aus\u00eancia do Estado, na vida dos jovens para assegur\u00e1-los o acesso a educa\u00e7\u00e3o, sa\u00fade e prote\u00e7\u00e3o. Com o slogan Estado Ausente, [&hellip;]<\/p>\n","protected":false},"author":106,"featured_media":1343,"comment_status":"open","ping_status":"open","sticky":false,"template":"","format":"standard","meta":{"footnotes":""},"categories":[1],"tags":[],"class_list":["post-1341","post","type-post","status-publish","format-standard","has-post-thumbnail","hentry","category-sem-categoria"],"_links":{"self":[{"href":"https:\/\/blogs.correiobraziliense.com.br\/primeirainfancia\/wp-json\/wp\/v2\/posts\/1341","targetHints":{"allow":["GET"]}}],"collection":[{"href":"https:\/\/blogs.correiobraziliense.com.br\/primeirainfancia\/wp-json\/wp\/v2\/posts"}],"about":[{"href":"https:\/\/blogs.correiobraziliense.com.br\/primeirainfancia\/wp-json\/wp\/v2\/types\/post"}],"author":[{"embeddable":true,"href":"https:\/\/blogs.correiobraziliense.com.br\/primeirainfancia\/wp-json\/wp\/v2\/users\/106"}],"replies":[{"embeddable":true,"href":"https:\/\/blogs.correiobraziliense.com.br\/primeirainfancia\/wp-json\/wp\/v2\/comments?post=1341"}],"version-history":[{"count":2,"href":"https:\/\/blogs.correiobraziliense.com.br\/primeirainfancia\/wp-json\/wp\/v2\/posts\/1341\/revisions"}],"predecessor-version":[{"id":1345,"href":"https:\/\/blogs.correiobraziliense.com.br\/primeirainfancia\/wp-json\/wp\/v2\/posts\/1341\/revisions\/1345"}],"wp:featuredmedia":[{"embeddable":true,"href":"https:\/\/blogs.correiobraziliense.com.br\/primeirainfancia\/wp-json\/wp\/v2\/media\/1343"}],"wp:attachment":[{"href":"https:\/\/blogs.correiobraziliense.com.br\/primeirainfancia\/wp-json\/wp\/v2\/media?parent=1341"}],"wp:term":[{"taxonomy":"category","embeddable":true,"href":"https:\/\/blogs.correiobraziliense.com.br\/primeirainfancia\/wp-json\/wp\/v2\/categories?post=1341"},{"taxonomy":"post_tag","embeddable":true,"href":"https:\/\/blogs.correiobraziliense.com.br\/primeirainfancia\/wp-json\/wp\/v2\/tags?post=1341"}],"curies":[{"name":"wp","href":"https:\/\/api.w.org\/{rel}","templated":true}]}}