{"id":1303,"date":"2020-08-28T00:58:55","date_gmt":"2020-08-28T00:58:55","guid":{"rendered":"https:\/\/blogs.correiobraziliense.com.br\/primeirainfancia\/?p=1303"},"modified":"2020-08-28T00:59:11","modified_gmt":"2020-08-28T00:59:11","slug":"familias-com-criancas-e-adolescentes-sao-as-que-mais-sofrem-durante-a-pandemia","status":"publish","type":"post","link":"https:\/\/blogs.correiobraziliense.com.br\/primeirainfancia\/2020\/08\/28\/familias-com-criancas-e-adolescentes-sao-as-que-mais-sofrem-durante-a-pandemia\/","title":{"rendered":"Fam\u00edlias com crian\u00e7as e adolescentes s\u00e3o as que mais sofrem durante a pandemia"},"content":{"rendered":"<p>A pedido do <a href=\"https:\/\/www.unicef.org\/brazil\/o-que-fazemos\">Fundo das Na\u00e7\u00f5es Unidas para a Inf\u00e2ncia (Unicef)<\/a>, o Instituto Brasileiro de Opini\u00e3o P\u00fablica e Estat\u00edstica (Ibope) realizou uma pesquisa sobre os impactos prim\u00e1rios e secund\u00e1rios da covid-19 em crian\u00e7as e adolescentes.<\/p>\n<figure id=\"attachment_1304\" aria-describedby=\"caption-attachment-1304\" style=\"width: 750px\" class=\"wp-caption aligncenter\"><img loading=\"lazy\" decoding=\"async\" class=\"size-full wp-image-1304\" src=\"https:\/\/blogs.correiobraziliense.com.br\/primeirainfancia\/wp-content\/uploads\/sites\/49\/2020\/08\/1-3.jpg\" alt=\"Unicef\/BRZ\/ Jo\u00e3o Torres\" width=\"750\" height=\"500\" srcset=\"https:\/\/blogs.correiobraziliense.com.br\/primeirainfancia\/wp-content\/uploads\/sites\/49\/2020\/08\/1-3.jpg 750w, https:\/\/blogs.correiobraziliense.com.br\/primeirainfancia\/wp-content\/uploads\/sites\/49\/2020\/08\/1-3-300x200.jpg 300w, https:\/\/blogs.correiobraziliense.com.br\/primeirainfancia\/wp-content\/uploads\/sites\/49\/2020\/08\/1-3-550x367.jpg 550w, https:\/\/blogs.correiobraziliense.com.br\/primeirainfancia\/wp-content\/uploads\/sites\/49\/2020\/08\/1-3-230x153.jpg 230w\" sizes=\"auto, (max-width: 750px) 100vw, 750px\" \/><figcaption id=\"caption-attachment-1304\" class=\"wp-caption-text\">Para realiza\u00e7\u00e3o da pesquisa, foram realizadas 1.516 entrevistas entre 3 e 18 de julho<\/figcaption><\/figure>\n<p>A partir dos resultados, foi comprovado que fam\u00edlias com crian\u00e7as e adolescentes s\u00e3o muito mais afetadas pela pandemia que outros n\u00facleos familiares.<\/p>\n<p>Conforme a pesquisa, 55% dos entrevistados afirmaram que a renda do lar diminuiu com a crise sanit\u00e1ria. Quando se olha para casas com crian\u00e7as e adolescentes, a porcentagem sobe para 63%.<\/p>\n<p>A desigualdade social tamb\u00e9m se acentuou nesta quarentena: 67% das pessoas com renda familiar de at\u00e9 um sal\u00e1rio m\u00ednimo tiveram faturamento reduzido, enquanto essa taxa \u00e9 de 36% entre brasileiros com renda familiar superior a 10 sal\u00e1rios.<\/p>\n<p>Al\u00e9m dos problemas financeiros, houve preju\u00edzos no ensino. Apesar de uma grande parcela conseguir realizar atividades de forma remota, 9% das crian\u00e7as e adolescentes que frequentavam escolas antes da quarentena n\u00e3o puderam continuar estudando. O que significa que perderam o direito b\u00e1sico \u00e0 educa\u00e7\u00e3o por n\u00e3o terem acesso \u00e0 internet ou aparatos tecnol\u00f3gicos para acompanhar as aulas a dist\u00e2ncia.<\/p>\n<p>O per\u00edodo de isolamento social tamb\u00e9m impacta diretamente a seguran\u00e7a alimentar e nutricional: 58% das fam\u00edlias que vivem com crian\u00e7as e adolescentes relataram que houve altera\u00e7\u00e3o nos h\u00e1bitos alimentares. Desses n\u00facleos familiares, 31% passaram a consumir mais alimentos industrializados, como macarr\u00e3o instant\u00e2neo, bolachas recheadas, comida enlatada, entre outros. A m\u00e1 nutri\u00e7\u00e3o interfere diretamente no crescimento das crian\u00e7as e pode causar diversos problemas de sa\u00fade.<\/p>\n<p>&nbsp;<\/p>\n","protected":false},"excerpt":{"rendered":"<p>A pedido do Fundo das Na\u00e7\u00f5es Unidas para a Inf\u00e2ncia (Unicef), o Instituto Brasileiro de Opini\u00e3o P\u00fablica e Estat\u00edstica (Ibope) realizou uma pesquisa sobre os impactos prim\u00e1rios e secund\u00e1rios da covid-19 em crian\u00e7as e adolescentes. A partir dos resultados, foi comprovado que fam\u00edlias com crian\u00e7as e adolescentes s\u00e3o muito mais afetadas pela pandemia que outros n\u00facleos familiares. Conforme a pesquisa, [&hellip;]<\/p>\n","protected":false},"author":106,"featured_media":1304,"comment_status":"open","ping_status":"open","sticky":false,"template":"","format":"standard","meta":{"footnotes":""},"categories":[1],"tags":[298],"class_list":["post-1303","post","type-post","status-publish","format-standard","has-post-thumbnail","hentry","category-sem-categoria","tag-pandemia-impactos-criancas-adolescentes"],"_links":{"self":[{"href":"https:\/\/blogs.correiobraziliense.com.br\/primeirainfancia\/wp-json\/wp\/v2\/posts\/1303","targetHints":{"allow":["GET"]}}],"collection":[{"href":"https:\/\/blogs.correiobraziliense.com.br\/primeirainfancia\/wp-json\/wp\/v2\/posts"}],"about":[{"href":"https:\/\/blogs.correiobraziliense.com.br\/primeirainfancia\/wp-json\/wp\/v2\/types\/post"}],"author":[{"embeddable":true,"href":"https:\/\/blogs.correiobraziliense.com.br\/primeirainfancia\/wp-json\/wp\/v2\/users\/106"}],"replies":[{"embeddable":true,"href":"https:\/\/blogs.correiobraziliense.com.br\/primeirainfancia\/wp-json\/wp\/v2\/comments?post=1303"}],"version-history":[{"count":1,"href":"https:\/\/blogs.correiobraziliense.com.br\/primeirainfancia\/wp-json\/wp\/v2\/posts\/1303\/revisions"}],"predecessor-version":[{"id":1305,"href":"https:\/\/blogs.correiobraziliense.com.br\/primeirainfancia\/wp-json\/wp\/v2\/posts\/1303\/revisions\/1305"}],"wp:featuredmedia":[{"embeddable":true,"href":"https:\/\/blogs.correiobraziliense.com.br\/primeirainfancia\/wp-json\/wp\/v2\/media\/1304"}],"wp:attachment":[{"href":"https:\/\/blogs.correiobraziliense.com.br\/primeirainfancia\/wp-json\/wp\/v2\/media?parent=1303"}],"wp:term":[{"taxonomy":"category","embeddable":true,"href":"https:\/\/blogs.correiobraziliense.com.br\/primeirainfancia\/wp-json\/wp\/v2\/categories?post=1303"},{"taxonomy":"post_tag","embeddable":true,"href":"https:\/\/blogs.correiobraziliense.com.br\/primeirainfancia\/wp-json\/wp\/v2\/tags?post=1303"}],"curies":[{"name":"wp","href":"https:\/\/api.w.org\/{rel}","templated":true}]}}