{"id":1282,"date":"2020-08-04T01:02:54","date_gmt":"2020-08-04T01:02:54","guid":{"rendered":"https:\/\/blogs.correiobraziliense.com.br\/primeirainfancia\/?p=1282"},"modified":"2020-08-04T01:23:56","modified_gmt":"2020-08-04T01:23:56","slug":"encontro-virtual-debate-a-importancia-da-conversa-na-primeira-infancia","status":"publish","type":"post","link":"https:\/\/blogs.correiobraziliense.com.br\/primeirainfancia\/2020\/08\/04\/encontro-virtual-debate-a-importancia-da-conversa-na-primeira-infancia\/","title":{"rendered":"Encontro virtual debate a import\u00e2ncia da conversa na primeira inf\u00e2ncia"},"content":{"rendered":"<p>O bate-papo \u201cNen\u00ea do Zap\u201d ser\u00e1 transmitido quinta-feira (6\/8), na p\u00e1gina do Facebook e contar\u00e1 com a presen\u00e7a dos artistas Bruno Gagliasso e Dira Paes<\/p>\n<figure id=\"attachment_1283\" aria-describedby=\"caption-attachment-1283\" style=\"width: 750px\" class=\"wp-caption aligncenter\"><img loading=\"lazy\" decoding=\"async\" class=\"size-full wp-image-1283\" src=\"https:\/\/blogs.correiobraziliense.com.br\/primeirainfancia\/wp-content\/uploads\/sites\/49\/2020\/08\/10.jpg\" alt=\"Nen\u00ea do Zap\/Divulga\u00e7\u00e3o\" width=\"750\" height=\"349\" srcset=\"https:\/\/blogs.correiobraziliense.com.br\/primeirainfancia\/wp-content\/uploads\/sites\/49\/2020\/08\/10.jpg 750w, https:\/\/blogs.correiobraziliense.com.br\/primeirainfancia\/wp-content\/uploads\/sites\/49\/2020\/08\/10-300x140.jpg 300w, https:\/\/blogs.correiobraziliense.com.br\/primeirainfancia\/wp-content\/uploads\/sites\/49\/2020\/08\/10-550x256.jpg 550w, https:\/\/blogs.correiobraziliense.com.br\/primeirainfancia\/wp-content\/uploads\/sites\/49\/2020\/08\/10-230x107.jpg 230w\" sizes=\"auto, (max-width: 750px) 100vw, 750px\" \/><figcaption id=\"caption-attachment-1283\" class=\"wp-caption-text\">Evento tamb\u00e9m ter\u00e1 a presen\u00e7a de duas especialistas para debater o tema<\/figcaption><\/figure>\n<p>Na pr\u00f3xima quinta-feira (6\/8), a partir das 16h, a Funda\u00e7\u00e3o Maria Cecilia Souto Vidigal e a Organiza\u00e7\u00e3o das Na\u00e7\u00f5es Unidas para Educa\u00e7\u00e3o, a Ci\u00eancia e a Cultura (Unesco) promovem o bate-papo virtual \u201cNen\u00ea do Zap\u201d, que falar\u00e1 sobre a import\u00e2ncia da conversa e da intera\u00e7\u00e3o na primeira inf\u00e2ncia. O encontro ser\u00e1 gratuito e <a href=\"https:\/\/www.facebook.com\/nenedozap\/\">transmitido pelo Facebook<\/a>.<\/p>\n<p>O encontro contar\u00e1 com a presen\u00e7a de Mariana Luz, CEO da Funda\u00e7\u00e3o Maria Cecilia Souto Vidigal, e de Marlova Noleto, diretora e representante da Unesco no Brasil, al\u00e9m de v\u00e1rios convidados especiais, como os atores Bruno Gagliasso e Dira Paes. Os dois v\u00e3o compartilhar como s\u00e3o as conversas e as intera\u00e7\u00f5es com seus filhos e como as mudan\u00e7as causadas pela pandemia interferiram ou intensificaram essa rela\u00e7\u00e3o.<\/p>\n<p>Moderado pela diretora de Comunica\u00e7\u00e3o da Funda\u00e7\u00e3o Maria Cecilia Souto Vidigal, Paula Perim, o evento ter\u00e1 a participa\u00e7\u00e3o de duas especialistas para ajudar o p\u00fablico a entender e aprofundar o tema: a pediatra Ana Escobar e a psic\u00f3loga Fernanda Lopes. Elas compartilhar\u00e3o dicas e orienta\u00e7\u00f5es sobre o v\u00ednculo entre pais ou cuidadores e as crian\u00e7as, abordando o desenvolvimento cognitivo e emocional nos primeiros anos de vida. A conversa tamb\u00e9m mostrar\u00e1 por que na primeira inf\u00e2ncia \u00e9 t\u00e3o fundamental que a crian\u00e7a seja acolhida, acompanhada e amada.<\/p>\n<h3>Envie um oi!<\/h3>\n<p>O contato do Nen\u00ea do Zap no WhatsApp \u00e9 11-99743-8964. No WhatsApp e nas redes sociais, o canal traz informa\u00e7\u00f5es sobre a intera\u00e7\u00e3o entre cuidadores e crian\u00e7as de at\u00e9 6 anos.<\/p>\n<p><img loading=\"lazy\" decoding=\"async\" class=\"aligncenter size-full wp-image-1285\" src=\"https:\/\/blogs.correiobraziliense.com.br\/primeirainfancia\/wp-content\/uploads\/sites\/49\/2020\/08\/2.jpg\" alt=\"\" width=\"750\" height=\"689\" srcset=\"https:\/\/blogs.correiobraziliense.com.br\/primeirainfancia\/wp-content\/uploads\/sites\/49\/2020\/08\/2.jpg 750w, https:\/\/blogs.correiobraziliense.com.br\/primeirainfancia\/wp-content\/uploads\/sites\/49\/2020\/08\/2-300x276.jpg 300w, https:\/\/blogs.correiobraziliense.com.br\/primeirainfancia\/wp-content\/uploads\/sites\/49\/2020\/08\/2-550x505.jpg 550w, https:\/\/blogs.correiobraziliense.com.br\/primeirainfancia\/wp-content\/uploads\/sites\/49\/2020\/08\/2-230x211.jpg 230w\" sizes=\"auto, (max-width: 750px) 100vw, 750px\" \/><\/p>\n<p>&nbsp;<\/p>\n","protected":false},"excerpt":{"rendered":"<p>O bate-papo \u201cNen\u00ea do Zap\u201d ser\u00e1 transmitido quinta-feira (6\/8), na p\u00e1gina do Facebook e contar\u00e1 com a presen\u00e7a dos artistas Bruno Gagliasso e Dira Paes Na pr\u00f3xima quinta-feira (6\/8), a partir das 16h, a Funda\u00e7\u00e3o Maria Cecilia Souto Vidigal e a Organiza\u00e7\u00e3o das Na\u00e7\u00f5es Unidas para Educa\u00e7\u00e3o, a Ci\u00eancia e a Cultura (Unesco) promovem o bate-papo virtual \u201cNen\u00ea do Zap\u201d, [&hellip;]<\/p>\n","protected":false},"author":106,"featured_media":1283,"comment_status":"open","ping_status":"open","sticky":false,"template":"","format":"standard","meta":{"footnotes":""},"categories":[1],"tags":[290,79,2,289],"class_list":["post-1282","post","type-post","status-publish","format-standard","has-post-thumbnail","hentry","category-sem-categoria","tag-bate-papo","tag-crianca","tag-primeira-infancia","tag-unesco"],"_links":{"self":[{"href":"https:\/\/blogs.correiobraziliense.com.br\/primeirainfancia\/wp-json\/wp\/v2\/posts\/1282","targetHints":{"allow":["GET"]}}],"collection":[{"href":"https:\/\/blogs.correiobraziliense.com.br\/primeirainfancia\/wp-json\/wp\/v2\/posts"}],"about":[{"href":"https:\/\/blogs.correiobraziliense.com.br\/primeirainfancia\/wp-json\/wp\/v2\/types\/post"}],"author":[{"embeddable":true,"href":"https:\/\/blogs.correiobraziliense.com.br\/primeirainfancia\/wp-json\/wp\/v2\/users\/106"}],"replies":[{"embeddable":true,"href":"https:\/\/blogs.correiobraziliense.com.br\/primeirainfancia\/wp-json\/wp\/v2\/comments?post=1282"}],"version-history":[{"count":2,"href":"https:\/\/blogs.correiobraziliense.com.br\/primeirainfancia\/wp-json\/wp\/v2\/posts\/1282\/revisions"}],"predecessor-version":[{"id":1286,"href":"https:\/\/blogs.correiobraziliense.com.br\/primeirainfancia\/wp-json\/wp\/v2\/posts\/1282\/revisions\/1286"}],"wp:featuredmedia":[{"embeddable":true,"href":"https:\/\/blogs.correiobraziliense.com.br\/primeirainfancia\/wp-json\/wp\/v2\/media\/1283"}],"wp:attachment":[{"href":"https:\/\/blogs.correiobraziliense.com.br\/primeirainfancia\/wp-json\/wp\/v2\/media?parent=1282"}],"wp:term":[{"taxonomy":"category","embeddable":true,"href":"https:\/\/blogs.correiobraziliense.com.br\/primeirainfancia\/wp-json\/wp\/v2\/categories?post=1282"},{"taxonomy":"post_tag","embeddable":true,"href":"https:\/\/blogs.correiobraziliense.com.br\/primeirainfancia\/wp-json\/wp\/v2\/tags?post=1282"}],"curies":[{"name":"wp","href":"https:\/\/api.w.org\/{rel}","templated":true}]}}