{"id":1258,"date":"2020-07-06T21:05:29","date_gmt":"2020-07-06T21:05:29","guid":{"rendered":"http:\/\/blogs.correiobraziliense.com.br\/primeirainfancia\/?p=1248"},"modified":"2020-07-06T21:05:29","modified_gmt":"2020-07-06T21:05:29","slug":"unicef-cria-programa-de-podcasts-gratuito-e-educativo-para-criancas","status":"publish","type":"post","link":"https:\/\/blogs.correiobraziliense.com.br\/primeirainfancia\/2020\/07\/06\/unicef-cria-programa-de-podcasts-gratuito-e-educativo-para-criancas\/","title":{"rendered":"Unicef cria programa de podcasts gratuito e educativo para crian\u00e7as"},"content":{"rendered":"<p>Indicado para meninos e meninas em fase de alfabetiza\u00e7\u00e3o, epis\u00f3dios do Deixa que eu te conto s\u00e3o complemento da aprendizagem oferecida pelas escolas<\/p>\n<p>Para ajudar a manter a aprendizagem de crian\u00e7as, em especial as mais vulner\u00e1veis, o Fundo das Na\u00e7\u00f5es Unidas para a Inf\u00e2ncia (Unicef) desenvolveu a iniciativa Deixa que eu conto, um programa di\u00e1rio de podcasts. Os \u00e1udios s\u00e3o voltados para crian\u00e7as de at\u00e9 8 anos que est\u00e3o na pr\u00e9-escola e em processo de alfabetiza\u00e7\u00e3o.<\/p>\n<p>O Deixa que eu conto est\u00e1 dispon\u00edvel gratuitamente no <a href=\"https:\/\/www.unicef.org\/brazil\/deixa-que-eu-conto\">site do Unicef\u00a0<\/a>, em que, al\u00e9m de escutar, \u00e9 poss\u00edvel fazer o download de todos os epis\u00f3dios. O conte\u00fado pode ser acessado tamb\u00e9m nas plataformas digitais Spotify e <a href=\"https:\/\/www.youtube.com\/user\/UNICEFBrasil\">YouTube\u00a0<\/a>.<\/p>\n<figure id=\"attachment_1249\" aria-describedby=\"caption-attachment-1249\" style=\"width: 750px\" class=\"wp-caption aligncenter\"><img loading=\"lazy\" decoding=\"async\" class=\"size-full wp-image-1249\" src=\"https:\/\/blogs.correiobraziliense.com.br\/primeirainfancia\/wp-content\/uploads\/sites\/49\/2020\/07\/1-3.jpg\" alt=\"Unicef\/BRZ\/Raoni Lib\u00f3rio\" width=\"750\" height=\"500\" srcset=\"https:\/\/blogs.correiobraziliense.com.br\/primeirainfancia\/wp-content\/uploads\/sites\/49\/2020\/07\/1-3.jpg 750w, https:\/\/blogs.correiobraziliense.com.br\/primeirainfancia\/wp-content\/uploads\/sites\/49\/2020\/07\/1-3-300x200.jpg 300w, https:\/\/blogs.correiobraziliense.com.br\/primeirainfancia\/wp-content\/uploads\/sites\/49\/2020\/07\/1-3-550x367.jpg 550w, https:\/\/blogs.correiobraziliense.com.br\/primeirainfancia\/wp-content\/uploads\/sites\/49\/2020\/07\/1-3-230x153.jpg 230w\" sizes=\"auto, (max-width: 750px) 100vw, 750px\" \/><figcaption id=\"caption-attachment-1249\" class=\"wp-caption-text\">Unicef promove podcast educativos para crian\u00e7as de at\u00e9 8 anos<\/figcaption><\/figure>\n<p>Todos os epis\u00f3dios est\u00e3o alinhados com os direitos de aprendizagem e campos de experi\u00eancia da Base Nacional Comum Curricular (BNCC) para a educa\u00e7\u00e3o infantil. A iniciativa tem por objetivo complementar o trabalho das institui\u00e7\u00f5es de ensino brasileira.<\/p>\n<p>Os epis\u00f3dios s\u00e3o apresentados pelas contadoras de hist\u00f3ria Carol Levy e Kiara Terra, e outros realizadores que trazem hist\u00f3rias, brincadeiras e atividades. Cada podcast tem em m\u00e9dia 30 minutos, sendo divididos em quadros, como conta\u00e7\u00e3o de hist\u00f3rias, m\u00fasicas e brincadeiras, entre outros.<\/p>\n<h3>Reprodu\u00e7\u00e3o livre<\/h3>\n<p>Segundo dados da pesquisa TIC Kids Online 2019 do <a href=\"https:\/\/cetic.br\/\">Cetic.br\/NIC.br<\/a>, cerca de 4,8 milh\u00f5es de crian\u00e7as e adolescentes de 9 a 17 anos vivem em domic\u00edlios sem acesso \u00e0 internet no Brasil. Com isso, a educa\u00e7\u00e3o durante a pandemia se torna ainda mais inacess\u00edvel, principalmente para as comunidades ribeirinhas da regi\u00e3o Norte ou do Semi\u00e1rido Brasileiro.<\/p>\n<p>Para romper essa barreira, os conte\u00fados em \u00e1udio podem ser usados livremente por r\u00e1dios, sites, escolas, secretarias de educa\u00e7\u00e3o e inclusive editados para melhor se encaixar no tempo ou espa\u00e7o dispon\u00edvel.<\/p>\n<p>Para enaltecer as regi\u00f5es Norte e Nordeste e ainda fomentar a cultura local entre as crian\u00e7as que nelas habitam, o Unicef trouxe o universo do semi\u00e1rido e do territ\u00f3rio amaz\u00f4nico para o Deixa que eu conto com programas dedicados \u00e0 cultura e aos saberes nordestinos, ind\u00edgenas, quilombolas e ribeirinhos e todo o universo folcl\u00f3rico dessas regi\u00f5es em forma de hist\u00f3rias, lendas, brincadeiras, m\u00fasicas, l\u00ednguas e linguagens.<\/p>\n","protected":false},"excerpt":{"rendered":"<p>Indicado para meninos e meninas em fase de alfabetiza\u00e7\u00e3o, epis\u00f3dios do Deixa que eu te conto s\u00e3o complemento da aprendizagem oferecida pelas escolas Para ajudar a manter a aprendizagem de crian\u00e7as, em especial as mais vulner\u00e1veis, o Fundo das Na\u00e7\u00f5es Unidas para a Inf\u00e2ncia (Unicef) desenvolveu a iniciativa Deixa que eu conto, um programa di\u00e1rio de podcasts. Os \u00e1udios s\u00e3o [&hellip;]<\/p>\n","protected":false},"author":106,"featured_media":1249,"comment_status":"open","ping_status":"open","sticky":false,"template":"","format":"standard","meta":{"footnotes":""},"categories":[1],"tags":[287],"class_list":["post-1258","post","type-post","status-publish","format-standard","has-post-thumbnail","hentry","category-sem-categoria","tag-podcasts-criancas-unicef"],"_links":{"self":[{"href":"https:\/\/blogs.correiobraziliense.com.br\/primeirainfancia\/wp-json\/wp\/v2\/posts\/1258","targetHints":{"allow":["GET"]}}],"collection":[{"href":"https:\/\/blogs.correiobraziliense.com.br\/primeirainfancia\/wp-json\/wp\/v2\/posts"}],"about":[{"href":"https:\/\/blogs.correiobraziliense.com.br\/primeirainfancia\/wp-json\/wp\/v2\/types\/post"}],"author":[{"embeddable":true,"href":"https:\/\/blogs.correiobraziliense.com.br\/primeirainfancia\/wp-json\/wp\/v2\/users\/106"}],"replies":[{"embeddable":true,"href":"https:\/\/blogs.correiobraziliense.com.br\/primeirainfancia\/wp-json\/wp\/v2\/comments?post=1258"}],"version-history":[{"count":0,"href":"https:\/\/blogs.correiobraziliense.com.br\/primeirainfancia\/wp-json\/wp\/v2\/posts\/1258\/revisions"}],"wp:featuredmedia":[{"embeddable":true,"href":"https:\/\/blogs.correiobraziliense.com.br\/primeirainfancia\/wp-json\/wp\/v2\/media\/1249"}],"wp:attachment":[{"href":"https:\/\/blogs.correiobraziliense.com.br\/primeirainfancia\/wp-json\/wp\/v2\/media?parent=1258"}],"wp:term":[{"taxonomy":"category","embeddable":true,"href":"https:\/\/blogs.correiobraziliense.com.br\/primeirainfancia\/wp-json\/wp\/v2\/categories?post=1258"},{"taxonomy":"post_tag","embeddable":true,"href":"https:\/\/blogs.correiobraziliense.com.br\/primeirainfancia\/wp-json\/wp\/v2\/tags?post=1258"}],"curies":[{"name":"wp","href":"https:\/\/api.w.org\/{rel}","templated":true}]}}