{"id":1239,"date":"2020-07-01T23:51:48","date_gmt":"2020-07-01T23:51:48","guid":{"rendered":"http:\/\/blogs.correiobraziliense.com.br\/primeirainfancia\/?p=1239"},"modified":"2020-07-01T23:51:48","modified_gmt":"2020-07-01T23:51:48","slug":"teste-se-seu-filho-e-viciado-em-telas-e-consiga-ajuda-em-livro","status":"publish","type":"post","link":"https:\/\/blogs.correiobraziliense.com.br\/primeirainfancia\/2020\/07\/01\/teste-se-seu-filho-e-viciado-em-telas-e-consiga-ajuda-em-livro\/","title":{"rendered":"Teste se seu filho \u00e9 viciado em telas e consiga ajuda em livro"},"content":{"rendered":"<p>Obra A Crian\u00e7a Digital, da editora Mundo Crist\u00e3o, promete ajudar pais a dosar o tempo ideal para que os filhos fiquem expostos ao mundo virtual<\/p>\n<p>Com alta acessibilidade, a tecnologia j\u00e1 faz parte do cotidiano de muitas crian\u00e7as. Durante o isolamento social, pode ser que o contato com as ferramentas digitais tenha crescido.<\/p>\n<p>Brincar com celular, tablet ou computador se tornou t\u00e3o comum que fica dif\u00edcil saber a dimens\u00e3o dos impactos causados pelo uso exagerado das telas na inf\u00e2ncia.<\/p>\n<p>Pensando nisso, a editora Mundo Crist\u00e3o publicou o livro Crian\u00e7a Digital: ensinando seu filho a encontrar equil\u00edbrio no mundo virtual, escrito pelo best-seller e especialista em comportamento familiar Gary Chapman e Arlene Pellicane.<\/p>\n<figure id=\"attachment_1240\" aria-describedby=\"caption-attachment-1240\" style=\"width: 750px\" class=\"wp-caption aligncenter\"><img loading=\"lazy\" decoding=\"async\" class=\"size-full wp-image-1240\" src=\"https:\/\/blogs.correiobraziliense.com.br\/primeirainfancia\/wp-content\/uploads\/sites\/49\/2020\/07\/1-1.jpg\" alt=\"Mundo Crist\u00e3o \/ Reprodu\u00e7\u00e3o\" width=\"750\" height=\"500\" srcset=\"https:\/\/blogs.correiobraziliense.com.br\/primeirainfancia\/wp-content\/uploads\/sites\/49\/2020\/07\/1-1.jpg 750w, https:\/\/blogs.correiobraziliense.com.br\/primeirainfancia\/wp-content\/uploads\/sites\/49\/2020\/07\/1-1-300x200.jpg 300w, https:\/\/blogs.correiobraziliense.com.br\/primeirainfancia\/wp-content\/uploads\/sites\/49\/2020\/07\/1-1-550x367.jpg 550w, https:\/\/blogs.correiobraziliense.com.br\/primeirainfancia\/wp-content\/uploads\/sites\/49\/2020\/07\/1-1-230x153.jpg 230w\" sizes=\"auto, (max-width: 750px) 100vw, 750px\" \/><figcaption id=\"caption-attachment-1240\" class=\"wp-caption-text\">Livro promete ensinar pais a dosar tempo ideal para que os filhos fiquem expostos \u00e0s telas<\/figcaption><\/figure>\n<p>A obra tenta responder a algumas quest\u00f5es importantes sobre a rela\u00e7\u00e3o das crian\u00e7as com o mundo virtual: como saber quanto tempo as crian\u00e7as gastam no meio digital? Como controlar o uso das tecnologias de forma equilibrada?<\/p>\n<p>Al\u00e9m disso, o livro serve para alertar os pais sobre como esse excesso pode afetar o desempenho de meninos e meninas em aspectos comportamentais<\/p>\n<p>&nbsp;<\/p>\n<figure id=\"attachment_1241\" aria-describedby=\"caption-attachment-1241\" style=\"width: 300px\" class=\"wp-caption aligncenter\"><img loading=\"lazy\" decoding=\"async\" class=\"size-full wp-image-1241\" src=\"https:\/\/blogs.correiobraziliense.com.br\/primeirainfancia\/wp-content\/uploads\/sites\/49\/2020\/07\/2-1.jpg\" alt=\"Mundo Crist\u00e3o \/ Reprodu\u00e7\u00e3o\" width=\"300\" height=\"452\" srcset=\"https:\/\/blogs.correiobraziliense.com.br\/primeirainfancia\/wp-content\/uploads\/sites\/49\/2020\/07\/2-1.jpg 300w, https:\/\/blogs.correiobraziliense.com.br\/primeirainfancia\/wp-content\/uploads\/sites\/49\/2020\/07\/2-1-199x300.jpg 199w, https:\/\/blogs.correiobraziliense.com.br\/primeirainfancia\/wp-content\/uploads\/sites\/49\/2020\/07\/2-1-230x347.jpg 230w\" sizes=\"auto, (max-width: 300px) 100vw, 300px\" \/><figcaption id=\"caption-attachment-1241\" class=\"wp-caption-text\">Capa do livro Crian\u00e7a Digital<\/figcaption><\/figure>\n<p>.<\/p>\n<p><a href=\"https:\/\/www.amazon.com.br\/crian%C3%A7a-digital-Ensinando-encontrar-equil%C3%ADbrio-ebook\/dp\/B0881Y8XLR\/ref=sr_1_6?__mk_pt_BR=%C3%85M%C3%85%C5%BD%C3%95%C3%91&amp;dchild=1&amp;keywords=A+crian%C3%A7a+digital&amp;qid=1590603491&amp;sr=8-6\">O livro Crian\u00e7a Digital est\u00e1 dispon\u00edvel na Amazon\u00a0<\/a>, e no <a href=\"https:\/\/www.mundocristao.com.br\/a-crianca-digital\/p\">E-commerce Mundo Crist\u00e3o\u00a0<\/a>, custando a partir de R$40,90.<\/p>\n<p>A principal pergunta a se fazer antes de ler a obra \u00e9: <strong>seu filho \u00e9 viciado em telas<\/strong>? Se a resposta for sim, a Editora Mundo Crist\u00e3o assegura que o equil\u00edbrio ser\u00e1 encontrado com a leitura do livro. Para ajudar a responder essa pergunta, a editora preparou um teste r\u00e1pido e gratuito para identificar. Confira:<\/p>\n<h3>Teste: seu filho passa tempo exagerado diante as telas?<\/h3>\n<p><strong>As quest\u00f5es a seguir podem ajudar a determinar se o tempo diante das telas est\u00e1 prejudicando ou n\u00e3o a sa\u00fade geral de seu filho. Marque cada quest\u00e3o usando a seguinte classifica\u00e7\u00e3o:<\/strong><\/p>\n<p>0 = Nunca ou raramente<\/p>\n<p>1 = De vez em quando<\/p>\n<p>2 = Geralmente<\/p>\n<p>3 = Sempre<\/p>\n<p>( ) Seu filho se irrita quando voc\u00ea pede que ele saia da frente da tela para jantar ou realizar outra atividade.<\/p>\n<p>( ) Seu filho pede que voc\u00ea compre um aparelho digital, como um tablet, mesmo depois de voc\u00ea ter dito n\u00e3o.<\/p>\n<p>( ) Seu filho tem dificuldade de terminar o dever de casa porque est\u00e1 ocupado vendo televis\u00e3o ou jogando v\u00eddeo game.<\/p>\n<p>( ) Seu filho recusa-se a ajudar nas tarefas dom\u00e9sticas porque prefere brincar com aparelhos eletr\u00f4nicos.<\/p>\n<p>( ) Seu filho pede para jogar v\u00eddeo game ou brincar com outra atividade diante da tela depois de voc\u00ea ter negado.<\/p>\n<p>( ) Seu filho n\u00e3o pratica atividades f\u00edsicas por ao menos uma hora ao dia.<\/p>\n<p>( ) Seu filho n\u00e3o faz contatos visuais frequentes com outras pessoas da fam\u00edlia.<\/p>\n<p>( ) Seu filho prefere jogar v\u00eddeo game a brincar ao ar livre com os amigos.<\/p>\n<p>( ) Seu filho n\u00e3o gosta de nada que n\u00e3o inclua aparelhos eletr\u00f4nicos.<\/p>\n<p>( ) Quando voc\u00ea pro\u00edbe o uso de aparelhos eletr\u00f4nicos por um dia, seu filho fica irritado e manhoso.<\/p>\n<h3>Se a pontua\u00e7\u00e3o for:<\/h3>\n<p><strong>De 10 para baixo:<\/strong> Seu filho n\u00e3o parece passar muito tempo diante das telas. Ele \u00e9 capaz de exercer controle e atuar dentro dos limites.<\/p>\n<p><strong>De 11 a 20:<\/strong> Seu filho pode estar muito dependente das telas. Voc\u00ea deve monitorar esse tempo com mais crit\u00e9rio e vigiar para que ele diminu\u00eda o contato com os aparelhos eletr\u00f4nicos.<\/p>\n<p><strong>De 21 a 30:<\/strong> Seu filho parece estar viciado em aparelhos eletr\u00f4nicos. Recorra a um conselheiro, pastor ou pai\/m\u00e3e que voc\u00ea respeite para receber orienta\u00e7\u00e3o.<\/p>\n","protected":false},"excerpt":{"rendered":"<p>Obra A Crian\u00e7a Digital, da editora Mundo Crist\u00e3o, promete ajudar pais a dosar o tempo ideal para que os filhos fiquem expostos ao mundo virtual Com alta acessibilidade, a tecnologia j\u00e1 faz parte do cotidiano de muitas crian\u00e7as. Durante o isolamento social, pode ser que o contato com as ferramentas digitais tenha crescido. Brincar com celular, tablet ou computador se [&hellip;]<\/p>\n","protected":false},"author":106,"featured_media":1240,"comment_status":"open","ping_status":"open","sticky":false,"template":"","format":"standard","meta":{"footnotes":""},"categories":[1],"tags":[71,2,120],"class_list":["post-1239","post","type-post","status-publish","format-standard","has-post-thumbnail","hentry","category-sem-categoria","tag-literatura","tag-primeira-infancia","tag-tecnologia"],"_links":{"self":[{"href":"https:\/\/blogs.correiobraziliense.com.br\/primeirainfancia\/wp-json\/wp\/v2\/posts\/1239","targetHints":{"allow":["GET"]}}],"collection":[{"href":"https:\/\/blogs.correiobraziliense.com.br\/primeirainfancia\/wp-json\/wp\/v2\/posts"}],"about":[{"href":"https:\/\/blogs.correiobraziliense.com.br\/primeirainfancia\/wp-json\/wp\/v2\/types\/post"}],"author":[{"embeddable":true,"href":"https:\/\/blogs.correiobraziliense.com.br\/primeirainfancia\/wp-json\/wp\/v2\/users\/106"}],"replies":[{"embeddable":true,"href":"https:\/\/blogs.correiobraziliense.com.br\/primeirainfancia\/wp-json\/wp\/v2\/comments?post=1239"}],"version-history":[{"count":0,"href":"https:\/\/blogs.correiobraziliense.com.br\/primeirainfancia\/wp-json\/wp\/v2\/posts\/1239\/revisions"}],"wp:featuredmedia":[{"embeddable":true,"href":"https:\/\/blogs.correiobraziliense.com.br\/primeirainfancia\/wp-json\/wp\/v2\/media\/1240"}],"wp:attachment":[{"href":"https:\/\/blogs.correiobraziliense.com.br\/primeirainfancia\/wp-json\/wp\/v2\/media?parent=1239"}],"wp:term":[{"taxonomy":"category","embeddable":true,"href":"https:\/\/blogs.correiobraziliense.com.br\/primeirainfancia\/wp-json\/wp\/v2\/categories?post=1239"},{"taxonomy":"post_tag","embeddable":true,"href":"https:\/\/blogs.correiobraziliense.com.br\/primeirainfancia\/wp-json\/wp\/v2\/tags?post=1239"}],"curies":[{"name":"wp","href":"https:\/\/api.w.org\/{rel}","templated":true}]}}