{"id":1226,"date":"2020-06-24T22:48:07","date_gmt":"2020-06-24T22:48:07","guid":{"rendered":"http:\/\/blogs.correiobraziliense.com.br\/primeirainfancia\/?p=1226"},"modified":"2020-06-24T22:48:07","modified_gmt":"2020-06-24T22:48:07","slug":"projeto-lanca-livros-infantis-com-dicas-de-combate-ao-coronavirus","status":"publish","type":"post","link":"https:\/\/blogs.correiobraziliense.com.br\/primeirainfancia\/2020\/06\/24\/projeto-lanca-livros-infantis-com-dicas-de-combate-ao-coronavirus\/","title":{"rendered":"Projeto lan\u00e7a livros infantis com dicas de combate ao coronav\u00edrus"},"content":{"rendered":"<p>Para ajudar crian\u00e7as em tempos de pandemia, obras digitais gratuitas abordam temas como prote\u00e7\u00e3o e higiene pessoal, disciplina escolar e rotina familiar<\/p>\n<p>Devido \u00e0 pandemia do novo coronav\u00edrus, o projeto brasiliense Sibita Livros Infantis precisou se reinventar. A editora pretendia se lan\u00e7ar ao mercado neste ano, mas a impossibilidade de publicar, imprimir e divulgar as obras fez com que a equipe alterasse a rota dos planos.<\/p>\n<p>O grupo lan\u00e7ou uma pequena cole\u00e7\u00e3o de livros com dicas para o enfrentamento da covid-19. A leitura \u00e9 digital e o download pode ser feito gratuitamente no <a href=\"https:\/\/sibita.com.br\/\">site da editora<\/a>.<\/p>\n<p>J\u00e1 est\u00e3o dispon\u00edveis tr\u00eas livros: Guia do her\u00f3i contra o inimigo invis\u00edvel, Guia do estudante contra o inimigo invis\u00edvel e Guia da fam\u00edlia contra o inimigo invis\u00edvel.<\/p>\n<figure id=\"attachment_1230\" aria-describedby=\"caption-attachment-1230\" style=\"width: 700px\" class=\"wp-caption aligncenter\"><img loading=\"lazy\" decoding=\"async\" class=\"size-full wp-image-1230\" src=\"https:\/\/blogs.correiobraziliense.com.br\/primeirainfancia\/wp-content\/uploads\/sites\/49\/2020\/06\/4-1.jpg\" alt=\"Sibita\/Divulga\u00e7\u00e3o\" width=\"700\" height=\"500\" srcset=\"https:\/\/blogs.correiobraziliense.com.br\/primeirainfancia\/wp-content\/uploads\/sites\/49\/2020\/06\/4-1.jpg 700w, https:\/\/blogs.correiobraziliense.com.br\/primeirainfancia\/wp-content\/uploads\/sites\/49\/2020\/06\/4-1-300x214.jpg 300w, https:\/\/blogs.correiobraziliense.com.br\/primeirainfancia\/wp-content\/uploads\/sites\/49\/2020\/06\/4-1-550x393.jpg 550w, https:\/\/blogs.correiobraziliense.com.br\/primeirainfancia\/wp-content\/uploads\/sites\/49\/2020\/06\/4-1-230x164.jpg 230w\" sizes=\"auto, (max-width: 700px) 100vw, 700px\" \/><figcaption id=\"caption-attachment-1230\" class=\"wp-caption-text\">Obras infantis est\u00e3o dispon\u00edveis gratuitamente para download<\/figcaption><\/figure>\n<h3>Sobre a iniciativa<\/h3>\n<p>A Sibita \u00e9 um projeto brasiliense que surgiu do encontro entre dois apaixonados pelo universo infantil e suas possibilidades. Os idealizadores s\u00e3o um pai de primeira viagem e ilustrador profissional e uma rela\u00e7\u00f5es p\u00fablicas que gosta de contar hist\u00f3rias. Elder Galv\u00e3o, pai da Manu, e a autora Soraia Lima se juntaram acreditando no poder transformador da leitura. A editora j\u00e1 come\u00e7a inserida na corrente do bem que se forma durante a crise de covid-19.<\/p>\n<h3>Inspira\u00e7\u00e3o especial<\/h3>\n<p>Um dos livros teve as ilustra\u00e7\u00f5es inspiradas na pequena J\u00falia, uma menina do interior da Bahia. Em um v\u00eddeo, a menina diz que vai \u201cacabar com o coronav\u00edrus\u201d, influenciada pela leitura da primeira obra, que aborda o risco de contamina\u00e7\u00e3o e como as crian\u00e7as podem ser as protagonistas (her\u00f3is ou hero\u00ednas) da pr\u00f3pria prote\u00e7\u00e3o e higiene pessoal.<\/p>\n<p><iframe loading=\"lazy\" width=\"1440\" height=\"810\" src=\"https:\/\/www.youtube.com\/embed\/YDa2u4qBA-8?feature=oembed\" frameborder=\"0\" allow=\"accelerometer; autoplay; encrypted-media; gyroscope; picture-in-picture\" allowfullscreen><\/iframe><\/p>\n<p>O livrinho Guia da fam\u00edlia contra o inimigo invis\u00edvel foi inspirado na J\u00falia e fala sobre amor, mudan\u00e7as na rotina familiar e o valor de estar juntos cuidando uns dos outros todos os dias.<\/p>\n<figure id=\"attachment_1227\" aria-describedby=\"caption-attachment-1227\" style=\"width: 300px\" class=\"wp-caption aligncenter\"><img loading=\"lazy\" decoding=\"async\" class=\"size-full wp-image-1227\" src=\"https:\/\/blogs.correiobraziliense.com.br\/primeirainfancia\/wp-content\/uploads\/sites\/49\/2020\/06\/1-11-1.jpg\" alt=\"Sibita\/Divulga\u00e7\u00e3o\" width=\"300\" height=\"423\" \/><figcaption id=\"caption-attachment-1227\" class=\"wp-caption-text\">Guia da fam\u00edlia contra o inimigo invis\u00edvel, com ilustra\u00e7\u00e3o inspirada na menina J\u00falia<\/figcaption><\/figure>\n<h3>Os outros livros do projeto<\/h3>\n<p>O Guia do her\u00f3i contra o inimigo invis\u00edvel traz informa\u00e7\u00f5es sobre como n\u00e3o se contagiar pelo coronav\u00edrus e como as crian\u00e7as podem ser her\u00f3is e hero\u00ednas nessa miss\u00e3o.<\/p>\n<p>&nbsp;<\/p>\n<figure id=\"attachment_1229\" aria-describedby=\"caption-attachment-1229\" style=\"width: 300px\" class=\"wp-caption aligncenter\"><img loading=\"lazy\" decoding=\"async\" class=\"size-full wp-image-1229\" src=\"https:\/\/blogs.correiobraziliense.com.br\/primeirainfancia\/wp-content\/uploads\/sites\/49\/2020\/06\/3-1-1.jpg\" alt=\"Sibita\/Divulga\u00e7\u00e3o\" width=\"300\" height=\"423\" srcset=\"https:\/\/blogs.correiobraziliense.com.br\/primeirainfancia\/wp-content\/uploads\/sites\/49\/2020\/06\/3-1-1.jpg 300w, https:\/\/blogs.correiobraziliense.com.br\/primeirainfancia\/wp-content\/uploads\/sites\/49\/2020\/06\/3-1-1-213x300.jpg 213w, https:\/\/blogs.correiobraziliense.com.br\/primeirainfancia\/wp-content\/uploads\/sites\/49\/2020\/06\/3-1-1-230x324.jpg 230w\" sizes=\"auto, (max-width: 300px) 100vw, 300px\" \/><figcaption id=\"caption-attachment-1229\" class=\"wp-caption-text\">Guia do her\u00f3i contra o inimigo invis\u00edvel<\/figcaption><\/figure>\n<p>Dedicada a estudantes, o Guia do estudante contra o inimigo invis\u00edvel ilustra a import\u00e2ncia de estabelecer uma disciplina escolar adequada frente \u00e0s dificuldades do ensino a dist\u00e2ncia.<\/p>\n<p>&nbsp;<\/p>\n<figure id=\"attachment_1228\" aria-describedby=\"caption-attachment-1228\" style=\"width: 300px\" class=\"wp-caption aligncenter\"><img loading=\"lazy\" decoding=\"async\" class=\"size-full wp-image-1228\" src=\"https:\/\/blogs.correiobraziliense.com.br\/primeirainfancia\/wp-content\/uploads\/sites\/49\/2020\/06\/2-3-1.jpg\" alt=\"Sibita\/Divulga\u00e7\u00e3o\" width=\"300\" height=\"423\" srcset=\"https:\/\/blogs.correiobraziliense.com.br\/primeirainfancia\/wp-content\/uploads\/sites\/49\/2020\/06\/2-3-1.jpg 300w, https:\/\/blogs.correiobraziliense.com.br\/primeirainfancia\/wp-content\/uploads\/sites\/49\/2020\/06\/2-3-1-213x300.jpg 213w, https:\/\/blogs.correiobraziliense.com.br\/primeirainfancia\/wp-content\/uploads\/sites\/49\/2020\/06\/2-3-1-230x324.jpg 230w\" sizes=\"auto, (max-width: 300px) 100vw, 300px\" \/><figcaption id=\"caption-attachment-1228\" class=\"wp-caption-text\">Guia do estudante contra o inimigo invis\u00edvel<\/figcaption><\/figure>\n<h3>Incentivo \u00e0 leitura<\/h3>\n<p>Al\u00e9m das obras, a Sibita Livros Infantis divulga dicas de incentivo \u00e0 leitura nas redes sociais. O objetivo \u00e9 ajudar os pais a despertarem o h\u00e1bito da leitura nos filhos. As postagens s\u00e3o feitas no <a href=\"https:\/\/www.instagram.com\/sibitalivros\/\">Instagram\u00a0<\/a>\u00a0e no <a href=\"https:\/\/www.facebook.com\/sibitalivros\/about\/?ref=page_internal\">Facebook<\/a>.<\/p>\n","protected":false},"excerpt":{"rendered":"<p>Para ajudar crian\u00e7as em tempos de pandemia, obras digitais gratuitas abordam temas como prote\u00e7\u00e3o e higiene pessoal, disciplina escolar e rotina familiar Devido \u00e0 pandemia do novo coronav\u00edrus, o projeto brasiliense Sibita Livros Infantis precisou se reinventar. A editora pretendia se lan\u00e7ar ao mercado neste ano, mas a impossibilidade de publicar, imprimir e divulgar as obras fez com que a [&hellip;]<\/p>\n","protected":false},"author":106,"featured_media":1230,"comment_status":"open","ping_status":"open","sticky":false,"template":"","format":"standard","meta":{"footnotes":""},"categories":[1],"tags":[270,71,33],"class_list":["post-1226","post","type-post","status-publish","format-standard","has-post-thumbnail","hentry","category-sem-categoria","tag-coronavirus","tag-literatura","tag-livro-infantil"],"_links":{"self":[{"href":"https:\/\/blogs.correiobraziliense.com.br\/primeirainfancia\/wp-json\/wp\/v2\/posts\/1226","targetHints":{"allow":["GET"]}}],"collection":[{"href":"https:\/\/blogs.correiobraziliense.com.br\/primeirainfancia\/wp-json\/wp\/v2\/posts"}],"about":[{"href":"https:\/\/blogs.correiobraziliense.com.br\/primeirainfancia\/wp-json\/wp\/v2\/types\/post"}],"author":[{"embeddable":true,"href":"https:\/\/blogs.correiobraziliense.com.br\/primeirainfancia\/wp-json\/wp\/v2\/users\/106"}],"replies":[{"embeddable":true,"href":"https:\/\/blogs.correiobraziliense.com.br\/primeirainfancia\/wp-json\/wp\/v2\/comments?post=1226"}],"version-history":[{"count":0,"href":"https:\/\/blogs.correiobraziliense.com.br\/primeirainfancia\/wp-json\/wp\/v2\/posts\/1226\/revisions"}],"wp:featuredmedia":[{"embeddable":true,"href":"https:\/\/blogs.correiobraziliense.com.br\/primeirainfancia\/wp-json\/wp\/v2\/media\/1230"}],"wp:attachment":[{"href":"https:\/\/blogs.correiobraziliense.com.br\/primeirainfancia\/wp-json\/wp\/v2\/media?parent=1226"}],"wp:term":[{"taxonomy":"category","embeddable":true,"href":"https:\/\/blogs.correiobraziliense.com.br\/primeirainfancia\/wp-json\/wp\/v2\/categories?post=1226"},{"taxonomy":"post_tag","embeddable":true,"href":"https:\/\/blogs.correiobraziliense.com.br\/primeirainfancia\/wp-json\/wp\/v2\/tags?post=1226"}],"curies":[{"name":"wp","href":"https:\/\/api.w.org\/{rel}","templated":true}]}}