{"id":1223,"date":"2020-06-23T20:15:45","date_gmt":"2020-06-23T20:15:45","guid":{"rendered":"http:\/\/blogs.correiobraziliense.com.br\/primeirainfancia\/?p=1223"},"modified":"2020-06-23T20:15:45","modified_gmt":"2020-06-23T20:15:45","slug":"evento-on-line-discute-relacao-da-crianca-com-o-mundo-digital","status":"publish","type":"post","link":"https:\/\/blogs.correiobraziliense.com.br\/primeirainfancia\/2020\/06\/23\/evento-on-line-discute-relacao-da-crianca-com-o-mundo-digital\/","title":{"rendered":"Evento on-line discute rela\u00e7\u00e3o da crian\u00e7a com o mundo digital"},"content":{"rendered":"<p>Organizados pelo Instituto Alana, encontros contar\u00e3o com a participa\u00e7\u00e3o de especialistas de diversas \u00e1reas<\/p>\n<p>O Instituto Alana, organiza\u00e7\u00e3o sem fins lucrativos, promove o evento &#8220;Ser Crian\u00e7a no Mundo Digital &#8211; s\u00e9rie de conversas on-line&#8221;, com o apoio do N\u00facleo de Informa\u00e7\u00e3o e Coordena\u00e7\u00e3o do Ponto BR (NIC.br) e do portal Lunetas.<\/p>\n<p>Seis rodas de conversas trar\u00e3o temas relacionados ao uso da tecnologia por crian\u00e7as e adolescentes e o papel da fam\u00edlia, das escolas, do Estado, das empresas e de plataformas de tecnologia. As inscri\u00e7\u00f5es est\u00e3o abertas no <a href=\"https:\/\/sercrianca.alana.org.br\/\">site<\/a>.<\/p>\n<figure id=\"attachment_1224\" aria-describedby=\"caption-attachment-1224\" style=\"width: 750px\" class=\"wp-caption aligncenter\"><img loading=\"lazy\" decoding=\"async\" class=\"size-full wp-image-1224\" src=\"https:\/\/blogs.correiobraziliense.com.br\/primeirainfancia\/wp-content\/uploads\/sites\/49\/2020\/06\/1-10-1.jpg\" alt=\"Patricia Prudente \/ Unsplash \" width=\"750\" height=\"500\" srcset=\"https:\/\/blogs.correiobraziliense.com.br\/primeirainfancia\/wp-content\/uploads\/sites\/49\/2020\/06\/1-10-1.jpg 750w, https:\/\/blogs.correiobraziliense.com.br\/primeirainfancia\/wp-content\/uploads\/sites\/49\/2020\/06\/1-10-1-300x200.jpg 300w, https:\/\/blogs.correiobraziliense.com.br\/primeirainfancia\/wp-content\/uploads\/sites\/49\/2020\/06\/1-10-1-550x367.jpg 550w, https:\/\/blogs.correiobraziliense.com.br\/primeirainfancia\/wp-content\/uploads\/sites\/49\/2020\/06\/1-10-1-230x153.jpg 230w\" sizes=\"auto, (max-width: 750px) 100vw, 750px\" \/><figcaption id=\"caption-attachment-1224\" class=\"wp-caption-text\">Evento on-line discutir\u00e1 a rela\u00e7\u00e3o entre a inf\u00e2ncia e o mundo digital<\/figcaption><\/figure>\n<p>A s\u00e9rie de conversas estr\u00e9ia na sexta-feira (26\/6), \u00e0s 17h, no <a href=\"https:\/\/sercrianca.alana.org.br\/\">site do instituto<\/a>.Os encontro seguintes ser\u00e3o feitos em 3, 17 e 24 de julho e em 7 e 14 de agosto. Os di\u00e1logos ser\u00e3o transmitidos com recursos de acessibilidade (int\u00e9rprete de Libras e legenda em tempo real).<\/p>\n<p>Cada mesa contar\u00e1 com a participa\u00e7\u00e3o de especialistas das \u00e1reas da educa\u00e7\u00e3o, psicologia, tecnologia e direito, que v\u00e3o dialogar e responder a perguntas do p\u00fablico.<\/p>\n<h3>Entenda a programa\u00e7\u00e3o<\/h3>\n<p>A primeira conversa ter\u00e1 a participa\u00e7\u00e3o de Vera Iaconelli, doutora em psicologia pela Universidade de S\u00e3o Paulo (USP), e Rodrigo Nejm, diretor de educa\u00e7\u00e3o da Safernet. A medi\u00e7\u00e3o ser\u00e1 feita por Carolina Pasquali, jornalista e diretora executiva do Instituto Alana.<\/p>\n<p>&#8220;Crian\u00e7as no mundo digital: oportunidades e desafios&#8221; apresentar\u00e1 um panorama geral do tema e os impactos da rela\u00e7\u00e3o da crian\u00e7a com as tecnologias digitais em seu desenvolvimento integral.<\/p>\n<p>Na semana seguinte, em 3 de julho, o tema do debate ser\u00e1 &#8220;O papel das fam\u00edlias na rela\u00e7\u00e3o da crian\u00e7a com o mundo digital&#8221; ,com Karina M. Menezes, pedagoga, presidente do Raul Hacker Club de Salvador Bahia e idealizadora do Projeto Crian\u00e7as Hackers. Haver\u00e1 tamb\u00e9m a presen\u00e7a da escritora, palestrante e empreendedora Roberta Ferec, autora do livro Tela com cautela.<\/p>\n<p>O bate-papo abordar\u00e1 os caminhos que as fam\u00edlias podem seguir para construir uma rela\u00e7\u00e3o saud\u00e1vel, criativa e segura das crian\u00e7as com a internet. Maria Isabel de Barros, pesquisadora do programa Crian\u00e7a e Natureza, do Instituto Alana, ser\u00e1 a mediadora dessa conversa.<\/p>\n<p>A terceira live ser\u00e1 sobre &#8220;A participa\u00e7\u00e3o das crian\u00e7as no mundo digital&#8221;, que abordar\u00e1 os modos de ser, conviver e participar deste ambiente e a import\u00e2ncia de estimular a cidadania digital. A sess\u00e3o ocorre no dia 17 de julho, \u00e0s 17h, e participam In\u00eas Vitorino, doutora em ci\u00eancias sociais pela Universidade Estadual de Campinas (Unicamp), e Ariane Cor, cofundadora do Minas Programam.<\/p>\n<p>Em 24 de julho, o di\u00e1logo abordar\u00e1 &#8220;Tecnologia como oportunidade de educa\u00e7\u00e3o para todos&#8221;. Nesse dia, Rita Bersch, mestre em design pela Universidade Federal do Rio Grande do Sul (UFRGS), com pesquisa na \u00e1rea de tecnologia assistiva; e Odara Del\u00e9, professora da rede estadual de ensino de S\u00e3o Paulo e criadora do projeto e aplicativo Alfabantu, conversam sobre a tecnologia na elimina\u00e7\u00e3o de barreiras sociais e os diversos caminhos de aprendizagem. A media\u00e7\u00e3o das duas conversas ser\u00e1 feita por Raquel Franzim, coordenadora da \u00e1rea de educa\u00e7\u00e3o do Instituto Alana.<\/p>\n<p>Para encerrar a s\u00e9rie, em 14 de agosto, as garantias de prote\u00e7\u00e3o dos dados das crian\u00e7as frente \u00e0 explora\u00e7\u00e3o de todo tipo, inclusive comercial, nortear\u00e3o o debate final. Com o tema &#8220;Explora\u00e7\u00e3o comercial da crian\u00e7a no mundo digital&#8221;, o evento ter\u00e1 participa\u00e7\u00e3o de Danilo Doneda, advogado e professor, e Kelli Angelini, mestre em direito civil pela Pontif\u00edcia Universidade Cat\u00f3lica de S\u00e3o Paulo (PUC-SP) e gerente da assessoria jur\u00eddica do NIC.br. A media\u00e7\u00e3o ser\u00e1 de Isabella Henriques, advogada e diretora executiva do Instituto Alana.<\/p>\n<p>Confira mais informa\u00e7\u00f5es no <a href=\"https:\/\/alana.org.br\/ser-crianca-no-mundo-digital\/\">link<\/a>.<\/p>\n","protected":false},"excerpt":{"rendered":"<p>Organizados pelo Instituto Alana, encontros contar\u00e3o com a participa\u00e7\u00e3o de especialistas de diversas \u00e1reas O Instituto Alana, organiza\u00e7\u00e3o sem fins lucrativos, promove o evento &#8220;Ser Crian\u00e7a no Mundo Digital &#8211; s\u00e9rie de conversas on-line&#8221;, com o apoio do N\u00facleo de Informa\u00e7\u00e3o e Coordena\u00e7\u00e3o do Ponto BR (NIC.br) e do portal Lunetas. Seis rodas de conversas trar\u00e3o temas relacionados ao uso [&hellip;]<\/p>\n","protected":false},"author":106,"featured_media":1224,"comment_status":"open","ping_status":"open","sticky":false,"template":"","format":"standard","meta":{"footnotes":""},"categories":[1],"tags":[283],"class_list":["post-1223","post","type-post","status-publish","format-standard","has-post-thumbnail","hentry","category-sem-categoria","tag-infancia-mundo-digital-tecnologia"],"_links":{"self":[{"href":"https:\/\/blogs.correiobraziliense.com.br\/primeirainfancia\/wp-json\/wp\/v2\/posts\/1223","targetHints":{"allow":["GET"]}}],"collection":[{"href":"https:\/\/blogs.correiobraziliense.com.br\/primeirainfancia\/wp-json\/wp\/v2\/posts"}],"about":[{"href":"https:\/\/blogs.correiobraziliense.com.br\/primeirainfancia\/wp-json\/wp\/v2\/types\/post"}],"author":[{"embeddable":true,"href":"https:\/\/blogs.correiobraziliense.com.br\/primeirainfancia\/wp-json\/wp\/v2\/users\/106"}],"replies":[{"embeddable":true,"href":"https:\/\/blogs.correiobraziliense.com.br\/primeirainfancia\/wp-json\/wp\/v2\/comments?post=1223"}],"version-history":[{"count":0,"href":"https:\/\/blogs.correiobraziliense.com.br\/primeirainfancia\/wp-json\/wp\/v2\/posts\/1223\/revisions"}],"wp:featuredmedia":[{"embeddable":true,"href":"https:\/\/blogs.correiobraziliense.com.br\/primeirainfancia\/wp-json\/wp\/v2\/media\/1224"}],"wp:attachment":[{"href":"https:\/\/blogs.correiobraziliense.com.br\/primeirainfancia\/wp-json\/wp\/v2\/media?parent=1223"}],"wp:term":[{"taxonomy":"category","embeddable":true,"href":"https:\/\/blogs.correiobraziliense.com.br\/primeirainfancia\/wp-json\/wp\/v2\/categories?post=1223"},{"taxonomy":"post_tag","embeddable":true,"href":"https:\/\/blogs.correiobraziliense.com.br\/primeirainfancia\/wp-json\/wp\/v2\/tags?post=1223"}],"curies":[{"name":"wp","href":"https:\/\/api.w.org\/{rel}","templated":true}]}}