{"id":1217,"date":"2020-06-23T19:55:21","date_gmt":"2020-06-23T19:55:21","guid":{"rendered":"http:\/\/blogs.correiobraziliense.com.br\/primeirainfancia\/?p=1217"},"modified":"2020-06-23T19:55:21","modified_gmt":"2020-06-23T19:55:21","slug":"serio-de-webinarios-debate-retorno-as-aulas-da-educacao-infantil","status":"publish","type":"post","link":"https:\/\/blogs.correiobraziliense.com.br\/primeirainfancia\/2020\/06\/23\/serio-de-webinarios-debate-retorno-as-aulas-da-educacao-infantil\/","title":{"rendered":"S\u00e9rie de webin\u00e1rios debate retorno \u00e0s aulas da educa\u00e7\u00e3o infantil"},"content":{"rendered":"<p>Organizados pela Funda\u00e7\u00e3o Maria Cecilia Souto Vidigal, os encontros virtuais visam debater a retomada escolar sobre as mais diversas perspectivas.<\/p>\n<figure id=\"attachment_1218\" aria-describedby=\"caption-attachment-1218\" style=\"width: 540px\" class=\"wp-caption aligncenter\"><img loading=\"lazy\" decoding=\"async\" class=\"size-full wp-image-1218\" src=\"https:\/\/blogs.correiobraziliense.com.br\/primeirainfancia\/wp-content\/uploads\/sites\/49\/2020\/06\/1-9-1.jpg\" alt=\"Funda\u00e7\u00e3o Maria Cecilia Souto Vidigal\/Divulga\u00e7\u00e3o\" width=\"540\" height=\"540\" srcset=\"https:\/\/blogs.correiobraziliense.com.br\/primeirainfancia\/wp-content\/uploads\/sites\/49\/2020\/06\/1-9-1.jpg 540w, https:\/\/blogs.correiobraziliense.com.br\/primeirainfancia\/wp-content\/uploads\/sites\/49\/2020\/06\/1-9-1-150x150.jpg 150w, https:\/\/blogs.correiobraziliense.com.br\/primeirainfancia\/wp-content\/uploads\/sites\/49\/2020\/06\/1-9-1-300x300.jpg 300w, https:\/\/blogs.correiobraziliense.com.br\/primeirainfancia\/wp-content\/uploads\/sites\/49\/2020\/06\/1-9-1-230x230.jpg 230w\" sizes=\"auto, (max-width: 540px) 100vw, 540px\" \/><figcaption id=\"caption-attachment-1218\" class=\"wp-caption-text\">Confira a programa\u00e7\u00e3o dos semin\u00e1rios on-line<\/figcaption><\/figure>\n<p>A partir de quarta-feira (24\/6), a Funda\u00e7\u00e3o Maria Cecilia Souto Vidigal promove uma s\u00e9rie de webin\u00e1rios sobre o retorno \u00e0s aulas do ensino infantil ap\u00f3s a pandemia do novo coronav\u00edrus.<\/p>\n<p>Com o tema &#8220;Volta \u00e0s atividades na educa\u00e7\u00e3o Infantil: como e quando voltar?&#8221;, os encontros virtuais visam debater a retomada escolar sobre as mais diversas perspectivas. As inscri\u00e7\u00f5es podem ser feitas pelo <a href=\"https:\/\/us02web.zoom.us\/webinar\/register\/WN_YNtY7waGQdO8hEKyXrGo1Q\">link<\/a>.<\/p>\n<figure id=\"attachment_1219\" aria-describedby=\"caption-attachment-1219\" style=\"width: 540px\" class=\"wp-caption aligncenter\"><img loading=\"lazy\" decoding=\"async\" class=\"size-full wp-image-1219\" src=\"https:\/\/blogs.correiobraziliense.com.br\/primeirainfancia\/wp-content\/uploads\/sites\/49\/2020\/06\/2-2-1.jpg\" alt=\"Funda\u00e7\u00e3o Maria Cecilia Souto Vidigal\/Divulga\u00e7\u00e3o\" width=\"540\" height=\"540\" srcset=\"https:\/\/blogs.correiobraziliense.com.br\/primeirainfancia\/wp-content\/uploads\/sites\/49\/2020\/06\/2-2-1.jpg 540w, https:\/\/blogs.correiobraziliense.com.br\/primeirainfancia\/wp-content\/uploads\/sites\/49\/2020\/06\/2-2-1-150x150.jpg 150w, https:\/\/blogs.correiobraziliense.com.br\/primeirainfancia\/wp-content\/uploads\/sites\/49\/2020\/06\/2-2-1-300x300.jpg 300w, https:\/\/blogs.correiobraziliense.com.br\/primeirainfancia\/wp-content\/uploads\/sites\/49\/2020\/06\/2-2-1-230x230.jpg 230w\" sizes=\"auto, (max-width: 540px) 100vw, 540px\" \/><figcaption id=\"caption-attachment-1219\" class=\"wp-caption-text\">Saiba quem vai participar no encontro de estreia, na quarta (24\/6)<\/figcaption><\/figure>\n<p>O primeiro webin\u00e1rio ter\u00e1 como foco a regulamenta\u00e7\u00e3o das atividades e ter\u00e1 a participa\u00e7\u00e3o dos deputados federais Idilvan Alencar (PDT-CE) e Pedro Cunha Lima (PSDB-PB). Al\u00e9m deles, marcar\u00e3o presen\u00e7a Luis Antonio Miguel Ferreira, promotor de Justi\u00e7a do Estado de S\u00e3o Paulo; e Luiz Miguel Martins Garcia, presidente da Uni\u00e3o Nacional dos Dirigentes Municipais de Educa\u00e7\u00e3o (Undime).<\/p>\n<h3>Sobre a Funda\u00e7\u00e3o<\/h3>\n<p>Desde 2007, a Funda\u00e7\u00e3o Maria Cecilia Souto Vidigal trabalha pela causa da primeira inf\u00e2ncia, com o objetivo de impactar positivamente o desenvolvimento de crian\u00e7as nos primeiros anos de vida. As principais frentes de atua\u00e7\u00e3o da institui\u00e7\u00e3o, fundada em 1965, s\u00e3o a promo\u00e7\u00e3o da educa\u00e7\u00e3o infantil de qualidade \u2014 creche para quem quer ou precisa e pr\u00e9-escola para todos; o fortalecimento dos servi\u00e7os de parentalidade, para apoiar quem cuida; a avalia\u00e7\u00e3o do desenvolvimento das crian\u00e7as \u2014 o que n\u00e3o se pode medir, n\u00e3o se pode melhorar; e a sensibiliza\u00e7\u00e3o de toda a sociedade sobre o impacto, ao longo da vida, das experi\u00eancias vividas na primeira inf\u00e2ncia.<\/p>\n<p>&nbsp;<\/p>\n<p>&nbsp;<\/p>\n","protected":false},"excerpt":{"rendered":"<p>Organizados pela Funda\u00e7\u00e3o Maria Cecilia Souto Vidigal, os encontros virtuais visam debater a retomada escolar sobre as mais diversas perspectivas. A partir de quarta-feira (24\/6), a Funda\u00e7\u00e3o Maria Cecilia Souto Vidigal promove uma s\u00e9rie de webin\u00e1rios sobre o retorno \u00e0s aulas do ensino infantil ap\u00f3s a pandemia do novo coronav\u00edrus. Com o tema &#8220;Volta \u00e0s atividades na educa\u00e7\u00e3o Infantil: como [&hellip;]<\/p>\n","protected":false},"author":106,"featured_media":1219,"comment_status":"open","ping_status":"open","sticky":false,"template":"","format":"standard","meta":{"footnotes":""},"categories":[1],"tags":[267,2,282],"class_list":["post-1217","post","type-post","status-publish","format-standard","has-post-thumbnail","hentry","category-sem-categoria","tag-pandemia","tag-primeira-infancia","tag-volta-as-aulas"],"_links":{"self":[{"href":"https:\/\/blogs.correiobraziliense.com.br\/primeirainfancia\/wp-json\/wp\/v2\/posts\/1217","targetHints":{"allow":["GET"]}}],"collection":[{"href":"https:\/\/blogs.correiobraziliense.com.br\/primeirainfancia\/wp-json\/wp\/v2\/posts"}],"about":[{"href":"https:\/\/blogs.correiobraziliense.com.br\/primeirainfancia\/wp-json\/wp\/v2\/types\/post"}],"author":[{"embeddable":true,"href":"https:\/\/blogs.correiobraziliense.com.br\/primeirainfancia\/wp-json\/wp\/v2\/users\/106"}],"replies":[{"embeddable":true,"href":"https:\/\/blogs.correiobraziliense.com.br\/primeirainfancia\/wp-json\/wp\/v2\/comments?post=1217"}],"version-history":[{"count":0,"href":"https:\/\/blogs.correiobraziliense.com.br\/primeirainfancia\/wp-json\/wp\/v2\/posts\/1217\/revisions"}],"wp:featuredmedia":[{"embeddable":true,"href":"https:\/\/blogs.correiobraziliense.com.br\/primeirainfancia\/wp-json\/wp\/v2\/media\/1219"}],"wp:attachment":[{"href":"https:\/\/blogs.correiobraziliense.com.br\/primeirainfancia\/wp-json\/wp\/v2\/media?parent=1217"}],"wp:term":[{"taxonomy":"category","embeddable":true,"href":"https:\/\/blogs.correiobraziliense.com.br\/primeirainfancia\/wp-json\/wp\/v2\/categories?post=1217"},{"taxonomy":"post_tag","embeddable":true,"href":"https:\/\/blogs.correiobraziliense.com.br\/primeirainfancia\/wp-json\/wp\/v2\/tags?post=1217"}],"curies":[{"name":"wp","href":"https:\/\/api.w.org\/{rel}","templated":true}]}}