{"id":1203,"date":"2020-06-12T22:10:55","date_gmt":"2020-06-12T22:10:55","guid":{"rendered":"http:\/\/blogs.correiobraziliense.com.br\/primeirainfancia\/?p=1203"},"modified":"2020-06-12T22:10:55","modified_gmt":"2020-06-12T22:10:55","slug":"unicef-alerta-para-o-risco-de-aumento-do-trabalho-infantil-na-pandemia","status":"publish","type":"post","link":"https:\/\/blogs.correiobraziliense.com.br\/primeirainfancia\/2020\/06\/12\/unicef-alerta-para-o-risco-de-aumento-do-trabalho-infantil-na-pandemia\/","title":{"rendered":"Unicef alerta para o risco de aumento do trabalho infantil na pandemia"},"content":{"rendered":"<p>Em Bras\u00edlia, a campanha &#8220;Educar para mudar&#8221; arrecada livros e brinquedos para ajudar crian\u00e7as e combater esse tipo de explora\u00e7\u00e3o<\/p>\n<p>No Dia Mundial Contra o Trabalho Infantil (12\/6), o Fundo das Na\u00e7\u00f5es Unidas para a Inf\u00e2ncia (Unicef) faz um alerta sobre o risco aumentado do trabalho infantil durante e ap\u00f3s a pandemia.<\/p>\n<p>O Unicef fez um apelo \u00e0s empresas para refor\u00e7ar seu compromisso com a implementa\u00e7\u00e3o da Lei da Aprendizagem, visto que ela \u00e9 uma das formas de combater o trabalho infantil.<\/p>\n<figure id=\"attachment_1204\" aria-describedby=\"caption-attachment-1204\" style=\"width: 750px\" class=\"wp-caption aligncenter\"><img loading=\"lazy\" decoding=\"async\" class=\"size-full wp-image-1204\" src=\"https:\/\/blogs.correiobraziliense.com.br\/primeirainfancia\/wp-content\/uploads\/sites\/49\/2020\/06\/1-7-1.jpg\" alt=\"Sandy Millar \/ Unsplash\" width=\"750\" height=\"500\" srcset=\"https:\/\/blogs.correiobraziliense.com.br\/primeirainfancia\/wp-content\/uploads\/sites\/49\/2020\/06\/1-7-1.jpg 750w, https:\/\/blogs.correiobraziliense.com.br\/primeirainfancia\/wp-content\/uploads\/sites\/49\/2020\/06\/1-7-1-300x200.jpg 300w, https:\/\/blogs.correiobraziliense.com.br\/primeirainfancia\/wp-content\/uploads\/sites\/49\/2020\/06\/1-7-1-550x367.jpg 550w, https:\/\/blogs.correiobraziliense.com.br\/primeirainfancia\/wp-content\/uploads\/sites\/49\/2020\/06\/1-7-1-230x153.jpg 230w\" sizes=\"auto, (max-width: 750px) 100vw, 750px\" \/><figcaption id=\"caption-attachment-1204\" class=\"wp-caption-text\">Dia Mundial Contra o Trabalho Infantil \u00e9 lembrado em 12 de junho<\/figcaption><\/figure>\n<p>De acordo com a institui\u00e7\u00e3o, o acesso \u00e0 educa\u00e7\u00e3o, combinado com uma forma\u00e7\u00e3o t\u00e9cnico-profissional e uma op\u00e7\u00e3o de renda, se mostra ainda mais importante em um per\u00edodo de p\u00f3s-pandemia, para que adolescentes possam permanecer na escola.<\/p>\n<p>\u201cCom as escolas fechadas para prevenir a transmiss\u00e3o do v\u00edrus, e a pobreza se acentuando, o trabalho pode parecer, equivocadamente, uma forma de meninas e meninos ajudarem suas fam\u00edlias\u201d, explicou o Unicef, em nota.<\/p>\n<p>\u201cMas ele impacta o desenvolvimento f\u00edsico e emocional das crian\u00e7as e pode impedir a continuidade da educa\u00e7\u00e3o, reproduzindo ciclos de pobreza nas fam\u00edlias \u2014 al\u00e9m de ser porta de entrada para uma s\u00e9rie de outras viola\u00e7\u00f5es de direitos, como a viol\u00eancia sexual\u201d, continuou o documento.<\/p>\n<p>Campanha de doa\u00e7\u00e3o de livros e brinquedos come\u00e7a nesta sexta-feira (12\/6)<\/p>\n<p>Come\u00e7a, nesta sexta-feira (12\/6), em Bras\u00edlia, uma campanha para doa\u00e7\u00e3o de brinquedos e livros. Com o slogan \u201cEducar para mudar\u201d, a a\u00e7\u00e3o de solidariedade receber\u00e1 doa\u00e7\u00f5es em oito pontos, concentrados em Asa Sul e Lago Sul. As entregas podem ser feitas at\u00e9 12 de julho.<\/p>\n<p>Idealizado pela advogada Tayane Dalazen, s\u00f3cia do escrit\u00f3rio Dalazen &amp; Pessoa, o movimento de arrecada\u00e7\u00e3o de livros \u00e9 resultado da mobiliza\u00e7\u00e3o da sociedade civil em prol da causa.<\/p>\n<p>As doa\u00e7\u00f5es ser\u00e3o destinadas \u00e0s seguintes institui\u00e7\u00f5es: Instituto Proeza (Recanto das Emas); Centro de Ensino e Reabilita\u00e7\u00e3o (Asa Sul); Vida Positiva (Asa Sul); Casa Transit\u00f3ria de Bras\u00edlia (Una\u00ed); Ampare &#8211; Associa\u00e7\u00e3o M\u00e3es, Pais e Amigos na Recupera\u00e7\u00e3o de Especiais (Asa Norte); Casa Abrigo e Escola Desenvolvedora.<\/p>\n<h3>Pontos de coleta:<\/h3>\n<p><strong>Lago Sul:<\/strong><\/p>\n<ul>\n<li>Gilberto Salom\u00e3o: SHIS, QI 5, Conjunto 16<\/li>\n<li>OBA Hortifruti: SHIS, QI 9, Bloco B e SMDB<\/li>\n<li>SP Brands: SHIS, QI 9, Bloco G, Lojas 4\/5<\/li>\n<\/ul>\n<p><strong>Asa Sul:<\/strong><\/p>\n<ul>\n<li>Belini P\u00e3es e Gastronomia: CLS 113, Bloco D, Lojas 35\/36<\/li>\n<li>TAVE Pharma: CLS 209, Bloco B<\/li>\n<li>Bullguer: CLS 410, Bloco C, Loja 5<\/li>\n<li>Vers\u00e3o Brasileira Bar e Restaurante: CLS 204, Bloco A, Loja 2<\/li>\n<li>Nube Caf\u00e9: SEPS 710\/910, Centro Cl\u00ednico Via Brasil, Loja 28<\/li>\n<\/ul>\n","protected":false},"excerpt":{"rendered":"<p>Em Bras\u00edlia, a campanha &#8220;Educar para mudar&#8221; arrecada livros e brinquedos para ajudar crian\u00e7as e combater esse tipo de explora\u00e7\u00e3o No Dia Mundial Contra o Trabalho Infantil (12\/6), o Fundo das Na\u00e7\u00f5es Unidas para a Inf\u00e2ncia (Unicef) faz um alerta sobre o risco aumentado do trabalho infantil durante e ap\u00f3s a pandemia. O Unicef fez um apelo \u00e0s empresas para [&hellip;]<\/p>\n","protected":false},"author":106,"featured_media":1204,"comment_status":"open","ping_status":"open","sticky":false,"template":"","format":"standard","meta":{"footnotes":""},"categories":[1],"tags":[279,95,39],"class_list":["post-1203","post","type-post","status-publish","format-standard","has-post-thumbnail","hentry","category-sem-categoria","tag-campanha-doacao","tag-trabalho-infantil","tag-unicef"],"_links":{"self":[{"href":"https:\/\/blogs.correiobraziliense.com.br\/primeirainfancia\/wp-json\/wp\/v2\/posts\/1203","targetHints":{"allow":["GET"]}}],"collection":[{"href":"https:\/\/blogs.correiobraziliense.com.br\/primeirainfancia\/wp-json\/wp\/v2\/posts"}],"about":[{"href":"https:\/\/blogs.correiobraziliense.com.br\/primeirainfancia\/wp-json\/wp\/v2\/types\/post"}],"author":[{"embeddable":true,"href":"https:\/\/blogs.correiobraziliense.com.br\/primeirainfancia\/wp-json\/wp\/v2\/users\/106"}],"replies":[{"embeddable":true,"href":"https:\/\/blogs.correiobraziliense.com.br\/primeirainfancia\/wp-json\/wp\/v2\/comments?post=1203"}],"version-history":[{"count":0,"href":"https:\/\/blogs.correiobraziliense.com.br\/primeirainfancia\/wp-json\/wp\/v2\/posts\/1203\/revisions"}],"wp:featuredmedia":[{"embeddable":true,"href":"https:\/\/blogs.correiobraziliense.com.br\/primeirainfancia\/wp-json\/wp\/v2\/media\/1204"}],"wp:attachment":[{"href":"https:\/\/blogs.correiobraziliense.com.br\/primeirainfancia\/wp-json\/wp\/v2\/media?parent=1203"}],"wp:term":[{"taxonomy":"category","embeddable":true,"href":"https:\/\/blogs.correiobraziliense.com.br\/primeirainfancia\/wp-json\/wp\/v2\/categories?post=1203"},{"taxonomy":"post_tag","embeddable":true,"href":"https:\/\/blogs.correiobraziliense.com.br\/primeirainfancia\/wp-json\/wp\/v2\/tags?post=1203"}],"curies":[{"name":"wp","href":"https:\/\/api.w.org\/{rel}","templated":true}]}}