{"id":1186,"date":"2020-06-10T21:15:10","date_gmt":"2020-06-10T21:15:10","guid":{"rendered":"http:\/\/blogs.correiobraziliense.com.br\/primeirainfancia\/?p=1186"},"modified":"2020-06-10T21:15:10","modified_gmt":"2020-06-10T21:15:10","slug":"gestantes-que-tiveram-covid-19-podem-procurar-hub-para-pre-natal-e-parto","status":"publish","type":"post","link":"https:\/\/blogs.correiobraziliense.com.br\/primeirainfancia\/2020\/06\/10\/gestantes-que-tiveram-covid-19-podem-procurar-hub-para-pre-natal-e-parto\/","title":{"rendered":"Gestantes que tiveram covid-19 podem procurar HUB para pr\u00e9-natal e parto"},"content":{"rendered":"<p>Grupo de profissionais do hospital est\u00e1 fazendo pesquisa sobre os efeitos do coronav\u00edrus durante gesta\u00e7\u00e3o, parto, puerp\u00e9rio e no rec\u00e9m-nascido<\/p>\n<figure id=\"attachment_1187\" aria-describedby=\"caption-attachment-1187\" style=\"width: 750px\" class=\"wp-caption aligncenter\"><img loading=\"lazy\" decoding=\"async\" class=\"size-full wp-image-1187\" src=\"https:\/\/blogs.correiobraziliense.com.br\/primeirainfancia\/wp-content\/uploads\/sites\/49\/2020\/06\/1-4-1.jpg\" alt=\"Beto Monteiro\/Secom UnB\" width=\"750\" height=\"500\" srcset=\"https:\/\/blogs.correiobraziliense.com.br\/primeirainfancia\/wp-content\/uploads\/sites\/49\/2020\/06\/1-4-1.jpg 750w, https:\/\/blogs.correiobraziliense.com.br\/primeirainfancia\/wp-content\/uploads\/sites\/49\/2020\/06\/1-4-1-300x200.jpg 300w, https:\/\/blogs.correiobraziliense.com.br\/primeirainfancia\/wp-content\/uploads\/sites\/49\/2020\/06\/1-4-1-550x367.jpg 550w, https:\/\/blogs.correiobraziliense.com.br\/primeirainfancia\/wp-content\/uploads\/sites\/49\/2020\/06\/1-4-1-230x153.jpg 230w\" sizes=\"auto, (max-width: 750px) 100vw, 750px\" \/><figcaption id=\"caption-attachment-1187\" class=\"wp-caption-text\">Para ser atendida no HUB e participar da pesquisa, a gestante precisa ter diagn\u00f3stico confirmado da covid-19 h\u00e1 pelo menos 14 dias e atender a alguns crit\u00e9rios<\/figcaption><\/figure>\n<p>O Hospital Universit\u00e1rio de Bras\u00edlia (HUB) est\u00e1 fazendo, em parceria com a Universidade de Bras\u00edlia (UnB) e a Secretaria de Sa\u00fade do Distrito Federal (SES-DF), uma pesquisa sobre os efeitos da covid-19 na gesta\u00e7\u00e3o e no desenvolvimento dos beb\u00eas.<\/p>\n<p>Por isso, o hospital est\u00e1 aberto para o atendimento \u00e0s gestantes que tiveram diagn\u00f3stico positivo de coronav\u00edrus para pr\u00e9-natal, parto e acompanhamento da crian\u00e7a.<\/p>\n<p>As mulheres ser\u00e3o avaliadas e acompanhadas por um grupo de profissionais para analisar os efeitos do v\u00edrus durante a gesta\u00e7\u00e3o, parto, puerp\u00e9rio (per\u00edodo p\u00f3s-parto) e no rec\u00e9m-nascido.<\/p>\n<p>O objetivo \u00e9 acompanhar 300 gestantes para avaliar, por exemplo, se a covid-19 aumenta o risco de abortamento, parto prematuro, pr\u00e9-ecl\u00e2mpsia e malforma\u00e7\u00e3o fetal e se o v\u00edrus pode ser transmitido da m\u00e3e para o feto.<\/p>\n<p>A equipe acompanhar\u00e1 o desenvolvimento dos beb\u00eas desde o nascimento at\u00e9 os 5 anos de idade para analisar se o v\u00edrus interferiu no desenvolvimento neuropsicomotor da crian\u00e7a e se aumentou a mortalidade infantil.<\/p>\n<p>Para ser atendida no HUB e participar da pesquisa, a gestante deve entrar em contato com o hospital pelo n\u00famero (61) 2028-5232. \u00c9 preciso ter, no m\u00ednimo, 18 anos e diagn\u00f3stico confirmado da covid-19 h\u00e1 pelo menos 14 dias.<\/p>\n<p>Al\u00e9m disso, a mulher n\u00e3o pode ter suspeita ou confirma\u00e7\u00e3o de outras infec\u00e7\u00f5es cong\u00eanitas ou doen\u00e7as cr\u00f4nicas pr\u00e9-existentes, exceto diabetes e hipertens\u00e3o.<\/p>\n<p>&nbsp;<\/p>\n","protected":false},"excerpt":{"rendered":"<p>Grupo de profissionais do hospital est\u00e1 fazendo pesquisa sobre os efeitos do coronav\u00edrus durante gesta\u00e7\u00e3o, parto, puerp\u00e9rio e no rec\u00e9m-nascido O Hospital Universit\u00e1rio de Bras\u00edlia (HUB) est\u00e1 fazendo, em parceria com a Universidade de Bras\u00edlia (UnB) e a Secretaria de Sa\u00fade do Distrito Federal (SES-DF), uma pesquisa sobre os efeitos da covid-19 na gesta\u00e7\u00e3o e no desenvolvimento dos beb\u00eas. Por [&hellip;]<\/p>\n","protected":false},"author":106,"featured_media":1187,"comment_status":"open","ping_status":"open","sticky":false,"template":"","format":"standard","meta":{"footnotes":""},"categories":[1],"tags":[270,176,275,276],"class_list":["post-1186","post","type-post","status-publish","format-standard","has-post-thumbnail","hentry","category-sem-categoria","tag-coronavirus","tag-gestacao","tag-hub","tag-unb"],"_links":{"self":[{"href":"https:\/\/blogs.correiobraziliense.com.br\/primeirainfancia\/wp-json\/wp\/v2\/posts\/1186","targetHints":{"allow":["GET"]}}],"collection":[{"href":"https:\/\/blogs.correiobraziliense.com.br\/primeirainfancia\/wp-json\/wp\/v2\/posts"}],"about":[{"href":"https:\/\/blogs.correiobraziliense.com.br\/primeirainfancia\/wp-json\/wp\/v2\/types\/post"}],"author":[{"embeddable":true,"href":"https:\/\/blogs.correiobraziliense.com.br\/primeirainfancia\/wp-json\/wp\/v2\/users\/106"}],"replies":[{"embeddable":true,"href":"https:\/\/blogs.correiobraziliense.com.br\/primeirainfancia\/wp-json\/wp\/v2\/comments?post=1186"}],"version-history":[{"count":0,"href":"https:\/\/blogs.correiobraziliense.com.br\/primeirainfancia\/wp-json\/wp\/v2\/posts\/1186\/revisions"}],"wp:featuredmedia":[{"embeddable":true,"href":"https:\/\/blogs.correiobraziliense.com.br\/primeirainfancia\/wp-json\/wp\/v2\/media\/1187"}],"wp:attachment":[{"href":"https:\/\/blogs.correiobraziliense.com.br\/primeirainfancia\/wp-json\/wp\/v2\/media?parent=1186"}],"wp:term":[{"taxonomy":"category","embeddable":true,"href":"https:\/\/blogs.correiobraziliense.com.br\/primeirainfancia\/wp-json\/wp\/v2\/categories?post=1186"},{"taxonomy":"post_tag","embeddable":true,"href":"https:\/\/blogs.correiobraziliense.com.br\/primeirainfancia\/wp-json\/wp\/v2\/tags?post=1186"}],"curies":[{"name":"wp","href":"https:\/\/api.w.org\/{rel}","templated":true}]}}