{"id":1178,"date":"2020-06-09T00:21:45","date_gmt":"2020-06-09T00:21:45","guid":{"rendered":"http:\/\/blogs.correiobraziliense.com.br\/primeirainfancia\/?p=1178"},"modified":"2020-06-09T00:21:45","modified_gmt":"2020-06-09T00:21:45","slug":"edital-para-projetos-com-criancas-e-adolescentes-prorroga-inscricoes","status":"publish","type":"post","link":"https:\/\/blogs.correiobraziliense.com.br\/primeirainfancia\/2020\/06\/09\/edital-para-projetos-com-criancas-e-adolescentes-prorroga-inscricoes\/","title":{"rendered":"Edital para projetos com crian\u00e7as e adolescentes prorroga inscri\u00e7\u00f5es"},"content":{"rendered":"<p>Este ano, os Conselhos Municipais dos Direitos da Crian\u00e7a e do Adolescente podem inscrever tamb\u00e9m propostas com foco na garantia de direitos diante da pandemia<\/p>\n<figure id=\"attachment_1179\" aria-describedby=\"caption-attachment-1179\" style=\"width: 750px\" class=\"wp-caption aligncenter\"><img loading=\"lazy\" decoding=\"async\" class=\"size-full wp-image-1179\" src=\"https:\/\/blogs.correiobraziliense.com.br\/primeirainfancia\/wp-content\/uploads\/sites\/49\/2020\/06\/70-1.jpg\" alt=\"Ita\u00fa Social \/ Divulga\u00e7\u00e3o\" width=\"750\" height=\"500\" srcset=\"https:\/\/blogs.correiobraziliense.com.br\/primeirainfancia\/wp-content\/uploads\/sites\/49\/2020\/06\/70-1.jpg 750w, https:\/\/blogs.correiobraziliense.com.br\/primeirainfancia\/wp-content\/uploads\/sites\/49\/2020\/06\/70-1-300x200.jpg 300w, https:\/\/blogs.correiobraziliense.com.br\/primeirainfancia\/wp-content\/uploads\/sites\/49\/2020\/06\/70-1-550x367.jpg 550w, https:\/\/blogs.correiobraziliense.com.br\/primeirainfancia\/wp-content\/uploads\/sites\/49\/2020\/06\/70-1-230x153.jpg 230w\" sizes=\"auto, (max-width: 750px) 100vw, 750px\" \/><figcaption id=\"caption-attachment-1179\" class=\"wp-caption-text\">Atividade do projeto Novo Horizonte, em S\u00e3o Miguel dos Campos (AL)<\/figcaption><\/figure>\n<p>As inscri\u00e7\u00f5es para o Edital Fundos da Inf\u00e2ncia e da Adolesc\u00eancia (Edital FIA) foram prorrogadas at\u00e9 17 de julho, assim, iniciativas que visem beneficiar crian\u00e7as e adolescentes em todo o pa\u00eds t\u00eam mais prazo para concorrer a recursos.<\/p>\n<p>A sele\u00e7\u00e3o foi criada pelo Ita\u00fa Social para selecionar e apoiar a\u00e7\u00f5es, servi\u00e7os, programas ou projetos priorizados pelos Conselhos dos Direitos da Crian\u00e7a e do Adolescente.<\/p>\n<p>Os Conselhos Municipais dos Direitos da Crian\u00e7a e do Adolescente (CMDCAs) de todo o pa\u00eds, respons\u00e1veis pela gest\u00e3o dos fundos, podem selecionar e inscrever a proposta que considerem priorit\u00e1ria para atender \u00e0s necessidades de sua regi\u00e3o. As inscri\u00e7\u00f5es podem ser feitas no <a href=\"https:\/\/prosas.com.br\/editais\/6958-edital-fundos-da-infancia-e-da-adolescencia-2020\">site<\/a>.<\/p>\n<p>Elaborado anualmente, o Edital FIA seleciona propostas voltadas aos seguintes eixos: atendimento e acolhimento direto; elabora\u00e7\u00e3o de diagn\u00f3stico, sistema de monitoramento e avalia\u00e7\u00e3o de pol\u00edticas p\u00fablicas; capacita\u00e7\u00e3o e forma\u00e7\u00e3o profissional; campanhas educativas; e mobiliza\u00e7\u00e3o social e articula\u00e7\u00e3o para a defesa dos direitos.<\/p>\n<p>Este ano, os CMDCAs podem tamb\u00e9m inscrever iniciativas que contribuam para a garantia de direitos diante dos desafios impostos pela pandemia do novo coronav\u00edrus. Na \u00faltima edi\u00e7\u00e3o, foram selecionados 115 projetos. Ao todo, foram repassados R$ 26 milh\u00f5es para iniciativas em 20 unidades da Federa\u00e7\u00e3o.<\/p>\n<p>A expectativa para 2020 \u00e9 ampliar o n\u00famero de inscri\u00e7\u00f5es e alcan\u00e7ar munic\u00edpios que nunca participaram do edital. O an\u00fancio dos projetos selecionados est\u00e1 previsto para dezembro.<\/p>\n<p>Em caso de d\u00favidas sobre o edital, os interessados podem entrar em contato via WhatsApp: (11) 98777-0986.<\/p>\n","protected":false},"excerpt":{"rendered":"<p>Este ano, os Conselhos Municipais dos Direitos da Crian\u00e7a e do Adolescente podem inscrever tamb\u00e9m propostas com foco na garantia de direitos diante da pandemia As inscri\u00e7\u00f5es para o Edital Fundos da Inf\u00e2ncia e da Adolesc\u00eancia (Edital FIA) foram prorrogadas at\u00e9 17 de julho, assim, iniciativas que visem beneficiar crian\u00e7as e adolescentes em todo o pa\u00eds t\u00eam mais prazo para [&hellip;]<\/p>\n","protected":false},"author":106,"featured_media":1179,"comment_status":"open","ping_status":"open","sticky":false,"template":"","format":"standard","meta":{"footnotes":""},"categories":[1],"tags":[273],"class_list":["post-1178","post","type-post","status-publish","format-standard","has-post-thumbnail","hentry","category-sem-categoria","tag-direitos-da-infancia"],"_links":{"self":[{"href":"https:\/\/blogs.correiobraziliense.com.br\/primeirainfancia\/wp-json\/wp\/v2\/posts\/1178","targetHints":{"allow":["GET"]}}],"collection":[{"href":"https:\/\/blogs.correiobraziliense.com.br\/primeirainfancia\/wp-json\/wp\/v2\/posts"}],"about":[{"href":"https:\/\/blogs.correiobraziliense.com.br\/primeirainfancia\/wp-json\/wp\/v2\/types\/post"}],"author":[{"embeddable":true,"href":"https:\/\/blogs.correiobraziliense.com.br\/primeirainfancia\/wp-json\/wp\/v2\/users\/106"}],"replies":[{"embeddable":true,"href":"https:\/\/blogs.correiobraziliense.com.br\/primeirainfancia\/wp-json\/wp\/v2\/comments?post=1178"}],"version-history":[{"count":0,"href":"https:\/\/blogs.correiobraziliense.com.br\/primeirainfancia\/wp-json\/wp\/v2\/posts\/1178\/revisions"}],"wp:featuredmedia":[{"embeddable":true,"href":"https:\/\/blogs.correiobraziliense.com.br\/primeirainfancia\/wp-json\/wp\/v2\/media\/1179"}],"wp:attachment":[{"href":"https:\/\/blogs.correiobraziliense.com.br\/primeirainfancia\/wp-json\/wp\/v2\/media?parent=1178"}],"wp:term":[{"taxonomy":"category","embeddable":true,"href":"https:\/\/blogs.correiobraziliense.com.br\/primeirainfancia\/wp-json\/wp\/v2\/categories?post=1178"},{"taxonomy":"post_tag","embeddable":true,"href":"https:\/\/blogs.correiobraziliense.com.br\/primeirainfancia\/wp-json\/wp\/v2\/tags?post=1178"}],"curies":[{"name":"wp","href":"https:\/\/api.w.org\/{rel}","templated":true}]}}