{"id":1173,"date":"2020-06-09T00:17:23","date_gmt":"2020-06-09T00:17:23","guid":{"rendered":"http:\/\/blogs.correiobraziliense.com.br\/primeirainfancia\/?p=1173"},"modified":"2020-06-09T00:17:23","modified_gmt":"2020-06-09T00:17:23","slug":"fundacao-lanca-guia-de-atividades-e-brincadeiras-ate-os-6-anos","status":"publish","type":"post","link":"https:\/\/blogs.correiobraziliense.com.br\/primeirainfancia\/2020\/06\/09\/fundacao-lanca-guia-de-atividades-e-brincadeiras-ate-os-6-anos\/","title":{"rendered":"Funda\u00e7\u00e3o lan\u00e7a guia de atividades e brincadeiras at\u00e9 os 6 anos"},"content":{"rendered":"<p>90% das conex\u00f5es cerebrais acontecem durante a primeira inf\u00e2ncia, e \u00e9 brincando que a crian\u00e7a desenvolve a autonomia, a linguagem e o racioc\u00ednio<\/p>\n<p>Por causa da nova din\u00e2mica imposta pela pandemia, que torna mais dif\u00edcil o conv\u00edvio social entre crian\u00e7as, a Funda\u00e7\u00e3o Maria Cecilia Souto Vidigal, com apoio do Ita\u00fa Social, lan\u00e7ou o Guia de brincadeiras para fam\u00edlias com crian\u00e7as do nascimento aos 6 anos. <a href=\"https:\/\/www.fmcsv.org.br\/pt-BR\/guia-atividades-familias-criancas-0-6-anos\/\">Acesse aqui<\/a>.<\/p>\n<figure id=\"attachment_1175\" aria-describedby=\"caption-attachment-1175\" style=\"width: 750px\" class=\"wp-caption aligncenter\"><img loading=\"lazy\" decoding=\"async\" class=\"size-full wp-image-1175\" src=\"https:\/\/blogs.correiobraziliense.com.br\/primeirainfancia\/wp-content\/uploads\/sites\/49\/2020\/06\/1-2-1.jpg\" alt=\"Funda\u00e7\u00e3o Maria Cecilia Souto Vidigal\" width=\"750\" height=\"342\" srcset=\"https:\/\/blogs.correiobraziliense.com.br\/primeirainfancia\/wp-content\/uploads\/sites\/49\/2020\/06\/1-2-1.jpg 750w, https:\/\/blogs.correiobraziliense.com.br\/primeirainfancia\/wp-content\/uploads\/sites\/49\/2020\/06\/1-2-1-300x137.jpg 300w, https:\/\/blogs.correiobraziliense.com.br\/primeirainfancia\/wp-content\/uploads\/sites\/49\/2020\/06\/1-2-1-550x251.jpg 550w, https:\/\/blogs.correiobraziliense.com.br\/primeirainfancia\/wp-content\/uploads\/sites\/49\/2020\/06\/1-2-1-230x105.jpg 230w\" sizes=\"auto, (max-width: 750px) 100vw, 750px\" \/><figcaption id=\"caption-attachment-1175\" class=\"wp-caption-text\">Plataforma do guia de brincadeiras para fam\u00edlias com crian\u00e7as<\/figcaption><\/figure>\n<p>O objetivo n\u00e3o \u00e9 substituir as aulas, mas ajudar os pais a criarem um ambiente prop\u00edcio para o desenvolvimento, o aprendizado e a divers\u00e3o durante o contexto de isolamento.<\/p>\n<p>A iniciativa re\u00fane dicas de brincadeiras, sugest\u00f5es de livros e m\u00fasicas e at\u00e9 ideias de como abordar o tema da pandemia com as crian\u00e7as. Os conte\u00fados s\u00e3o gratuitos e est\u00e3o organizados por faixa et\u00e1ria. O material \u00e9 produzido pela equipe da<a href=\"https:\/\/www.tempojunto.com\/\"> plataforma Tempo Junto<\/a>.<\/p>\n<p>O fechamento das escolas e o distanciamento social mudaram a rotina de crian\u00e7as e adultos e apresentaram novos desafios para as fam\u00edlias, principalmente para aquelas com filhos pequenos. Sem uma rede de apoio, que inclui os av\u00f3s e a creche, em muitos casos, os pais t\u00eam sido os \u00fanicos a interagirem com as crian\u00e7as.<\/p>\n<figure id=\"attachment_1176\" aria-describedby=\"caption-attachment-1176\" style=\"width: 640px\" class=\"wp-caption aligncenter\"><img loading=\"lazy\" decoding=\"async\" class=\"size-full wp-image-1176\" src=\"https:\/\/blogs.correiobraziliense.com.br\/primeirainfancia\/wp-content\/uploads\/sites\/49\/2020\/06\/2-1-1.jpg\" alt=\"Tempo Junto\" width=\"640\" height=\"640\" srcset=\"https:\/\/blogs.correiobraziliense.com.br\/primeirainfancia\/wp-content\/uploads\/sites\/49\/2020\/06\/2-1-1.jpg 640w, https:\/\/blogs.correiobraziliense.com.br\/primeirainfancia\/wp-content\/uploads\/sites\/49\/2020\/06\/2-1-1-150x150.jpg 150w, https:\/\/blogs.correiobraziliense.com.br\/primeirainfancia\/wp-content\/uploads\/sites\/49\/2020\/06\/2-1-1-300x300.jpg 300w, https:\/\/blogs.correiobraziliense.com.br\/primeirainfancia\/wp-content\/uploads\/sites\/49\/2020\/06\/2-1-1-550x550.jpg 550w, https:\/\/blogs.correiobraziliense.com.br\/primeirainfancia\/wp-content\/uploads\/sites\/49\/2020\/06\/2-1-1-230x230.jpg 230w\" sizes=\"auto, (max-width: 640px) 100vw, 640px\" \/><figcaption id=\"caption-attachment-1176\" class=\"wp-caption-text\">Uma das atividades para beb\u00eas: at\u00e9 esconder o ded\u00e3o vira jogo<\/figcaption><\/figure>\n<p>Nessa miss\u00e3o, a brincadeira pode ser uma grande aliada. \u00c9 por meio de um jogo, de um faz de conta ou de um esconde-esconde que a crian\u00e7a aprende e se desenvolve. As brincadeiras favorecem o racioc\u00ednio, estimulam a criatividade e a imagina\u00e7\u00e3o e, por isso, s\u00e3o essenciais e devem estar presentes intensamente na rotina da crian\u00e7a durante a educa\u00e7\u00e3o infantil.<\/p>\n<p>O material foi desenvolvido em ocasi\u00e3o da Semana Mundial do Brincar, mas est\u00e1 dispon\u00edvel para unir, divertir e apoiar as fam\u00edlias durante e depois da pandemia tamb\u00e9m. H\u00e1 atividades dispon\u00edveis para diversos dias seguidos de intensa intera\u00e7\u00e3o separadas por faixa et\u00e1ria.<\/p>\n<p>&nbsp;<\/p>\n","protected":false},"excerpt":{"rendered":"<p>90% das conex\u00f5es cerebrais acontecem durante a primeira inf\u00e2ncia, e \u00e9 brincando que a crian\u00e7a desenvolve a autonomia, a linguagem e o racioc\u00ednio Por causa da nova din\u00e2mica imposta pela pandemia, que torna mais dif\u00edcil o conv\u00edvio social entre crian\u00e7as, a Funda\u00e7\u00e3o Maria Cecilia Souto Vidigal, com apoio do Ita\u00fa Social, lan\u00e7ou o Guia de brincadeiras para fam\u00edlias com crian\u00e7as [&hellip;]<\/p>\n","protected":false},"author":106,"featured_media":1176,"comment_status":"open","ping_status":"open","sticky":false,"template":"","format":"standard","meta":{"footnotes":""},"categories":[1],"tags":[],"class_list":["post-1173","post","type-post","status-publish","format-standard","has-post-thumbnail","hentry","category-sem-categoria"],"_links":{"self":[{"href":"https:\/\/blogs.correiobraziliense.com.br\/primeirainfancia\/wp-json\/wp\/v2\/posts\/1173","targetHints":{"allow":["GET"]}}],"collection":[{"href":"https:\/\/blogs.correiobraziliense.com.br\/primeirainfancia\/wp-json\/wp\/v2\/posts"}],"about":[{"href":"https:\/\/blogs.correiobraziliense.com.br\/primeirainfancia\/wp-json\/wp\/v2\/types\/post"}],"author":[{"embeddable":true,"href":"https:\/\/blogs.correiobraziliense.com.br\/primeirainfancia\/wp-json\/wp\/v2\/users\/106"}],"replies":[{"embeddable":true,"href":"https:\/\/blogs.correiobraziliense.com.br\/primeirainfancia\/wp-json\/wp\/v2\/comments?post=1173"}],"version-history":[{"count":0,"href":"https:\/\/blogs.correiobraziliense.com.br\/primeirainfancia\/wp-json\/wp\/v2\/posts\/1173\/revisions"}],"wp:featuredmedia":[{"embeddable":true,"href":"https:\/\/blogs.correiobraziliense.com.br\/primeirainfancia\/wp-json\/wp\/v2\/media\/1176"}],"wp:attachment":[{"href":"https:\/\/blogs.correiobraziliense.com.br\/primeirainfancia\/wp-json\/wp\/v2\/media?parent=1173"}],"wp:term":[{"taxonomy":"category","embeddable":true,"href":"https:\/\/blogs.correiobraziliense.com.br\/primeirainfancia\/wp-json\/wp\/v2\/categories?post=1173"},{"taxonomy":"post_tag","embeddable":true,"href":"https:\/\/blogs.correiobraziliense.com.br\/primeirainfancia\/wp-json\/wp\/v2\/tags?post=1173"}],"curies":[{"name":"wp","href":"https:\/\/api.w.org\/{rel}","templated":true}]}}