{"id":1167,"date":"2020-06-08T23:51:10","date_gmt":"2020-06-08T23:51:10","guid":{"rendered":"http:\/\/blogs.correiobraziliense.com.br\/primeirainfancia\/?p=1167"},"modified":"2020-06-08T23:51:10","modified_gmt":"2020-06-08T23:51:10","slug":"infografico-mostra-como-criancas-de-diferentes-paises-vivem-a-pandemia","status":"publish","type":"post","link":"https:\/\/blogs.correiobraziliense.com.br\/primeirainfancia\/2020\/06\/08\/infografico-mostra-como-criancas-de-diferentes-paises-vivem-a-pandemia\/","title":{"rendered":"Infogr\u00e1fico mostra como crian\u00e7as de diferentes pa\u00edses vivem a pandemia"},"content":{"rendered":"<p>Mapa-m\u00fandi interativo em plataforma l\u00fadica traz v\u00eddeos, desenhos e fotos de meninos e meninas, al\u00e9m de v\u00e1rias curiosidades sobre o coronav\u00edrus<\/p>\n<p>Para mostrar como est\u00e1 o dia a dia dentro de casa em diversas partes do mundo e oferecer atividades l\u00fadicas e informa\u00e7\u00e3o, a FTD Educa\u00e7\u00e3o criou o infogr\u00e1fico interativo <a href=\"https:\/\/nouniversodecasa.ftd.com.br\/\">No Universo de Casa<\/a>\u00a0.<\/p>\n<p>A plataforma \u00e9 uma \u201cvolta ao mundo\u201d virtual que mostra como est\u00e1 a vida das pessoas em lugares t\u00e3o distintos e o que as crian\u00e7as de diferentes pa\u00edses pensam sobre a vida em tempos de covid-19.<\/p>\n<figure id=\"attachment_1169\" aria-describedby=\"caption-attachment-1169\" style=\"width: 750px\" class=\"wp-caption aligncenter\"><img loading=\"lazy\" decoding=\"async\" class=\"size-full wp-image-1169\" src=\"https:\/\/blogs.correiobraziliense.com.br\/primeirainfancia\/wp-content\/uploads\/sites\/49\/2020\/06\/1-1-1.jpg\" alt=\"FTD\/Reprodu\u00e7\u00e3o\" width=\"750\" height=\"500\" srcset=\"https:\/\/blogs.correiobraziliense.com.br\/primeirainfancia\/wp-content\/uploads\/sites\/49\/2020\/06\/1-1-1.jpg 750w, https:\/\/blogs.correiobraziliense.com.br\/primeirainfancia\/wp-content\/uploads\/sites\/49\/2020\/06\/1-1-1-300x200.jpg 300w, https:\/\/blogs.correiobraziliense.com.br\/primeirainfancia\/wp-content\/uploads\/sites\/49\/2020\/06\/1-1-1-550x367.jpg 550w, https:\/\/blogs.correiobraziliense.com.br\/primeirainfancia\/wp-content\/uploads\/sites\/49\/2020\/06\/1-1-1-230x153.jpg 230w\" sizes=\"auto, (max-width: 750px) 100vw, 750px\" \/><figcaption id=\"caption-attachment-1169\" class=\"wp-caption-text\">Infogr\u00e1fico interativo permite viajar sem sair de casa e conhecer as realidades de outras crian\u00e7as durante a pandemia<\/figcaption><\/figure>\n<p>No infogr\u00e1fico \u00e9 poss\u00edvel assistir aos depoimentos de 15 crian\u00e7as de 12 pa\u00edses. Os pequenos falam sobre como est\u00e3o sendo as atividades e os estudos durante a pandemia.<\/p>\n<p>Os depoimentos em v\u00eddeo est\u00e3o legendados em portugu\u00eas e tamb\u00e9m podem ser lidos em vers\u00e3o de texto. Cada crian\u00e7a tamb\u00e9m \u00e9 representada com uma foto e um desenho<\/p>\n<figure id=\"attachment_1170\" aria-describedby=\"caption-attachment-1170\" style=\"width: 750px\" class=\"wp-caption aligncenter\"><img loading=\"lazy\" decoding=\"async\" class=\"size-full wp-image-1170\" src=\"https:\/\/blogs.correiobraziliense.com.br\/primeirainfancia\/wp-content\/uploads\/sites\/49\/2020\/06\/2-4.jpg\" alt=\"FTD\/Reprodu\u00e7\u00e3o\" width=\"750\" height=\"500\" srcset=\"https:\/\/blogs.correiobraziliense.com.br\/primeirainfancia\/wp-content\/uploads\/sites\/49\/2020\/06\/2-4.jpg 750w, https:\/\/blogs.correiobraziliense.com.br\/primeirainfancia\/wp-content\/uploads\/sites\/49\/2020\/06\/2-4-300x200.jpg 300w, https:\/\/blogs.correiobraziliense.com.br\/primeirainfancia\/wp-content\/uploads\/sites\/49\/2020\/06\/2-4-550x367.jpg 550w, https:\/\/blogs.correiobraziliense.com.br\/primeirainfancia\/wp-content\/uploads\/sites\/49\/2020\/06\/2-4-230x153.jpg 230w\" sizes=\"auto, (max-width: 750px) 100vw, 750px\" \/><figcaption id=\"caption-attachment-1170\" class=\"wp-caption-text\">A italiana Gaia, 12 anos, fez um desenho e pediu para as pessoas ficarem em casa<\/figcaption><\/figure>\n<p>O esquema de estudar em casa \u00e9 bem parecido entre as crian\u00e7as, com aulas on-line e li\u00e7\u00e3o via e-mail ou mensagem de WhatsApp, mas as brincadeiras, as atividades e os sentimentos s\u00e3o variados.<\/p>\n<figure id=\"attachment_1171\" aria-describedby=\"caption-attachment-1171\" style=\"width: 750px\" class=\"wp-caption aligncenter\"><img loading=\"lazy\" decoding=\"async\" class=\"size-full wp-image-1171\" src=\"https:\/\/blogs.correiobraziliense.com.br\/primeirainfancia\/wp-content\/uploads\/sites\/49\/2020\/06\/3-2.jpg\" alt=\"FTD\/Reprodu\u00e7\u00e3o\" width=\"750\" height=\"500\" srcset=\"https:\/\/blogs.correiobraziliense.com.br\/primeirainfancia\/wp-content\/uploads\/sites\/49\/2020\/06\/3-2.jpg 750w, https:\/\/blogs.correiobraziliense.com.br\/primeirainfancia\/wp-content\/uploads\/sites\/49\/2020\/06\/3-2-300x200.jpg 300w, https:\/\/blogs.correiobraziliense.com.br\/primeirainfancia\/wp-content\/uploads\/sites\/49\/2020\/06\/3-2-550x367.jpg 550w, https:\/\/blogs.correiobraziliense.com.br\/primeirainfancia\/wp-content\/uploads\/sites\/49\/2020\/06\/3-2-230x153.jpg 230w\" sizes=\"auto, (max-width: 750px) 100vw, 750px\" \/><figcaption id=\"caption-attachment-1171\" class=\"wp-caption-text\">O Brasil foi representado pelos meninos Paulo Henrique, 6 anos, e Gabriel, 8 anos<\/figcaption><\/figure>\n<h3>Curiosidades<\/h3>\n<p>Al\u00e9m dos v\u00eddeos, o mapa-m\u00fandi digital oferece nove atividades pedag\u00f3gicas e l\u00fadicas para os pais e as escolas desenvolverem com as crian\u00e7as, como desenhar m\u00e1scaras, criar cidades de embalagens, fazer pesquisas, entre outras fun\u00e7\u00f5es. Basta clicar nas pessoas espalhadas pelos continentes e acessar o material.<\/p>\n<p>O infogr\u00e1fico interativo tamb\u00e9m disponibiliza 10 textos informativos e cient\u00edficos, com quest\u00f5es mais t\u00e9cnicas sobre a pandemia, como a explica\u00e7\u00e3o de como o v\u00edrus se espalha e como fica a educa\u00e7\u00e3o no isolamento. O acesso \u00e9 feito com um clique nos meios de transporte espalhados pelo mapa.<\/p>\n<p>Para ter acesso ao material, entre no<a href=\"https:\/\/nouniversodecasa.ftd.com.br\/\"> site<\/a>.<\/p>\n<p>&nbsp;<\/p>\n","protected":false},"excerpt":{"rendered":"<p>Mapa-m\u00fandi interativo em plataforma l\u00fadica traz v\u00eddeos, desenhos e fotos de meninos e meninas, al\u00e9m de v\u00e1rias curiosidades sobre o coronav\u00edrus Para mostrar como est\u00e1 o dia a dia dentro de casa em diversas partes do mundo e oferecer atividades l\u00fadicas e informa\u00e7\u00e3o, a FTD Educa\u00e7\u00e3o criou o infogr\u00e1fico interativo No Universo de Casa\u00a0. A plataforma \u00e9 uma \u201cvolta ao [&hellip;]<\/p>\n","protected":false},"author":106,"featured_media":1169,"comment_status":"open","ping_status":"open","sticky":false,"template":"","format":"standard","meta":{"footnotes":""},"categories":[1],"tags":[],"class_list":["post-1167","post","type-post","status-publish","format-standard","has-post-thumbnail","hentry","category-sem-categoria"],"_links":{"self":[{"href":"https:\/\/blogs.correiobraziliense.com.br\/primeirainfancia\/wp-json\/wp\/v2\/posts\/1167","targetHints":{"allow":["GET"]}}],"collection":[{"href":"https:\/\/blogs.correiobraziliense.com.br\/primeirainfancia\/wp-json\/wp\/v2\/posts"}],"about":[{"href":"https:\/\/blogs.correiobraziliense.com.br\/primeirainfancia\/wp-json\/wp\/v2\/types\/post"}],"author":[{"embeddable":true,"href":"https:\/\/blogs.correiobraziliense.com.br\/primeirainfancia\/wp-json\/wp\/v2\/users\/106"}],"replies":[{"embeddable":true,"href":"https:\/\/blogs.correiobraziliense.com.br\/primeirainfancia\/wp-json\/wp\/v2\/comments?post=1167"}],"version-history":[{"count":0,"href":"https:\/\/blogs.correiobraziliense.com.br\/primeirainfancia\/wp-json\/wp\/v2\/posts\/1167\/revisions"}],"wp:featuredmedia":[{"embeddable":true,"href":"https:\/\/blogs.correiobraziliense.com.br\/primeirainfancia\/wp-json\/wp\/v2\/media\/1169"}],"wp:attachment":[{"href":"https:\/\/blogs.correiobraziliense.com.br\/primeirainfancia\/wp-json\/wp\/v2\/media?parent=1167"}],"wp:term":[{"taxonomy":"category","embeddable":true,"href":"https:\/\/blogs.correiobraziliense.com.br\/primeirainfancia\/wp-json\/wp\/v2\/categories?post=1167"},{"taxonomy":"post_tag","embeddable":true,"href":"https:\/\/blogs.correiobraziliense.com.br\/primeirainfancia\/wp-json\/wp\/v2\/tags?post=1167"}],"curies":[{"name":"wp","href":"https:\/\/api.w.org\/{rel}","templated":true}]}}