{"id":1166,"date":"2020-06-05T22:38:33","date_gmt":"2020-06-05T22:38:33","guid":{"rendered":"http:\/\/blogs.correiobraziliense.com.br\/primeirainfancia\/?p=1164"},"modified":"2020-06-05T22:38:33","modified_gmt":"2020-06-05T22:38:33","slug":"anup-e-oei-lancam-desafio-universitario-pela-primeira-infancia","status":"publish","type":"post","link":"https:\/\/blogs.correiobraziliense.com.br\/primeirainfancia\/2020\/06\/05\/anup-e-oei-lancam-desafio-universitario-pela-primeira-infancia\/","title":{"rendered":"Anup e OEI lan\u00e7am Desafio Universit\u00e1rio pela Primeira Inf\u00e2ncia"},"content":{"rendered":"<p>Com a miss\u00e3o de impulsionar o envolvimento das institui\u00e7\u00f5es de ensino superior (IES) do Brasil com a tem\u00e1tica da primeira inf\u00e2ncia, a fim de promover melhor desenvolvimento infantil por meio de cidades mais sustent\u00e1veis e amigas das crian\u00e7as e rela\u00e7\u00f5es de parentalidade mais saud\u00e1veis, a Associa\u00e7\u00e3o Nacional das Universidades Particulares (Anup), em parceria com a funda\u00e7\u00e3o holandesa Bernard van Leer e com a Organiza\u00e7\u00e3o dos Estados Ibero-americanos (OEI), lan\u00e7a o Desafio Universit\u00e1rio pela Primeira Inf\u00e2ncia.<\/p>\n<figure id=\"attachment_1165\" aria-describedby=\"caption-attachment-1165\" style=\"width: 750px\" class=\"wp-caption aligncenter\"><img loading=\"lazy\" decoding=\"async\" class=\"size-full wp-image-1165\" src=\"https:\/\/blogs.correiobraziliense.com.br\/primeirainfancia\/wp-content\/uploads\/sites\/49\/2020\/06\/10-1.jpg\" alt=\"Desafio Universit\u00e1rio pela Primeira Inf\u00e2ncia\/Reprodu\u00e7\u00e3o\" width=\"750\" height=\"426\" \/><figcaption id=\"caption-attachment-1165\" class=\"wp-caption-text\">A miss\u00e3o \u00e9 impulsionar o envolvimento das Institui\u00e7\u00f5es de Ensino Superior com o tema da primeira inf\u00e2ncia, a fim de promover melhor desenvolvimento infantil<\/figcaption><\/figure>\n<p>Grupos formados por, pelo menos, dois alunos de qualquer gradua\u00e7\u00e3o e um docente de institui\u00e7\u00f5es de ensino superior, particulares e p\u00fablicas, de todo o pa\u00eds, podem participar e contar ainda com um programa de acelera\u00e7\u00e3o durante todo o processo de sele\u00e7\u00e3o.<\/p>\n<p>Para se inscrever, basta preencher um formul\u00e1rio on-line, na p\u00e1gina do Desafio Universit\u00e1rio pela Primeira Inf\u00e2ncia, explicando como a iniciativa vai incluir a tem\u00e1tica em uma determinada disciplina, curso de bacharelado, licenciatura ou tecnol\u00f3gico em um departamento ou na IES como um todo.<\/p>\n<p>Ao fim, ser\u00e3o escolhidas at\u00e9 tr\u00eas propostas, que receber\u00e3o o valor de R$ 10 mil cada, como recurso para colocar a iniciativa em pr\u00e1tica em 2021. As iniciativas vencedoras ganhar\u00e3o certificado, al\u00e9m de divulga\u00e7\u00e3o em canais organizadores e parceiros. Tamb\u00e9m ser\u00e1 oferecida mentoria com os consultores durante o processo de implementa\u00e7\u00e3o da iniciativa.<\/p>\n<p>As inscri\u00e7\u00f5es s\u00e3o gratuitas e v\u00e3o at\u00e9 16 de agosto. Durante este per\u00edodo, ser\u00e3o promovidos webinars sobre a tem\u00e1tica do desafio, abertos a todos os interessados. As informa\u00e7\u00f5es est\u00e3o dispon\u00edveis <a href=\"https:\/\/desafiouniversitario.com.br\/\">no site do Desafio<\/a>.<\/p>\n","protected":false},"excerpt":{"rendered":"<p>Com a miss\u00e3o de impulsionar o envolvimento das institui\u00e7\u00f5es de ensino superior (IES) do Brasil com a tem\u00e1tica da primeira inf\u00e2ncia, a fim de promover melhor desenvolvimento infantil por meio de cidades mais sustent\u00e1veis e amigas das crian\u00e7as e rela\u00e7\u00f5es de parentalidade mais saud\u00e1veis, a Associa\u00e7\u00e3o Nacional das Universidades Particulares (Anup), em parceria com a funda\u00e7\u00e3o holandesa Bernard van Leer [&hellip;]<\/p>\n","protected":false},"author":106,"featured_media":1165,"comment_status":"open","ping_status":"open","sticky":false,"template":"","format":"standard","meta":{"footnotes":""},"categories":[1],"tags":[],"class_list":["post-1166","post","type-post","status-publish","format-standard","has-post-thumbnail","hentry","category-sem-categoria"],"_links":{"self":[{"href":"https:\/\/blogs.correiobraziliense.com.br\/primeirainfancia\/wp-json\/wp\/v2\/posts\/1166","targetHints":{"allow":["GET"]}}],"collection":[{"href":"https:\/\/blogs.correiobraziliense.com.br\/primeirainfancia\/wp-json\/wp\/v2\/posts"}],"about":[{"href":"https:\/\/blogs.correiobraziliense.com.br\/primeirainfancia\/wp-json\/wp\/v2\/types\/post"}],"author":[{"embeddable":true,"href":"https:\/\/blogs.correiobraziliense.com.br\/primeirainfancia\/wp-json\/wp\/v2\/users\/106"}],"replies":[{"embeddable":true,"href":"https:\/\/blogs.correiobraziliense.com.br\/primeirainfancia\/wp-json\/wp\/v2\/comments?post=1166"}],"version-history":[{"count":0,"href":"https:\/\/blogs.correiobraziliense.com.br\/primeirainfancia\/wp-json\/wp\/v2\/posts\/1166\/revisions"}],"wp:featuredmedia":[{"embeddable":true,"href":"https:\/\/blogs.correiobraziliense.com.br\/primeirainfancia\/wp-json\/wp\/v2\/posts\/1165"}],"wp:attachment":[{"href":"https:\/\/blogs.correiobraziliense.com.br\/primeirainfancia\/wp-json\/wp\/v2\/media?parent=1166"}],"wp:term":[{"taxonomy":"category","embeddable":true,"href":"https:\/\/blogs.correiobraziliense.com.br\/primeirainfancia\/wp-json\/wp\/v2\/categories?post=1166"},{"taxonomy":"post_tag","embeddable":true,"href":"https:\/\/blogs.correiobraziliense.com.br\/primeirainfancia\/wp-json\/wp\/v2\/tags?post=1166"}],"curies":[{"name":"wp","href":"https:\/\/api.w.org\/{rel}","templated":true}]}}