{"id":1164,"date":"2020-05-13T23:08:47","date_gmt":"2020-05-13T23:08:47","guid":{"rendered":"http:\/\/blogs.correiobraziliense.com.br\/primeirainfancia\/?p=1152"},"modified":"2020-05-13T23:08:47","modified_gmt":"2020-05-13T23:08:47","slug":"fundacao-maria-cecilia-souto-vidigal-promove-webinars-gratuitos","status":"publish","type":"post","link":"https:\/\/blogs.correiobraziliense.com.br\/primeirainfancia\/2020\/05\/13\/fundacao-maria-cecilia-souto-vidigal-promove-webinars-gratuitos\/","title":{"rendered":"Funda\u00e7\u00e3o Maria Cecilia Souto Vidigal promove webinars gratuitos"},"content":{"rendered":"<p>O objetivo \u00e9 impactar positivamente o desenvolvimento de crian\u00e7as, com uma s\u00e9rie de debates on-line sobre educa\u00e7\u00e3o infantil e parentalidade<\/p>\n<p>&nbsp;<\/p>\n<figure id=\"attachment_1153\" aria-describedby=\"caption-attachment-1153\" style=\"width: 750px\" class=\"wp-caption aligncenter\"><img loading=\"lazy\" decoding=\"async\" class=\"size-full wp-image-1153\" src=\"https:\/\/blogs.correiobraziliense.com.br\/primeirainfancia\/wp-content\/uploads\/sites\/49\/2020\/05\/10-1.jpg\" alt=\" Programa\u00e7\u00e3o de webinars que a funda\u00e7\u00e3o oferece para o m\u00eas de maio\" width=\"750\" height=\"555\" \/><figcaption id=\"caption-attachment-1153\" class=\"wp-caption-text\">Confira a programa\u00e7\u00e3o de webinars<\/figcaption><\/figure>\n<p>A Funda\u00e7\u00e3o Maria Cecilia Souto Vidigal realiza uma s\u00e9rie de debates on-line sobre educa\u00e7\u00e3o infantil e parentalidade. Com apoio do Ita\u00fa Social, os webinars gratuitos ocorrem durante todo o m\u00eas de maio e s\u00e3o destinados a professores, educadores, profissionais especializados, gestores p\u00fablicos, pesquisadores e formadores de opini\u00e3o.<\/p>\n<p>Em 19 e 26 de maio, a educa\u00e7\u00e3o ser\u00e1 o tema central das discuss\u00f5es. Com assuntos como &#8220;Adapta\u00e7\u00e3o de instrumentos de avalia\u00e7\u00e3o de ambientes na educa\u00e7\u00e3o infantil&#8221; e &#8220;Avalia\u00e7\u00e3o da educa\u00e7\u00e3o infantil: di\u00e1logos entre estudos, pr\u00e1ticas e pol\u00edticas&#8221;, as exposi\u00e7\u00f5es visam promover uma discuss\u00e3o acerca da situa\u00e7\u00e3o e da qualidade da etapa de educa\u00e7\u00e3o infantil no Brasil.<\/p>\n<p>J\u00e1 em 14, 21 e 28 de maio, o mote dos encontros on-line \u00e9 a avalia\u00e7\u00e3o de programas e pol\u00edticas para fam\u00edlias e crian\u00e7as na primeira inf\u00e2ncia. O debate, que engloba as estrat\u00e9gias de visita\u00e7\u00e3o domiciliar, ser\u00e1 dividido em tr\u00eas webinars: &#8220;Avalia\u00e7\u00e3o de programas e pol\u00edticas na pr\u00e1tica&#8221;, &#8220;Instrumentos de avalia\u00e7\u00e3o do desenvolvimento da crian\u00e7a&#8221; e &#8220;Instrumentos de avalia\u00e7\u00e3o de parentalidade&#8221;.<\/p>\n<p>Os links para participar dos webinars poder\u00e3o ser obtidos no site da Funda\u00e7\u00e3o Maria Cecilia Souto Vidigal:<\/p>\n<p>&#8211; <a href=\"https:\/\/www.fmcsv.org.br\/pt-BR\/noticias\/serie-webinars-avaliacao-qualidade-educacao-infantil\/\">Webinars de educa\u00e7\u00e3o<\/a><\/p>\n<p>&#8211; <a href=\"https:\/\/www.fmcsv.org.br\/pt-BR\/noticias\/serie-webinars-avaliacao-programas-politicas-familias-crian%C3%A7as-primeira-infancia\/\">Webinars de parentalidade<\/a><\/p>\n<p>Tamb\u00e9m \u00e9 poss\u00edvel acompanhar pelo <a href=\"https:\/\/www.facebook.com\/FundacaoMariaCeciliaSoutoVidigal\/\">Facebook<\/a> e pelo <a href=\"https:\/\/www.instagram.com\/fundacaomariacecilia\/\">Instagram<\/a> @fundacaomariacecilia.<\/p>\n","protected":false},"excerpt":{"rendered":"<p>O objetivo \u00e9 impactar positivamente o desenvolvimento de crian\u00e7as, com uma s\u00e9rie de debates on-line sobre educa\u00e7\u00e3o infantil e parentalidade &nbsp; A Funda\u00e7\u00e3o Maria Cecilia Souto Vidigal realiza uma s\u00e9rie de debates on-line sobre educa\u00e7\u00e3o infantil e parentalidade. Com apoio do Ita\u00fa Social, os webinars gratuitos ocorrem durante todo o m\u00eas de maio e s\u00e3o destinados a professores, educadores, profissionais [&hellip;]<\/p>\n","protected":false},"author":106,"featured_media":1153,"comment_status":"open","ping_status":"open","sticky":false,"template":"","format":"standard","meta":{"footnotes":""},"categories":[1],"tags":[268,17,269],"class_list":["post-1164","post","type-post","status-publish","format-standard","has-post-thumbnail","hentry","category-sem-categoria","tag-fundacao-maria-cecilia","tag-educacao-infantil","tag-webinars"],"_links":{"self":[{"href":"https:\/\/blogs.correiobraziliense.com.br\/primeirainfancia\/wp-json\/wp\/v2\/posts\/1164","targetHints":{"allow":["GET"]}}],"collection":[{"href":"https:\/\/blogs.correiobraziliense.com.br\/primeirainfancia\/wp-json\/wp\/v2\/posts"}],"about":[{"href":"https:\/\/blogs.correiobraziliense.com.br\/primeirainfancia\/wp-json\/wp\/v2\/types\/post"}],"author":[{"embeddable":true,"href":"https:\/\/blogs.correiobraziliense.com.br\/primeirainfancia\/wp-json\/wp\/v2\/users\/106"}],"replies":[{"embeddable":true,"href":"https:\/\/blogs.correiobraziliense.com.br\/primeirainfancia\/wp-json\/wp\/v2\/comments?post=1164"}],"version-history":[{"count":0,"href":"https:\/\/blogs.correiobraziliense.com.br\/primeirainfancia\/wp-json\/wp\/v2\/posts\/1164\/revisions"}],"wp:attachment":[{"href":"https:\/\/blogs.correiobraziliense.com.br\/primeirainfancia\/wp-json\/wp\/v2\/media?parent=1164"}],"wp:term":[{"taxonomy":"category","embeddable":true,"href":"https:\/\/blogs.correiobraziliense.com.br\/primeirainfancia\/wp-json\/wp\/v2\/categories?post=1164"},{"taxonomy":"post_tag","embeddable":true,"href":"https:\/\/blogs.correiobraziliense.com.br\/primeirainfancia\/wp-json\/wp\/v2\/tags?post=1164"}],"curies":[{"name":"wp","href":"https:\/\/api.w.org\/{rel}","templated":true}]}}