{"id":1135,"date":"2020-03-31T23:14:44","date_gmt":"2020-03-31T23:14:44","guid":{"rendered":"https:\/\/blogs.correiobraziliense.com.br\/primeirainfancia\/?p=1135"},"modified":"2020-03-31T23:14:44","modified_gmt":"2020-03-31T23:14:44","slug":"gdf-abrira-cinco-mil-vagas-em-creches-particulares","status":"publish","type":"post","link":"https:\/\/blogs.correiobraziliense.com.br\/primeirainfancia\/2020\/03\/31\/gdf-abrira-cinco-mil-vagas-em-creches-particulares\/","title":{"rendered":"GDF abrir\u00e1 cinco mil vagas em creches particulares"},"content":{"rendered":"<p>Institui\u00e7\u00f5es interessadas em participar do Cart\u00e3o Creche poder\u00e3o se cadastrar a partir desta semana<\/p>\n<p><img loading=\"lazy\" decoding=\"async\" class=\"aligncenter size-full wp-image-1136\" src=\"https:\/\/blogs.correiobraziliense.com.br\/primeirainfancia\/wp-content\/uploads\/sites\/49\/2020\/03\/1-1.jpg\" alt=\"\" width=\"750\" height=\"500\" srcset=\"https:\/\/blogs.correiobraziliense.com.br\/primeirainfancia\/wp-content\/uploads\/sites\/49\/2020\/03\/1-1.jpg 750w, https:\/\/blogs.correiobraziliense.com.br\/primeirainfancia\/wp-content\/uploads\/sites\/49\/2020\/03\/1-1-300x200.jpg 300w, https:\/\/blogs.correiobraziliense.com.br\/primeirainfancia\/wp-content\/uploads\/sites\/49\/2020\/03\/1-1-550x367.jpg 550w, https:\/\/blogs.correiobraziliense.com.br\/primeirainfancia\/wp-content\/uploads\/sites\/49\/2020\/03\/1-1-230x153.jpg 230w\" sizes=\"auto, (max-width: 750px) 100vw, 750px\" \/><\/p>\n<p>A partir de quinta-feira (2), as empresas e institui\u00e7\u00f5es educacionais interessadas em participar do Cart\u00e3o Creche poder\u00e3o se credenciar por e-mail. Lan\u00e7ado em fevereiro deste ano pelo governador Ibaneis Rocha, o benef\u00edcio possibilitar\u00e1 a cria\u00e7\u00e3o de cinco mil vagas para crian\u00e7as de zero a 3 anos em creches particulares.<\/p>\n<p>Em raz\u00e3o das medidas de preven\u00e7\u00e3o contra o coronav\u00edrus, o credenciamento ser\u00e1 feito virtualmente. Para isso, \u00e9 necess\u00e1rio enviar a documenta\u00e7\u00e3o digitalizada em formato pdf para o endere\u00e7o cartaocreche@desenvolvimento.df.gov.br. As creches conveniadas com a Secretaria de Educa\u00e7\u00e3o n\u00e3o poder\u00e3o ser inscritas para prestar este servi\u00e7o.<\/p>\n<p>A documenta\u00e7\u00e3o ser\u00e1 inserida no Sistema Eletr\u00f4nico de Informa\u00e7\u00f5es e receber\u00e1 um n\u00famero para acompanhamento pelo site da Secretaria de Desenvolvimento Econ\u00f4mico (<a href=\"http:\/\/www.sde.df.gov.br\/\">SDE<\/a>).<\/p>\n<p>O processo tamb\u00e9m pode ser acompanhado pelo servi\u00e7o remoto do Simplifica PJ. Nos sites da SDE e da Secretaria de Educa\u00e7\u00e3o (<a href=\"http:\/\/www.sde.df.gov.br\/\">SEE-DF<\/a>), \u00e9 poss\u00edvel acompanhar o andamento do credenciamento no dia 10 de cada m\u00eas.<\/p>\n<h3>Sobre o programa<\/h3>\n<p>O Cart\u00e3o Creche \u00e9 uma iniciativa da SDE com a Secretaria de Educa\u00e7\u00e3o e o Banco Regional de Bras\u00edlia (BRB) e \u00e9 coordenado pelo Conselho de Pol\u00edticas P\u00fablicas e Gest\u00e3o Governamental, vinculado diretamente ao gabinete do governador Ibaneis Rocha.<\/p>\n<p>Al\u00e9m deste programa, a SDE administra o Cart\u00e3o Material Escolar e o Pequenos Reparos nas Escolas, lan\u00e7ados no in\u00edcio deste ano.<\/p>\n<p>O primeiro habilitou 430 papelarias para comercializar itens escolares. O outro teve cadastrados 542 profissionais que est\u00e3o prontos para trabalhar como bombeiros hidr\u00e1ulicos, chaveiros, eletricistas, jardineiros, pedreiros, pintores, serralheiros, t\u00e9cnicos em eletr\u00f4nica e t\u00e9cnicos em inform\u00e1tica.<\/p>\n","protected":false},"excerpt":{"rendered":"<p>Institui\u00e7\u00f5es interessadas em participar do Cart\u00e3o Creche poder\u00e3o se cadastrar a partir desta semana A partir de quinta-feira (2), as empresas e institui\u00e7\u00f5es educacionais interessadas em participar do Cart\u00e3o Creche poder\u00e3o se credenciar por e-mail. Lan\u00e7ado em fevereiro deste ano pelo governador Ibaneis Rocha, o benef\u00edcio possibilitar\u00e1 a cria\u00e7\u00e3o de cinco mil vagas para crian\u00e7as de zero a 3 anos [&hellip;]<\/p>\n","protected":false},"author":106,"featured_media":1136,"comment_status":"open","ping_status":"open","sticky":false,"template":"","format":"standard","meta":{"footnotes":""},"categories":[1],"tags":[260,139,17],"class_list":["post-1135","post","type-post","status-publish","format-standard","has-post-thumbnail","hentry","category-sem-categoria","tag-cartao-creche","tag-creches","tag-educacao-infantil"],"_links":{"self":[{"href":"https:\/\/blogs.correiobraziliense.com.br\/primeirainfancia\/wp-json\/wp\/v2\/posts\/1135","targetHints":{"allow":["GET"]}}],"collection":[{"href":"https:\/\/blogs.correiobraziliense.com.br\/primeirainfancia\/wp-json\/wp\/v2\/posts"}],"about":[{"href":"https:\/\/blogs.correiobraziliense.com.br\/primeirainfancia\/wp-json\/wp\/v2\/types\/post"}],"author":[{"embeddable":true,"href":"https:\/\/blogs.correiobraziliense.com.br\/primeirainfancia\/wp-json\/wp\/v2\/users\/106"}],"replies":[{"embeddable":true,"href":"https:\/\/blogs.correiobraziliense.com.br\/primeirainfancia\/wp-json\/wp\/v2\/comments?post=1135"}],"version-history":[{"count":2,"href":"https:\/\/blogs.correiobraziliense.com.br\/primeirainfancia\/wp-json\/wp\/v2\/posts\/1135\/revisions"}],"predecessor-version":[{"id":1138,"href":"https:\/\/blogs.correiobraziliense.com.br\/primeirainfancia\/wp-json\/wp\/v2\/posts\/1135\/revisions\/1138"}],"wp:featuredmedia":[{"embeddable":true,"href":"https:\/\/blogs.correiobraziliense.com.br\/primeirainfancia\/wp-json\/wp\/v2\/media\/1136"}],"wp:attachment":[{"href":"https:\/\/blogs.correiobraziliense.com.br\/primeirainfancia\/wp-json\/wp\/v2\/media?parent=1135"}],"wp:term":[{"taxonomy":"category","embeddable":true,"href":"https:\/\/blogs.correiobraziliense.com.br\/primeirainfancia\/wp-json\/wp\/v2\/categories?post=1135"},{"taxonomy":"post_tag","embeddable":true,"href":"https:\/\/blogs.correiobraziliense.com.br\/primeirainfancia\/wp-json\/wp\/v2\/tags?post=1135"}],"curies":[{"name":"wp","href":"https:\/\/api.w.org\/{rel}","templated":true}]}}