{"id":1073,"date":"2019-12-15T22:40:21","date_gmt":"2019-12-15T22:40:21","guid":{"rendered":"https:\/\/blogs.correiobraziliense.com.br\/primeirainfancia\/?p=1073"},"modified":"2019-12-15T22:40:21","modified_gmt":"2019-12-15T22:40:21","slug":"gdf-promete-mais-67-mil-vagas-em-creches-em-2020-em-cepis-e-convenios","status":"publish","type":"post","link":"https:\/\/blogs.correiobraziliense.com.br\/primeirainfancia\/2019\/12\/15\/gdf-promete-mais-67-mil-vagas-em-creches-em-2020-em-cepis-e-convenios\/","title":{"rendered":"GDF promete mais 6,7 mil vagas em creches em 2020 em Cepis e conv\u00eanios"},"content":{"rendered":"<p>O Governo do Distrito Federal prometeu criar mais de 6,7 mil novas vagas em creches em 2020. A meta \u00e9 inaugurar 10 novas unidades, al\u00e9m de ampliar conv\u00eanios a fim de garantir as novas vagas. O GDF se comprometeu a entregar cinco novos Centros de Ensino da Primeira Inf\u00e2ncia (Cepi) no primeiro semestre e outros cinco no segundo semestre do ano. A constru\u00e7\u00e3o deles custar\u00e1 R$ 35 milh\u00f5es, oriundos do Fundo Nacional de Desenvolvimento da Educa\u00e7\u00e3o (FNDE).<\/p>\n<figure id=\"attachment_1074\" aria-describedby=\"caption-attachment-1074\" style=\"width: 750px\" class=\"wp-caption aligncenter\"><img loading=\"lazy\" decoding=\"async\" class=\"size-full wp-image-1074\" src=\"https:\/\/blogs.correiobraziliense.com.br\/primeirainfancia\/wp-content\/uploads\/sites\/49\/2019\/12\/1.jpg\" alt=\"\" width=\"750\" height=\"500\" srcset=\"https:\/\/blogs.correiobraziliense.com.br\/primeirainfancia\/wp-content\/uploads\/sites\/49\/2019\/12\/1.jpg 750w, https:\/\/blogs.correiobraziliense.com.br\/primeirainfancia\/wp-content\/uploads\/sites\/49\/2019\/12\/1-300x200.jpg 300w, https:\/\/blogs.correiobraziliense.com.br\/primeirainfancia\/wp-content\/uploads\/sites\/49\/2019\/12\/1-550x367.jpg 550w, https:\/\/blogs.correiobraziliense.com.br\/primeirainfancia\/wp-content\/uploads\/sites\/49\/2019\/12\/1-230x153.jpg 230w\" sizes=\"auto, (max-width: 750px) 100vw, 750px\" \/><figcaption id=\"caption-attachment-1074\" class=\"wp-caption-text\">O Cepi Mandacaru, em Samambaia. Foto: Arquivo\/ Ag\u00eancia Bras\u00edlia<\/figcaption><\/figure>\n<p>Cada Cepi atender\u00e1 174 crian\u00e7as \u2014 com a inaugura\u00e7\u00e3o de 10 unidades, deve-se chegar a um total de 1.740 meninos e meninos atendidos. Outras 5 mil vagas devem ser criadas por meio de conv\u00eanios com creches particulares.O d\u00e9ficit de vagas para crian\u00e7as de at\u00e9 3 anos em creche chega a 20 mil no DF. A lista de pais inscritos por uma vaga est\u00e1 sempre crescendo. Segundo a Secretaria de Educa\u00e7\u00e3o do Distrito Federal, a iniciativa de criar 6,7 mil postos deve acabar com 30% da espera em 2020.<\/p>\n<p>\u201cA busca por vagas \u00e9 alta, mas nosso esfor\u00e7o est\u00e1 voltado para reduzir sensivelmente essa car\u00eancia\u201d, declarou \u00e0 Ag\u00eancia Bras\u00edlia o secret\u00e1rio de Educa\u00e7\u00e3o do DF, Jo\u00e3o Pedro Ferraz. \u00c0 Ag\u00eancia Bras\u00edlia, o governador Ibabeis Rocha afirmou que \u201cuma mulher que tem com quem deixar o filho se mant\u00e9m no mercado de trabalho, tem independ\u00eancia financeira e, inclusive, mais autonomia para n\u00e3o sofrer viol\u00eancia dom\u00e9stica\u201d.<\/p>\n<p>Assim, aumentar o n\u00famero de atendimentos de creche na primeira inf\u00e2ncia traz impactos social, econ\u00f4mico, trabalhista, pol\u00edtico, entre outros. O Buriti tamb\u00e9m estuda aumentar as vagas em educa\u00e7\u00e3o integral por meio de rede credenciada para oferecer atividades extra-classe, como cursos de idiomas, profissionalizantes e esportivos.<\/p>\n<h3>Saiba mais<\/h3>\n<p>Quer colocar seu filho numa creche p\u00fablica? As matr\u00edculas para creche na rede p\u00fablica s\u00e3o feitas a qualquer \u00e9poca do ano pelo telefone 156 ou na regional de ensino de cada cidade. <a href=\"http:\/\/www.se.df.gov.br\/\">Saiba onde fica a creche mais pr\u00f3xima pelo site.<\/a><\/p>\n<p>Leia mais sobre creches <a href=\"https:\/\/blogs.correiobraziliense.com.br\/primeirainfancia\/category\/creche\/\">aqui.<\/a><\/p>\n","protected":false},"excerpt":{"rendered":"<p>O Governo do Distrito Federal prometeu criar mais de 6,7 mil novas vagas em creches em 2020. A meta \u00e9 inaugurar 10 novas unidades, al\u00e9m de ampliar conv\u00eanios a fim de garantir as novas vagas. O GDF se comprometeu a entregar cinco novos Centros de Ensino da Primeira Inf\u00e2ncia (Cepi) no primeiro semestre e outros cinco no segundo semestre do [&hellip;]<\/p>\n","protected":false},"author":106,"featured_media":1074,"comment_status":"open","ping_status":"open","sticky":false,"template":"","format":"standard","meta":{"footnotes":""},"categories":[1],"tags":[5,249,27,68],"class_list":["post-1073","post","type-post","status-publish","format-standard","has-post-thumbnail","hentry","category-sem-categoria","tag-creche","tag-creches-publicas","tag-df","tag-gdf"],"_links":{"self":[{"href":"https:\/\/blogs.correiobraziliense.com.br\/primeirainfancia\/wp-json\/wp\/v2\/posts\/1073","targetHints":{"allow":["GET"]}}],"collection":[{"href":"https:\/\/blogs.correiobraziliense.com.br\/primeirainfancia\/wp-json\/wp\/v2\/posts"}],"about":[{"href":"https:\/\/blogs.correiobraziliense.com.br\/primeirainfancia\/wp-json\/wp\/v2\/types\/post"}],"author":[{"embeddable":true,"href":"https:\/\/blogs.correiobraziliense.com.br\/primeirainfancia\/wp-json\/wp\/v2\/users\/106"}],"replies":[{"embeddable":true,"href":"https:\/\/blogs.correiobraziliense.com.br\/primeirainfancia\/wp-json\/wp\/v2\/comments?post=1073"}],"version-history":[{"count":1,"href":"https:\/\/blogs.correiobraziliense.com.br\/primeirainfancia\/wp-json\/wp\/v2\/posts\/1073\/revisions"}],"predecessor-version":[{"id":1075,"href":"https:\/\/blogs.correiobraziliense.com.br\/primeirainfancia\/wp-json\/wp\/v2\/posts\/1073\/revisions\/1075"}],"wp:featuredmedia":[{"embeddable":true,"href":"https:\/\/blogs.correiobraziliense.com.br\/primeirainfancia\/wp-json\/wp\/v2\/media\/1074"}],"wp:attachment":[{"href":"https:\/\/blogs.correiobraziliense.com.br\/primeirainfancia\/wp-json\/wp\/v2\/media?parent=1073"}],"wp:term":[{"taxonomy":"category","embeddable":true,"href":"https:\/\/blogs.correiobraziliense.com.br\/primeirainfancia\/wp-json\/wp\/v2\/categories?post=1073"},{"taxonomy":"post_tag","embeddable":true,"href":"https:\/\/blogs.correiobraziliense.com.br\/primeirainfancia\/wp-json\/wp\/v2\/tags?post=1073"}],"curies":[{"name":"wp","href":"https:\/\/api.w.org\/{rel}","templated":true}]}}